{"id":602223,"date":"2023-05-25T15:36:15","date_gmt":"2023-05-25T11:36:15","guid":{"rendered":"https:\/\/arantv.az\/?p=602223"},"modified":"2023-05-25T15:36:15","modified_gmt":"2023-05-25T11:36:15","slug":"m%c9%99kt%c9%99b-direktoru-haqqinda-paylasimlar-ed%c9%99n-katib%c9%99y%c9%99-c%c9%99za-verildi","status":"publish","type":"post","link":"https:\/\/arantv.az\/?p=602223","title":{"rendered":"M\u0259kt\u0259b direktoru haqq\u0131nda payla\u015f\u0131mlar ed\u0259n katib\u0259y\u0259 c\u0259za verildi"},"content":{"rendered":"<p>Astara rayon F.\u018fliyarov ad\u0131na 6 sayl\u0131 tam orta m\u0259kt\u0259bin direktoru \u00dclviyy\u0259 Bayramova il\u0259 katib\u0259 Valid\u0259 M\u0259mm\u0259dova aras\u0131ndak\u0131 qalmaqalla ba\u011fl\u0131 m\u0259hk\u0259m\u0259 prosesi ba\u015fa \u00e7at\u0131b.<\/p>\n<p>\u201cQafqazinfo\u201dnun \u0259ld\u0259 etdiyi m\u0259lumata g\u00f6r\u0259, Astara Rayon M\u0259hk\u0259m\u0259sind\u0259 V.M\u0259mm\u0259dova bar\u0259sind\u0259 direktorun etdiyi x\u00fcsusi ittiham qaydas\u0131ndak\u0131 \u015fikay\u0259t\u0259 bax\u0131l\u0131b. \u00dc.Bayramova katib\u0259nin Cinay\u0259t M\u0259c\u0259ll\u0259sinin 147.2-ci (b\u00f6htan) madd\u0259sin\u0259 uy\u011fun c\u0259zaland\u0131r\u0131lmas\u0131n\u0131 t\u0259l\u0259b edib.<\/p>\n<p>Ara\u015fd\u0131rmalar zaman\u0131 m\u0259lum olub ki, Valid\u0259 M\u0259mm\u0259dova direktora o\u011flunu i\u015f\u0259 g\u00f6t\u00fcr\u00fclm\u0259si il\u0259 ba\u011fl\u0131 m\u00fcraci\u0259t edib. \u00dclviyy\u0259 Bayramova m\u0259kt\u0259bd\u0259 yaranacaq vakant yer\u0259 qaydalara uy\u011fun olaraq \u015f\u0259hid ail\u0259 \u00fczvl\u0259rind\u0259n, qazi v\u0259 m\u00fcharib\u0259 i\u015ftirak\u00e7\u0131lar\u0131ndan m\u00fcraci\u0259t ed\u0259n olmayaca\u011f\u0131 t\u0259qdird\u0259 Valid\u0259 M\u0259mm\u0259dovan\u0131n o\u011flunun i\u015fl\u0259 t\u0259min olunmas\u0131na k\u00f6m\u0259klik g\u00f6st\u0259r\u0259c\u0259yini bildirib. Lakin m\u0259kt\u0259bd\u0259 yaranm\u0131\u015f vakant yer\u0259 \u015f\u0259hid ail\u0259si \u00fczv\u00fcn\u00fcn g\u00f6t\u00fcr\u00fclm\u0259si Valid\u0259 M\u0259mm\u0259dovan\u0131n direktora qar\u015f\u0131 m\u00fcnasib\u0259tinin d\u0259yi\u015fm\u0259sin\u0259 s\u0259b\u0259b olub. Valid\u0259 M\u0259mm\u0259dova m\u00fcxt\u0259lif d\u00f6vl\u0259t orqanlar\u0131na \u015fikay\u0259t m\u0259ktublar\u0131 yazaraq direktoru r\u00fc\u015fv\u0259txorluqda v\u0259 v\u0259zif\u0259 s\u0259lahiyy\u0259tl\u0259rind\u0259n sui-istifad\u0259 etm\u0259kd\u0259 ittiham edib. \u015eikay\u0259t m\u0259ktublar\u0131 ara\u015fd\u0131r\u0131l\u0131b, m\u0259kt\u0259bd\u0259 v\u0259zif\u0259 s\u0259lahiyy\u0259tl\u0259rind\u0259n sui-istifad\u0259, r\u00fc\u015fv\u0259txorluq v\u0259 korrupsiya hallar\u0131n\u0131n olmad\u0131\u011f\u0131 m\u00fc\u0259yy\u0259n edilib.<\/p>\n<p>Direktor \u00dclviyy\u0259 Bayramova m\u0259hk\u0259m\u0259d\u0259 V.M\u0259mm\u0259dovan\u0131n qanunun t\u0259l\u0259bin\u0259 uy\u011fun \u015f\u0259kild\u0259 c\u0259zaland\u0131r\u0131lmas\u0131n\u0131 t\u0259l\u0259b edib.<\/p>\n<p>V.M\u0259mm\u0259dova is\u0259 \u00f6z\u00fcn\u00fc t\u0259qsirli bilm\u0259yib:<\/p>\n<p>\u201c1999-cu ild\u0259n h\u0259min m\u0259kt\u0259bd\u0259 \u00e7al\u0131\u015f\u0131ram. \u00dclviyy\u0259 Bayramova direktor t\u0259yin olunandan sonra pul y\u0131\u011fd\u0131rma\u011fa ba\u015flad\u0131, i\u015f\u00e7il\u0259rd\u0259n m\u00fcxt\u0259lif adlarla d\u0259f\u0259l\u0259rl\u0259 pul al\u0131b. B\u00fct\u00fcn bunlara g\u00f6r\u0259 d\u0259 internetd\u0259 onun r\u00fc\u015fv\u0259txorlu\u011fu, saxtakarl\u0131\u011f\u0131, m\u0259n\u0259 t\u0259zyiq etm\u0259si bar\u0259sind\u0259 yaz\u0131b, payla\u015f\u0131m etmi\u015f\u0259m, m\u0259kt\u0259bin h\u0259mkarlar t\u0259\u015fkilat\u0131n\u0131n iclas\u0131nda \u00e7\u0131x\u0131\u015f etmi\u015f\u0259m. Hesab edir\u0259m ki, dedikl\u0259rim h\u0259qiq\u0259tdir\u201d.<\/p>\n<p>Astara Rayon M\u0259hk\u0259m\u0259si direktorun \u015fikay\u0259tini t\u0259min edib. V.M\u0259mm\u0259dovaya qazanc\u0131n\u0131n 10 faizi d\u00f6vl\u0259t n\u0259fin\u0259 tutulmaqla alt\u0131 ay islah i\u015fl\u0259ri c\u0259zas\u0131 verilib.<\/p>\n","protected":false},"excerpt":{"rendered":"<p>Astara rayon F.\u018fliyarov ad\u0131na 6 sayl\u0131 tam orta m\u0259kt\u0259bin direktoru \u00dclviyy\u0259 Bayramova il\u0259 katib\u0259 Valid\u0259 M\u0259mm\u0259dova aras\u0131ndak\u0131 qalmaqalla ba\u011fl\u0131 m\u0259hk\u0259m\u0259 prosesi ba\u015fa \u00e7at\u0131b. \u201cQafqazinfo\u201dnun \u0259ld\u0259 etdiyi m\u0259lumata g\u00f6r\u0259, Astara Rayon M\u0259hk\u0259m\u0259sind\u0259 V.M\u0259mm\u0259dova bar\u0259sind\u0259 direktorun etdiyi x\u00fcsusi ittiham qaydas\u0131ndak\u0131 \u015fikay\u0259t\u0259 bax\u0131l\u0131b. \u00dc.Bayramova katib\u0259nin Cinay\u0259t M\u0259c\u0259ll\u0259sinin 147.2-ci (b\u00f6htan) madd\u0259sin\u0259 uy\u011fun c\u0259zaland\u0131r\u0131lmas\u0131n\u0131 t\u0259l\u0259b edib. Ara\u015fd\u0131rmalar zaman\u0131 m\u0259lum olub ki, Valid\u0259 M\u0259mm\u0259dova direktora o\u011flunu i\u015f\u0259 g\u00f6t\u00fcr\u00fclm\u0259si il\u0259 ba\u011fl\u0131 m\u00fcraci\u0259t edib. \u00dclviyy\u0259 Bayramova m\u0259kt\u0259bd\u0259 yaranacaq vakant yer\u0259 qaydalara uy\u011fun olaraq \u015f\u0259hid ail\u0259 \u00fczvl\u0259rind\u0259n, qazi v\u0259 m\u00fcharib\u0259 i\u015ftirak\u00e7\u0131lar\u0131ndan m\u00fcraci\u0259t ed\u0259n olmayaca\u011f\u0131 t\u0259qdird\u0259 Valid\u0259 M\u0259mm\u0259dovan\u0131n o\u011flunun i\u015fl\u0259&hellip;<\/p>\n","protected":false},"author":2,"featured_media":602224,"comment_status":"closed","ping_status":"closed","sticky":false,"template":"","format":"standard","meta":{"om_disable_all_campaigns":false,"_monsterinsights_skip_tracking":false,"_monsterinsights_sitenote_active":false,"_monsterinsights_sitenote_note":"","_monsterinsights_sitenote_category":0},"categories":[23],"tags":[],"aioseo_notices":[],"gutentor_comment":0,"rttpg_featured_image_url":{"full":["https:\/\/arantv.az\/wp-content\/uploads\/2023\/05\/FotoJet-29.jpg",620,413,false],"landscape":["https:\/\/arantv.az\/wp-content\/uploads\/2023\/05\/FotoJet-29.jpg",620,413,false],"portraits":["https:\/\/arantv.az\/wp-content\/uploads\/2023\/05\/FotoJet-29.jpg",620,413,false],"thumbnail":["https:\/\/arantv.az\/wp-content\/uploads\/2023\/05\/FotoJet-29-500x280.jpg",500,280,true],"medium":["https:\/\/arantv.az\/wp-content\/uploads\/2023\/05\/FotoJet-29-548x365.jpg",548,365,true],"large":["https:\/\/arantv.az\/wp-content\/uploads\/2023\/05\/FotoJet-29.jpg",620,413,false],"1536x1536":["https:\/\/arantv.az\/wp-content\/uploads\/2023\/05\/FotoJet-29.jpg",620,413,false],"2048x2048":["https:\/\/arantv.az\/wp-content\/uploads\/2023\/05\/FotoJet-29.jpg",620,413,false],"post-thumbnail":["https:\/\/arantv.az\/wp-content\/uploads\/2023\/05\/FotoJet-29-240x172.jpg",240,172,true],"advps-thumb-one":["https:\/\/arantv.az\/wp-content\/uploads\/2023\/05\/FotoJet-29.jpg",620,413,false]},"rttpg_author":{"display_name":"V\u00fcsal Rafiqo\u011flu","author_link":"https:\/\/arantv.az\/?author=2"},"rttpg_comment":0,"rttpg_category":"<a href=\"https:\/\/arantv.az\/?cat=23\" rel=\"category\">T\u0259hsil<\/a>","rttpg_excerpt":"Astara rayon F.\u018fliyarov ad\u0131na 6 sayl\u0131 tam orta m\u0259kt\u0259bin direktoru \u00dclviyy\u0259 Bayramova il\u0259 katib\u0259 Valid\u0259 M\u0259mm\u0259dova aras\u0131ndak\u0131 qalmaqalla ba\u011fl\u0131 m\u0259hk\u0259m\u0259 prosesi ba\u015fa \u00e7at\u0131b. \u201cQafqazinfo\u201dnun \u0259ld\u0259 etdiyi m\u0259lumata g\u00f6r\u0259, Astara Rayon M\u0259hk\u0259m\u0259sind\u0259 V.M\u0259mm\u0259dova bar\u0259sind\u0259 direktorun etdiyi x\u00fcsusi ittiham qaydas\u0131ndak\u0131 \u015fikay\u0259t\u0259 bax\u0131l\u0131b. \u00dc.Bayramova katib\u0259nin Cinay\u0259t M\u0259c\u0259ll\u0259sinin 147.2-ci (b\u00f6htan) madd\u0259sin\u0259 uy\u011fun c\u0259zaland\u0131r\u0131lmas\u0131n\u0131 t\u0259l\u0259b edib. Ara\u015fd\u0131rmalar zaman\u0131 m\u0259lum olub&hellip;","_links":{"self":[{"href":"https:\/\/arantv.az\/index.php?rest_route=\/wp\/v2\/posts\/602223"}],"collection":[{"href":"https:\/\/arantv.az\/index.php?rest_route=\/wp\/v2\/posts"}],"about":[{"href":"https:\/\/arantv.az\/index.php?rest_route=\/wp\/v2\/types\/post"}],"author":[{"embeddable":true,"href":"https:\/\/arantv.az\/index.php?rest_route=\/wp\/v2\/users\/2"}],"replies":[{"embeddable":true,"href":"https:\/\/arantv.az\/index.php?rest_route=%2Fwp%2Fv2%2Fcomments&post=602223"}],"version-history":[{"count":0,"href":"https:\/\/arantv.az\/index.php?rest_route=\/wp\/v2\/posts\/602223\/revisions"}],"wp:featuredmedia":[{"embeddable":true,"href":"https:\/\/arantv.az\/index.php?rest_route=\/wp\/v2\/media\/602224"}],"wp:attachment":[{"href":"https:\/\/arantv.az\/index.php?rest_route=%2Fwp%2Fv2%2Fmedia&parent=602223"}],"wp:term":[{"taxonomy":"category","embeddable":true,"href":"https:\/\/arantv.az\/index.php?rest_route=%2Fwp%2Fv2%2Fcategories&post=602223"},{"taxonomy":"post_tag","embeddable":true,"href":"https:\/\/arantv.az\/index.php?rest_route=%2Fwp%2Fv2%2Ftags&post=602223"}],"curies":[{"name":"wp","href":"https:\/\/api.w.org\/{rel}","templated":true}]}}