{"id":602226,"date":"2023-05-25T15:37:38","date_gmt":"2023-05-25T11:37:38","guid":{"rendered":"https:\/\/arantv.az\/?p=602226"},"modified":"2023-05-25T15:37:38","modified_gmt":"2023-05-25T11:37:38","slug":"ulu-ond%c9%99rin-100-illik-yubileyin%c9%99-h%c9%99sr-olunmus-r%c9%99sm-musabiq%c9%99si-kecirilib-foto","status":"publish","type":"post","link":"https:\/\/arantv.az\/?p=602226","title":{"rendered":"Ulu \u00f6nd\u0259rin 100 illik yubileyin\u0259 h\u0259sr olunmu\u015f r\u0259sm m\u00fcsabiq\u0259si ke\u00e7irilib &#8211; FOTO"},"content":{"rendered":"<p>Bak\u0131 \u015e\u0259h\u0259r \u0130cra Hakimiyy\u0259ti v\u0259 Az\u0259rbaycan Respublikas\u0131 Elm v\u0259 T\u0259hsil Nazirliyinin birg\u0259 t\u0259\u015fkilat\u00e7\u0131l\u0131\u011f\u0131 il\u0259 paytaxt\u0131n \u00fcmumt\u0259hsil m\u0259kt\u0259bl\u0259rinin \u015fagirdl\u0259ri aras\u0131nda xalq\u0131m\u0131z\u0131n \u00fcmummilli lideri Heyd\u0259r \u018fliyevin 100 illik yubileyin\u0259 h\u0259sr olunmu\u015f \u201cUlu \u00f6nd\u0259ri d\u00fc\u015f\u00fcn\u0259rk\u0259n\u201d adl\u0131 r\u0259sm m\u00fcsabiq\u0259sin\u0259 yekun vurulub.<\/p>\n<p>Bu bar\u0259d\u0259 Bak\u0131 \u015e\u0259h\u0259r \u0130cra Hakimiyy\u0259tinin M\u0259tbuat Xidm\u0259tind\u0259n m\u0259lumat verilib.<\/p>\n<p>Bildirilib ki, \u201cHeyd\u0259r \u018fliyev \u0130li\u201d \u00e7\u0259r\u00e7iv\u0259sind\u0259 ke\u00e7iril\u0259n m\u00fcsabiq\u0259 iki m\u0259rh\u0259l\u0259d\u0259 ke\u00e7irilib, paytaxt\u0131n b\u00fct\u00fcn rayonlar\u0131nda ke\u00e7iril\u0259n m\u0259rh\u0259l\u0259d\u0259 qalib elan edil\u0259n r\u0259sm \u0259s\u0259rl\u0259ri \u015f\u0259h\u0259r m\u0259rh\u0259l\u0259sin\u0259 t\u0259qdim edilib. \u00dcmumilikd\u0259 is\u0259, ilkin m\u0259rh\u0259l\u0259d\u0259 250-d\u0259n \u00e7ox \u00fcmumt\u0259hsil m\u0259kt\u0259binin 400-\u0259 yax\u0131n \u015fagirdi \u00f6z r\u0259sml\u0259ri il\u0259 i\u015ftirak edib v\u0259 h\u0259min m\u0259rh\u0259l\u0259d\u0259 se\u00e7il\u0259n r\u0259sml\u0259r m\u00fcsabiq\u0259nin \u015f\u0259h\u0259r m\u0259rh\u0259l\u0259sind\u0259 n\u00fcmayi\u015f etdirilib.<\/p>\n<p>Bayramsaya\u011f\u0131 b\u0259z\u0259dilmi\u015f Nizami G\u0259nc\u0259vi ad\u0131na m\u0259d\u0259niyy\u0259t v\u0259 istirah\u0259t park\u0131nda ulu \u00f6nd\u0259r Heyd\u0259r \u018fliyevin 100 illik yubileyin\u0259 h\u0259sr olunmu\u015f \u201cUlu \u00f6nd\u0259ri d\u00fc\u015f\u00fcn\u0259rk\u0259n\u201d adl\u0131 r\u0259sm m\u00fcsabiq\u0259sind\u0259 f\u0259rql\u0259n\u0259n r\u0259ssamlar\u0131n \u0259l i\u015fl\u0259rind\u0259n ibar\u0259t s\u0259rgi v\u0259 m\u00fcsabiq\u0259nin yekun m\u0259rasimi t\u0259\u015fkil edilib. \u0130\u015ftirak\u00e7\u0131lar\u0131n r\u0259sml\u0259ri t\u0259dbirin qonaqlar\u0131 v\u0259 parka topla\u015fan paytaxt sakinl\u0259ri t\u0259r\u0259find\u0259n b\u00f6y\u00fck maraqla qar\u015f\u0131lan\u0131b. G\u0259nc r\u0259ssamlar \u00f6z \u0259s\u0259rl\u0259rinin n\u00fcmayi\u015fi zaman\u0131 tama\u015fa\u00e7\u0131lara \u0259s\u0259rl\u0259ri il\u0259 ba\u011fl\u0131 izahlar veribl\u0259r.<\/p>\n<p>M\u0259kt\u0259blil\u0259rin m\u00fcxt\u0259lif m\u00f6vzularda t\u0259qdim etdikl\u0259ri r\u0259sml\u0259rin qiym\u0259tl\u0259ndirilm\u0259si Az\u0259rbaycan R\u0259ssamlar \u0130ttifaq\u0131n\u0131n, R\u0259ssaml\u0131q Akademiyas\u0131n\u0131n pe\u015f\u0259kar m\u00fct\u0259x\u0259ssisl\u0259rind\u0259n ibar\u0259t komissiya t\u0259r\u0259find\u0259n h\u0259yata ke\u00e7irilib. M\u00fcsabiq\u0259nin \u015f\u0259rtl\u0259rin\u0259 \u0259sas\u0259n, \u00fc\u00e7 qalib\u0259 pul m\u00fckafat\u0131, yeddi nominasiya \u00fczr\u0259 qalibl\u0259r\u0259 sertifikatlar, m\u00fcsabiq\u0259d\u0259 f\u0259rql\u0259n\u0259n 30 i\u015ftirak\u00e7\u0131ya t\u0259\u015f\u0259kk\u00fcrnam\u0259 v\u0259 dig\u0259r m\u00fckafatlar t\u0259qdim edilib.<br \/>\nT\u0259dbirin qonaqlar\u0131, pedaqoji kollektivl\u0259rin v\u0259 ictimaiyy\u0259tin n\u00fcmay\u0259nd\u0259l\u0259ri park\u0131 g\u0259zib, parkdak\u0131 s\u0259rgi v\u0259 m\u0259kt\u0259blil\u0259rin \u00e7\u0259kdikl\u0259ri r\u0259sml\u0259rl\u0259 tan\u0131\u015f olub v\u0259 m\u0259kt\u0259blil\u0259r, g\u0259nc r\u0259ssamlarla s\u0259mimi s\u00f6hb\u0259tl\u0259r edibl\u0259r.<\/p>\n<p>R\u0259sm m\u00fcsabiq\u0259si t\u0259dbird\u0259 i\u015ftirak ed\u0259n \u015f\u0259h\u0259r sakinl\u0259rinin diqq\u0259tini c\u0259lb edib.<\/p>\n<p>&nbsp;<\/p>\n<p>&nbsp;<\/p>\n<p>&nbsp;<\/p>\n","protected":false},"excerpt":{"rendered":"<p>Bak\u0131 \u015e\u0259h\u0259r \u0130cra Hakimiyy\u0259ti v\u0259 Az\u0259rbaycan Respublikas\u0131 Elm v\u0259 T\u0259hsil Nazirliyinin birg\u0259 t\u0259\u015fkilat\u00e7\u0131l\u0131\u011f\u0131 il\u0259 paytaxt\u0131n \u00fcmumt\u0259hsil m\u0259kt\u0259bl\u0259rinin \u015fagirdl\u0259ri aras\u0131nda xalq\u0131m\u0131z\u0131n \u00fcmummilli lideri Heyd\u0259r \u018fliyevin 100 illik yubileyin\u0259 h\u0259sr olunmu\u015f \u201cUlu \u00f6nd\u0259ri d\u00fc\u015f\u00fcn\u0259rk\u0259n\u201d adl\u0131 r\u0259sm m\u00fcsabiq\u0259sin\u0259 yekun vurulub. Bu bar\u0259d\u0259 Bak\u0131 \u015e\u0259h\u0259r \u0130cra Hakimiyy\u0259tinin M\u0259tbuat Xidm\u0259tind\u0259n m\u0259lumat verilib. Bildirilib ki, \u201cHeyd\u0259r \u018fliyev \u0130li\u201d \u00e7\u0259r\u00e7iv\u0259sind\u0259 ke\u00e7iril\u0259n m\u00fcsabiq\u0259 iki m\u0259rh\u0259l\u0259d\u0259 ke\u00e7irilib, paytaxt\u0131n b\u00fct\u00fcn rayonlar\u0131nda ke\u00e7iril\u0259n m\u0259rh\u0259l\u0259d\u0259 qalib elan edil\u0259n r\u0259sm \u0259s\u0259rl\u0259ri \u015f\u0259h\u0259r m\u0259rh\u0259l\u0259sin\u0259 t\u0259qdim edilib. \u00dcmumilikd\u0259 is\u0259, ilkin m\u0259rh\u0259l\u0259d\u0259 250-d\u0259n \u00e7ox \u00fcmumt\u0259hsil m\u0259kt\u0259binin 400-\u0259 yax\u0131n \u015fagirdi \u00f6z r\u0259sml\u0259ri il\u0259 i\u015ftirak edib v\u0259 h\u0259min&hellip;<\/p>\n","protected":false},"author":2,"featured_media":602227,"comment_status":"closed","ping_status":"closed","sticky":false,"template":"","format":"standard","meta":{"om_disable_all_campaigns":false,"_monsterinsights_skip_tracking":false,"_monsterinsights_sitenote_active":false,"_monsterinsights_sitenote_note":"","_monsterinsights_sitenote_category":0},"categories":[19],"tags":[],"aioseo_notices":[],"gutentor_comment":0,"rttpg_featured_image_url":{"full":["https:\/\/arantv.az\/wp-content\/uploads\/2023\/05\/2e72d175-8fc1-3eda-9937-1bd9f5dcaf6d_850.jpg",620,413,false],"landscape":["https:\/\/arantv.az\/wp-content\/uploads\/2023\/05\/2e72d175-8fc1-3eda-9937-1bd9f5dcaf6d_850.jpg",620,413,false],"portraits":["https:\/\/arantv.az\/wp-content\/uploads\/2023\/05\/2e72d175-8fc1-3eda-9937-1bd9f5dcaf6d_850.jpg",620,413,false],"thumbnail":["https:\/\/arantv.az\/wp-content\/uploads\/2023\/05\/2e72d175-8fc1-3eda-9937-1bd9f5dcaf6d_850-500x280.jpg",500,280,true],"medium":["https:\/\/arantv.az\/wp-content\/uploads\/2023\/05\/2e72d175-8fc1-3eda-9937-1bd9f5dcaf6d_850-548x365.jpg",548,365,true],"large":["https:\/\/arantv.az\/wp-content\/uploads\/2023\/05\/2e72d175-8fc1-3eda-9937-1bd9f5dcaf6d_850.jpg",620,413,false],"1536x1536":["https:\/\/arantv.az\/wp-content\/uploads\/2023\/05\/2e72d175-8fc1-3eda-9937-1bd9f5dcaf6d_850.jpg",620,413,false],"2048x2048":["https:\/\/arantv.az\/wp-content\/uploads\/2023\/05\/2e72d175-8fc1-3eda-9937-1bd9f5dcaf6d_850.jpg",620,413,false],"post-thumbnail":["https:\/\/arantv.az\/wp-content\/uploads\/2023\/05\/2e72d175-8fc1-3eda-9937-1bd9f5dcaf6d_850-240x172.jpg",240,172,true],"advps-thumb-one":["https:\/\/arantv.az\/wp-content\/uploads\/2023\/05\/2e72d175-8fc1-3eda-9937-1bd9f5dcaf6d_850.jpg",620,413,false]},"rttpg_author":{"display_name":"V\u00fcsal Rafiqo\u011flu","author_link":"https:\/\/arantv.az\/?author=2"},"rttpg_comment":0,"rttpg_category":"<a href=\"https:\/\/arantv.az\/?cat=19\" rel=\"category\">G\u00fcnd\u0259m<\/a>","rttpg_excerpt":"Bak\u0131 \u015e\u0259h\u0259r \u0130cra Hakimiyy\u0259ti v\u0259 Az\u0259rbaycan Respublikas\u0131 Elm v\u0259 T\u0259hsil Nazirliyinin birg\u0259 t\u0259\u015fkilat\u00e7\u0131l\u0131\u011f\u0131 il\u0259 paytaxt\u0131n \u00fcmumt\u0259hsil m\u0259kt\u0259bl\u0259rinin \u015fagirdl\u0259ri aras\u0131nda xalq\u0131m\u0131z\u0131n \u00fcmummilli lideri Heyd\u0259r \u018fliyevin 100 illik yubileyin\u0259 h\u0259sr olunmu\u015f \u201cUlu \u00f6nd\u0259ri d\u00fc\u015f\u00fcn\u0259rk\u0259n\u201d adl\u0131 r\u0259sm m\u00fcsabiq\u0259sin\u0259 yekun vurulub. Bu bar\u0259d\u0259 Bak\u0131 \u015e\u0259h\u0259r \u0130cra Hakimiyy\u0259tinin M\u0259tbuat Xidm\u0259tind\u0259n m\u0259lumat verilib. Bildirilib ki, \u201cHeyd\u0259r \u018fliyev \u0130li\u201d \u00e7\u0259r\u00e7iv\u0259sind\u0259 ke\u00e7iril\u0259n m\u00fcsabiq\u0259&hellip;","_links":{"self":[{"href":"https:\/\/arantv.az\/index.php?rest_route=\/wp\/v2\/posts\/602226"}],"collection":[{"href":"https:\/\/arantv.az\/index.php?rest_route=\/wp\/v2\/posts"}],"about":[{"href":"https:\/\/arantv.az\/index.php?rest_route=\/wp\/v2\/types\/post"}],"author":[{"embeddable":true,"href":"https:\/\/arantv.az\/index.php?rest_route=\/wp\/v2\/users\/2"}],"replies":[{"embeddable":true,"href":"https:\/\/arantv.az\/index.php?rest_route=%2Fwp%2Fv2%2Fcomments&post=602226"}],"version-history":[{"count":0,"href":"https:\/\/arantv.az\/index.php?rest_route=\/wp\/v2\/posts\/602226\/revisions"}],"wp:featuredmedia":[{"embeddable":true,"href":"https:\/\/arantv.az\/index.php?rest_route=\/wp\/v2\/media\/602227"}],"wp:attachment":[{"href":"https:\/\/arantv.az\/index.php?rest_route=%2Fwp%2Fv2%2Fmedia&parent=602226"}],"wp:term":[{"taxonomy":"category","embeddable":true,"href":"https:\/\/arantv.az\/index.php?rest_route=%2Fwp%2Fv2%2Fcategories&post=602226"},{"taxonomy":"post_tag","embeddable":true,"href":"https:\/\/arantv.az\/index.php?rest_route=%2Fwp%2Fv2%2Ftags&post=602226"}],"curies":[{"name":"wp","href":"https:\/\/api.w.org\/{rel}","templated":true}]}}