{"id":602682,"date":"2023-05-27T20:56:55","date_gmt":"2023-05-27T16:56:55","guid":{"rendered":"https:\/\/arantv.az\/?p=602682"},"modified":"2023-05-27T20:56:55","modified_gmt":"2023-05-27T16:56:55","slug":"iranin-guney-az%c9%99rbaycani-parcalamaq-siyas%c9%99ti-video","status":"publish","type":"post","link":"https:\/\/arantv.az\/?p=602682","title":{"rendered":"\u0130ran\u0131n G\u00fcney Az\u0259rbaycan\u0131 par\u00e7alamaq siyas\u0259ti &#8211; V\u0130DEO"},"content":{"rendered":"<article class=\"news\">\n<div class=\"news-inner\">\n<p>G\u00fcney Az\u0259rbaycan\u0131n inzibati-\u0259razi b\u00f6lg\u00fcs\u00fcnd\u0259 vaxta\u015f\u0131r\u0131 d\u0259yi\u015fiklikl\u0259rin ayr\u0131-ayr\u0131 t\u0259\u015f\u0259bb\u00fcsl\u0259rin n\u0259tic\u0259si deyil, \u0130ran hakimiyy\u0259tinin m\u0259qs\u0259dli siyas\u0259tinin t\u0259zah\u00fcr\u00fc oldu\u011funu d\u00fc\u015f\u00fcnm\u0259y\u0259 ciddi tarixi-ictimai \u0259saslar var. Bel\u0259 ki, G\u00fcl\u00fcstan v\u0259 T\u00fcrkm\u0259n\u00e7ay m\u00fcqavil\u0259l\u0259rind\u0259n sonra 280 min kvadrat kilometr \u0259razisi olan G\u00fcney Az\u0259rbaycan bu g\u00fcn m\u00fcxt\u0259lif ostanlara par\u00e7alan\u0131b v\u0259 yaln\u0131z ki\u00e7ik bir hiss\u0259si Az\u0259rbaycan ad\u0131n\u0131 saxlay\u0131b. Bu da son t\u0259qrib\u0259n y\u00fcz ild\u0259 G\u00fcney Az\u0259rbaycan t\u00fcrkl\u0259rin\u0259 qar\u015f\u0131 ayr\u0131-se\u00e7kilik v\u0259 assimilyasiya siyas\u0259tinin bilavasit\u0259 n\u0259tic\u0259sidir.<\/p>\n<p>Bu bar\u0259d\u0259 \u201cAzad \u0130ran\u201d \u201cYoutube\u201d kanal\u0131nda t\u0259qdim olunan s\u00fcjetd\u0259 bildirilir.<\/p>\n<p>Bildirilir ki, p\u0259hl\u0259vil\u0259rin hakimiyy\u0259t\u0259 g\u0259ldiyi 1925-ci il\u0259 q\u0259d\u0259r G\u00fcney Az\u0259rbaycan\u0131n co\u011frafi b\u00fct\u00f6vl\u00fcy\u00fc az-\u00e7ox qorunub saxlanm\u0131\u015fd\u0131.<\/p>\n<p>\u201cQacarlar d\u00f6n\u0259mind\u0259, 1907-ci ild\u0259 q\u0259bul olunmu\u015f \u201c\u018fyal\u0259t v\u0259 vilay\u0259tl\u0259rin t\u0259\u015fkili qanunu\u201dna \u0259sas\u0259n,\u00a0 \u0130randa c\u0259mi 4 \u0259yal\u0259t vard\u0131: Az\u0259rbaycan, Kerman v\u0259 B\u0259lu\u00e7istan, Fars v\u0259 Xorasan. Az\u0259rbaycan \u0259yal\u0259ti \u00f6z\u00fcn\u00fcn iqtisadi, m\u0259d\u0259ni, elmi potensial\u0131na v\u0259 co\u011frafi m\u00f6vqeyin\u0259 g\u00f6r\u0259 apar\u0131c\u0131 \u0259yal\u0259t say\u0131l\u0131rd\u0131 v\u0259 \u00f6lk\u0259nin v\u0259li\u0259hdi bir qayda olaraq burada \u2013 T\u0259brizd\u0259 otururdu. Lakin Rza \u015fah\u0131n d\u00f6vr\u00fcnd\u0259 \u2013 1937-ci ild\u0259 10-cu \u00e7a\u011f\u0131r\u0131\u015f \u0130ran parlamenti inzibati b\u00f6lg\u00fc haqq\u0131nda yeni qanun q\u0259bul etdi v\u0259 \u0130ran \u0259razisi 6 ostana v\u0259 50 \u015f\u0259hristana b\u00f6l\u00fcnd\u00fc. H\u0259min vaxtdan etibar\u0259n G\u00fcney Az\u0259rbaycan \u0259razisinin par\u00e7alanmas\u0131 siyas\u0259ti ard\u0131c\u0131l \u015f\u0259kild\u0259 h\u0259yata ke\u00e7irildi.<\/p>\n<p>Bu siyas\u0259t \u0130slam Respublikas\u0131 d\u00f6n\u0259mind\u0259 d\u0259 davam etdirildi. \u0130nqilaba q\u0259d\u0259r \u00f6lk\u0259 \u0259razisi 14 ostana b\u00f6l\u00fcn\u00fcrd\u00fcs\u0259, molla rejiminin d\u00f6vr\u00fcnd\u0259 onlar\u0131n say\u0131 \u0259vv\u0259lc\u0259 28-\u0259, sonra 31-\u0259 \u00e7atd\u0131r\u0131ld\u0131.\u00a0 Bu d\u0259yi\u015fiklikl\u0259r gedi\u015find\u0259 H\u0259m\u0259dan, Z\u0259ncan, Q\u0259zvin, \u018frd\u0259bil kimi Az\u0259rbaycan torpaqlar\u0131 ayr\u0131ca \u0259yal\u0259t\u0259 \u00e7evrildi, \u018frak, Sav\u0259 v\u0259 dig\u0259r b\u00f6lg\u0259l\u0259r ba\u015fqa ostanlar\u0131n t\u0259rkibin\u0259 verildi. H\u0259min proses, g\u00f6r\u00fcnd\u00fcy\u00fc kimi, bu g\u00fcn d\u0259 davam etm\u0259kd\u0259dir. Az\u0259rbaycan ad\u0131n\u0131n olmad\u0131\u011f\u0131 inzibati-\u0259razi vahidl\u0259rinin yarad\u0131lmas\u0131 paniranist m\u0259fkur\u0259nin Az\u0259rbaycan t\u00fcrk varl\u0131\u011f\u0131n\u0131 v\u0259 kimliyini unutdurmaq \u00fc\u00e7\u00fcn istifad\u0259 etdiyi m\u0259krli vasit\u0259l\u0259rd\u0259n biridir v\u0259 m\u00fcxt\u0259lif sosial-iqtisadi b\u0259han\u0259l\u0259r alt\u0131nda m\u0259rh\u0259l\u0259li \u015f\u0259kild\u0259 h\u0259yata ke\u00e7irilir\u201d.<\/p>\n<p>\u018ftrafl\u0131 s\u00fcjetd\u0259:<\/p>\n<div><iframe loading=\"lazy\" title=\"YouTube video player\" src=\"https:\/\/www.youtube.com\/embed\/qgXytuBW8Rs\" width=\"560\" height=\"315\" frameborder=\"0\" allowfullscreen=\"allowfullscreen\" data-mce-fragment=\"1\"><\/iframe><\/div>\n<\/div>\n<\/article>\n","protected":false},"excerpt":{"rendered":"<p>G\u00fcney Az\u0259rbaycan\u0131n inzibati-\u0259razi b\u00f6lg\u00fcs\u00fcnd\u0259 vaxta\u015f\u0131r\u0131 d\u0259yi\u015fiklikl\u0259rin ayr\u0131-ayr\u0131 t\u0259\u015f\u0259bb\u00fcsl\u0259rin n\u0259tic\u0259si deyil, \u0130ran hakimiyy\u0259tinin m\u0259qs\u0259dli siyas\u0259tinin t\u0259zah\u00fcr\u00fc oldu\u011funu d\u00fc\u015f\u00fcnm\u0259y\u0259 ciddi tarixi-ictimai \u0259saslar var. Bel\u0259 ki, G\u00fcl\u00fcstan v\u0259 T\u00fcrkm\u0259n\u00e7ay m\u00fcqavil\u0259l\u0259rind\u0259n sonra 280 min kvadrat kilometr \u0259razisi olan G\u00fcney Az\u0259rbaycan bu g\u00fcn m\u00fcxt\u0259lif ostanlara par\u00e7alan\u0131b v\u0259 yaln\u0131z ki\u00e7ik bir hiss\u0259si Az\u0259rbaycan ad\u0131n\u0131 saxlay\u0131b. Bu da son t\u0259qrib\u0259n y\u00fcz ild\u0259 G\u00fcney Az\u0259rbaycan t\u00fcrkl\u0259rin\u0259 qar\u015f\u0131 ayr\u0131-se\u00e7kilik v\u0259 assimilyasiya siyas\u0259tinin bilavasit\u0259 n\u0259tic\u0259sidir. Bu bar\u0259d\u0259 \u201cAzad \u0130ran\u201d \u201cYoutube\u201d kanal\u0131nda t\u0259qdim olunan s\u00fcjetd\u0259 bildirilir. Bildirilir ki, p\u0259hl\u0259vil\u0259rin hakimiyy\u0259t\u0259 g\u0259ldiyi 1925-ci il\u0259 q\u0259d\u0259r G\u00fcney Az\u0259rbaycan\u0131n co\u011frafi b\u00fct\u00f6vl\u00fcy\u00fc az-\u00e7ox qorunub saxlanm\u0131\u015fd\u0131.&hellip;<\/p>\n","protected":false},"author":2,"featured_media":602683,"comment_status":"closed","ping_status":"closed","sticky":false,"template":"","format":"standard","meta":{"om_disable_all_campaigns":false,"_monsterinsights_skip_tracking":false,"_monsterinsights_sitenote_active":false,"_monsterinsights_sitenote_note":"","_monsterinsights_sitenote_category":0},"categories":[7],"tags":[],"aioseo_notices":[],"gutentor_comment":0,"rttpg_featured_image_url":{"full":["https:\/\/arantv.az\/wp-content\/uploads\/2023\/05\/2023-05-27_17-47-22.jpg",620,413,false],"landscape":["https:\/\/arantv.az\/wp-content\/uploads\/2023\/05\/2023-05-27_17-47-22.jpg",620,413,false],"portraits":["https:\/\/arantv.az\/wp-content\/uploads\/2023\/05\/2023-05-27_17-47-22.jpg",620,413,false],"thumbnail":["https:\/\/arantv.az\/wp-content\/uploads\/2023\/05\/2023-05-27_17-47-22-500x280.jpg",500,280,true],"medium":["https:\/\/arantv.az\/wp-content\/uploads\/2023\/05\/2023-05-27_17-47-22-548x365.jpg",548,365,true],"large":["https:\/\/arantv.az\/wp-content\/uploads\/2023\/05\/2023-05-27_17-47-22.jpg",620,413,false],"1536x1536":["https:\/\/arantv.az\/wp-content\/uploads\/2023\/05\/2023-05-27_17-47-22.jpg",620,413,false],"2048x2048":["https:\/\/arantv.az\/wp-content\/uploads\/2023\/05\/2023-05-27_17-47-22.jpg",620,413,false],"post-thumbnail":["https:\/\/arantv.az\/wp-content\/uploads\/2023\/05\/2023-05-27_17-47-22-240x172.jpg",240,172,true],"advps-thumb-one":["https:\/\/arantv.az\/wp-content\/uploads\/2023\/05\/2023-05-27_17-47-22.jpg",620,413,false]},"rttpg_author":{"display_name":"V\u00fcsal Rafiqo\u011flu","author_link":"https:\/\/arantv.az\/?author=2"},"rttpg_comment":0,"rttpg_category":"<a href=\"https:\/\/arantv.az\/?cat=7\" rel=\"category\">D\u00fcnya<\/a>","rttpg_excerpt":"G\u00fcney Az\u0259rbaycan\u0131n inzibati-\u0259razi b\u00f6lg\u00fcs\u00fcnd\u0259 vaxta\u015f\u0131r\u0131 d\u0259yi\u015fiklikl\u0259rin ayr\u0131-ayr\u0131 t\u0259\u015f\u0259bb\u00fcsl\u0259rin n\u0259tic\u0259si deyil, \u0130ran hakimiyy\u0259tinin m\u0259qs\u0259dli siyas\u0259tinin t\u0259zah\u00fcr\u00fc oldu\u011funu d\u00fc\u015f\u00fcnm\u0259y\u0259 ciddi tarixi-ictimai \u0259saslar var. Bel\u0259 ki, G\u00fcl\u00fcstan v\u0259 T\u00fcrkm\u0259n\u00e7ay m\u00fcqavil\u0259l\u0259rind\u0259n sonra 280 min kvadrat kilometr \u0259razisi olan G\u00fcney Az\u0259rbaycan bu g\u00fcn m\u00fcxt\u0259lif ostanlara par\u00e7alan\u0131b v\u0259 yaln\u0131z ki\u00e7ik bir hiss\u0259si Az\u0259rbaycan ad\u0131n\u0131 saxlay\u0131b. Bu da son t\u0259qrib\u0259n y\u00fcz ild\u0259&hellip;","_links":{"self":[{"href":"https:\/\/arantv.az\/index.php?rest_route=\/wp\/v2\/posts\/602682"}],"collection":[{"href":"https:\/\/arantv.az\/index.php?rest_route=\/wp\/v2\/posts"}],"about":[{"href":"https:\/\/arantv.az\/index.php?rest_route=\/wp\/v2\/types\/post"}],"author":[{"embeddable":true,"href":"https:\/\/arantv.az\/index.php?rest_route=\/wp\/v2\/users\/2"}],"replies":[{"embeddable":true,"href":"https:\/\/arantv.az\/index.php?rest_route=%2Fwp%2Fv2%2Fcomments&post=602682"}],"version-history":[{"count":0,"href":"https:\/\/arantv.az\/index.php?rest_route=\/wp\/v2\/posts\/602682\/revisions"}],"wp:featuredmedia":[{"embeddable":true,"href":"https:\/\/arantv.az\/index.php?rest_route=\/wp\/v2\/media\/602683"}],"wp:attachment":[{"href":"https:\/\/arantv.az\/index.php?rest_route=%2Fwp%2Fv2%2Fmedia&parent=602682"}],"wp:term":[{"taxonomy":"category","embeddable":true,"href":"https:\/\/arantv.az\/index.php?rest_route=%2Fwp%2Fv2%2Fcategories&post=602682"},{"taxonomy":"post_tag","embeddable":true,"href":"https:\/\/arantv.az\/index.php?rest_route=%2Fwp%2Fv2%2Ftags&post=602682"}],"curies":[{"name":"wp","href":"https:\/\/api.w.org\/{rel}","templated":true}]}}