{"id":602686,"date":"2023-05-27T20:58:10","date_gmt":"2023-05-27T16:58:10","guid":{"rendered":"https:\/\/arantv.az\/?p=602686"},"modified":"2023-05-27T20:58:10","modified_gmt":"2023-05-27T16:58:10","slug":"%c9%99rdogan-pkk-nin-butun-t%c9%99hdidl%c9%99rin%c9%99-baxmayaraq-xaricd%c9%99ki-v%c9%99t%c9%99ndaslarimiz-geri-addim-atmayib","status":"publish","type":"post","link":"https:\/\/arantv.az\/?p=602686","title":{"rendered":"\u018frdo\u011fan: \u201cPKK-n\u0131n b\u00fct\u00fcn t\u0259hdidl\u0259rin\u0259 baxmayaraq xaricd\u0259ki v\u0259t\u0259nda\u015flar\u0131m\u0131z geri add\u0131m atmay\u0131b\u201d"},"content":{"rendered":"<p><strong>\u201cPKK-n\u0131n b\u00fct\u00fcn t\u0259hdidl\u0259rin\u0259 baxmayaraq xaricd\u0259ki v\u0259t\u0259nda\u015flar\u0131m\u0131z geri add\u0131m atmay\u0131b\u201d.<\/strong><\/p>\n<p>\u201cReport\u201dun T\u00fcrkiy\u0259y\u0259 ezam olunan \u0259m\u0259kda\u015f\u0131n\u0131n x\u0259b\u0259rin\u0259 g\u00f6r\u0259, bunu \u201cC\u00fcmhur \u0130ttifaq\u0131\u201dn\u0131n prezidentliy\u0259 namiz\u0259di, hakim \u018fdal\u0259t v\u0259 \u0130nki\u015faf Partiyas\u0131n\u0131n (AK Parti) s\u0259dri v\u0259 haz\u0131rk\u0131 d\u00f6vl\u0259t ba\u015f\u00e7\u0131s\u0131 R\u0259c\u0259b Tayyib \u018frdo\u011fan r\u0259hb\u0259rlik etdiyi siyasi t\u0259\u015fkilat\u0131n may\u0131n 27-d\u0259 \u0130stanbul Beykozda t\u0259\u015fkil etdiyi mitinqind\u0259 \u00e7\u0131x\u0131\u015f\u0131 zaman\u0131 deyib.<\/p>\n<p>\u201cSabah el\u0259 bir q\u0259l\u0259b\u0259 qazanaca\u011f\u0131q ki, \u00f6lk\u0259miz \u00fcz\u0259rind\u0259 kirli i\u015fl\u0259r g\u00f6r\u0259nl\u0259rin he\u00e7 biri sevinm\u0259y\u0259c\u0259k. Sabah 85 milyon n\u0259f\u0259rl\u0259 demokratiyam\u0131z q\u0259l\u0259b\u0259 \u00e7alacaq. \u0130nan\u0131ram ki, d\u00fcnyan\u0131n d\u00f6rd bir yan\u0131nda \u0259lini g\u00f6yl\u0259r\u0259 a\u00e7an m\u0259zlumlar qazanacaq. \u00d6lk\u0259d\u0259n xaricd\u0259ki 2 milyon v\u0259t\u0259nda\u015f\u0131m\u0131z \u00f6z s\u0259sl\u0259rini veribl\u0259r. PKK-n\u0131n b\u00fct\u00fcn t\u0259hdidl\u0259rin\u0259 baxmayaraq xaricd\u0259ki v\u0259t\u0259nda\u015flar\u0131m\u0131z geri add\u0131m atmay\u0131b v\u0259 v\u0259t\u0259nda\u015fl\u0131q v\u0259zif\u0259l\u0259rini yerin\u0259 yetiribl\u0259r\u201d, &#8211; o, vur\u011fulay\u0131b.<\/p>\n","protected":false},"excerpt":{"rendered":"<p>\u201cPKK-n\u0131n b\u00fct\u00fcn t\u0259hdidl\u0259rin\u0259 baxmayaraq xaricd\u0259ki v\u0259t\u0259nda\u015flar\u0131m\u0131z geri add\u0131m atmay\u0131b\u201d. \u201cReport\u201dun T\u00fcrkiy\u0259y\u0259 ezam olunan \u0259m\u0259kda\u015f\u0131n\u0131n x\u0259b\u0259rin\u0259 g\u00f6r\u0259, bunu \u201cC\u00fcmhur \u0130ttifaq\u0131\u201dn\u0131n prezidentliy\u0259 namiz\u0259di, hakim \u018fdal\u0259t v\u0259 \u0130nki\u015faf Partiyas\u0131n\u0131n (AK Parti) s\u0259dri v\u0259 haz\u0131rk\u0131 d\u00f6vl\u0259t ba\u015f\u00e7\u0131s\u0131 R\u0259c\u0259b Tayyib \u018frdo\u011fan r\u0259hb\u0259rlik etdiyi siyasi t\u0259\u015fkilat\u0131n may\u0131n 27-d\u0259 \u0130stanbul Beykozda t\u0259\u015fkil etdiyi mitinqind\u0259 \u00e7\u0131x\u0131\u015f\u0131 zaman\u0131 deyib. \u201cSabah el\u0259 bir q\u0259l\u0259b\u0259 qazanaca\u011f\u0131q ki, \u00f6lk\u0259miz \u00fcz\u0259rind\u0259 kirli i\u015fl\u0259r g\u00f6r\u0259nl\u0259rin he\u00e7 biri sevinm\u0259y\u0259c\u0259k. Sabah 85 milyon n\u0259f\u0259rl\u0259 demokratiyam\u0131z q\u0259l\u0259b\u0259 \u00e7alacaq. \u0130nan\u0131ram ki, d\u00fcnyan\u0131n d\u00f6rd bir yan\u0131nda \u0259lini g\u00f6yl\u0259r\u0259 a\u00e7an m\u0259zlumlar qazanacaq. \u00d6lk\u0259d\u0259n xaricd\u0259ki 2 milyon v\u0259t\u0259nda\u015f\u0131m\u0131z \u00f6z s\u0259sl\u0259rini veribl\u0259r.&hellip;<\/p>\n","protected":false},"author":2,"featured_media":602687,"comment_status":"closed","ping_status":"closed","sticky":false,"template":"","format":"standard","meta":{"om_disable_all_campaigns":false,"_monsterinsights_skip_tracking":false,"_monsterinsights_sitenote_active":false,"_monsterinsights_sitenote_note":"","_monsterinsights_sitenote_category":0},"categories":[7],"tags":[],"aioseo_notices":[],"gutentor_comment":0,"rttpg_featured_image_url":{"full":["https:\/\/arantv.az\/wp-content\/uploads\/2023\/05\/d5688d45e1055c7534616501d2aa69a9.jpg",870,500,false],"landscape":["https:\/\/arantv.az\/wp-content\/uploads\/2023\/05\/d5688d45e1055c7534616501d2aa69a9.jpg",870,500,false],"portraits":["https:\/\/arantv.az\/wp-content\/uploads\/2023\/05\/d5688d45e1055c7534616501d2aa69a9.jpg",870,500,false],"thumbnail":["https:\/\/arantv.az\/wp-content\/uploads\/2023\/05\/d5688d45e1055c7534616501d2aa69a9-500x280.jpg",500,280,true],"medium":["https:\/\/arantv.az\/wp-content\/uploads\/2023\/05\/d5688d45e1055c7534616501d2aa69a9-635x365.jpg",635,365,true],"large":["https:\/\/arantv.az\/wp-content\/uploads\/2023\/05\/d5688d45e1055c7534616501d2aa69a9-840x483.jpg",640,368,true],"1536x1536":["https:\/\/arantv.az\/wp-content\/uploads\/2023\/05\/d5688d45e1055c7534616501d2aa69a9.jpg",870,500,false],"2048x2048":["https:\/\/arantv.az\/wp-content\/uploads\/2023\/05\/d5688d45e1055c7534616501d2aa69a9.jpg",870,500,false],"post-thumbnail":["https:\/\/arantv.az\/wp-content\/uploads\/2023\/05\/d5688d45e1055c7534616501d2aa69a9-240x172.jpg",240,172,true],"advps-thumb-one":["https:\/\/arantv.az\/wp-content\/uploads\/2023\/05\/d5688d45e1055c7534616501d2aa69a9.jpg",870,500,false]},"rttpg_author":{"display_name":"V\u00fcsal Rafiqo\u011flu","author_link":"https:\/\/arantv.az\/?author=2"},"rttpg_comment":0,"rttpg_category":"<a href=\"https:\/\/arantv.az\/?cat=7\" rel=\"category\">D\u00fcnya<\/a>","rttpg_excerpt":"\u201cPKK-n\u0131n b\u00fct\u00fcn t\u0259hdidl\u0259rin\u0259 baxmayaraq xaricd\u0259ki v\u0259t\u0259nda\u015flar\u0131m\u0131z geri add\u0131m atmay\u0131b\u201d. \u201cReport\u201dun T\u00fcrkiy\u0259y\u0259 ezam olunan \u0259m\u0259kda\u015f\u0131n\u0131n x\u0259b\u0259rin\u0259 g\u00f6r\u0259, bunu \u201cC\u00fcmhur \u0130ttifaq\u0131\u201dn\u0131n prezidentliy\u0259 namiz\u0259di, hakim \u018fdal\u0259t v\u0259 \u0130nki\u015faf Partiyas\u0131n\u0131n (AK Parti) s\u0259dri v\u0259 haz\u0131rk\u0131 d\u00f6vl\u0259t ba\u015f\u00e7\u0131s\u0131 R\u0259c\u0259b Tayyib \u018frdo\u011fan r\u0259hb\u0259rlik etdiyi siyasi t\u0259\u015fkilat\u0131n may\u0131n 27-d\u0259 \u0130stanbul Beykozda t\u0259\u015fkil etdiyi mitinqind\u0259 \u00e7\u0131x\u0131\u015f\u0131 zaman\u0131 deyib. \u201cSabah el\u0259 bir q\u0259l\u0259b\u0259 qazanaca\u011f\u0131q&hellip;","_links":{"self":[{"href":"https:\/\/arantv.az\/index.php?rest_route=\/wp\/v2\/posts\/602686"}],"collection":[{"href":"https:\/\/arantv.az\/index.php?rest_route=\/wp\/v2\/posts"}],"about":[{"href":"https:\/\/arantv.az\/index.php?rest_route=\/wp\/v2\/types\/post"}],"author":[{"embeddable":true,"href":"https:\/\/arantv.az\/index.php?rest_route=\/wp\/v2\/users\/2"}],"replies":[{"embeddable":true,"href":"https:\/\/arantv.az\/index.php?rest_route=%2Fwp%2Fv2%2Fcomments&post=602686"}],"version-history":[{"count":0,"href":"https:\/\/arantv.az\/index.php?rest_route=\/wp\/v2\/posts\/602686\/revisions"}],"wp:featuredmedia":[{"embeddable":true,"href":"https:\/\/arantv.az\/index.php?rest_route=\/wp\/v2\/media\/602687"}],"wp:attachment":[{"href":"https:\/\/arantv.az\/index.php?rest_route=%2Fwp%2Fv2%2Fmedia&parent=602686"}],"wp:term":[{"taxonomy":"category","embeddable":true,"href":"https:\/\/arantv.az\/index.php?rest_route=%2Fwp%2Fv2%2Fcategories&post=602686"},{"taxonomy":"post_tag","embeddable":true,"href":"https:\/\/arantv.az\/index.php?rest_route=%2Fwp%2Fv2%2Ftags&post=602686"}],"curies":[{"name":"wp","href":"https:\/\/api.w.org\/{rel}","templated":true}]}}