{"id":602689,"date":"2023-05-27T20:59:20","date_gmt":"2023-05-27T16:59:20","guid":{"rendered":"https:\/\/arantv.az\/?p=602689"},"modified":"2023-05-27T20:59:20","modified_gmt":"2023-05-27T16:59:20","slug":"c%c9%99lilabadda-h%c9%99mk%c9%99ndlisini-q%c9%99tl%c9%99-yetir%c9%99n-s%c9%99xs-tutulub-cinay%c9%99t-isi-acilib","status":"publish","type":"post","link":"https:\/\/arantv.az\/?p=602689","title":{"rendered":"C\u0259lilabadda h\u0259mk\u0259ndlisini q\u0259tl\u0259 yetir\u0259n \u015f\u0259xs tutulub, cinay\u0259t i\u015fi a\u00e7\u0131l\u0131b"},"content":{"rendered":"<p>C\u0259lilabad sakininin q\u0259tli il\u0259 ba\u011fl\u0131 cinay\u0259t i\u015fi ba\u015flan\u0131l\u0131b.<\/p>\n<p>Bu bar\u0259d\u0259 C\u0259lilabad Rayon Prokurorlu\u011fundan m\u0259lumat verilib.<\/p>\n<p>M\u0259lumata g\u00f6r\u0259, may\u0131n 27-si C\u0259lilabad rayon sakini, 1985-ci il t\u0259v\u0259ll\u00fcdl\u00fc \u015eamo \u018fzimovun \u00f6lm\u0259si bar\u0259d\u0259 rayon prokurorlu\u011funa m\u0259lumat daxil olub.<\/p>\n<p>\u0130lkin ara\u015fd\u0131rma zaman\u0131 1991-ci il t\u0259v\u0259ll\u00fcdl\u00fc R\u0259\u015fad Aslanovun aralar\u0131nda yaranm\u0131\u015f m\u00fcbahis\u0259 zaman\u0131 ya\u015fad\u0131qlar\u0131 C\u0259lilabad rayon, Qaraz\u0259ncir k\u0259ndi \u0259razisind\u0259 qon\u015fusu \u015eamo \u018fzimova b\u0131\u00e7aqla x\u0259sar\u0259t yetir\u0259r\u0259k \u00f6ld\u00fcrm\u0259sin\u0259 \u0259sasl\u0131 \u015f\u00fcbh\u0259l\u0259r m\u00fc\u0259yy\u0259n edilib.<\/p>\n<p>Faktla ba\u011fl\u0131 rayon prokurorlu\u011funda Cinay\u0259t M\u0259c\u0259ll\u0259sinin 120.1-ci (q\u0259sd\u0259n adam \u00f6ld\u00fcrm\u0259) madd\u0259si il\u0259 cinay\u0259t i\u015fi ba\u015flan\u0131b v\u0259 R\u0259\u015fad Aslanov prokurorun q\u0259rar\u0131 \u0259sas\u0131nda \u015f\u00fcbh\u0259li \u015f\u0259xs qismind\u0259 tutularaq istintaqa c\u0259lb edilib.<\/p>\n<p>\u0130btidai istintaq davam edir.<\/p>\n","protected":false},"excerpt":{"rendered":"<p>C\u0259lilabad sakininin q\u0259tli il\u0259 ba\u011fl\u0131 cinay\u0259t i\u015fi ba\u015flan\u0131l\u0131b. Bu bar\u0259d\u0259 C\u0259lilabad Rayon Prokurorlu\u011fundan m\u0259lumat verilib. M\u0259lumata g\u00f6r\u0259, may\u0131n 27-si C\u0259lilabad rayon sakini, 1985-ci il t\u0259v\u0259ll\u00fcdl\u00fc \u015eamo \u018fzimovun \u00f6lm\u0259si bar\u0259d\u0259 rayon prokurorlu\u011funa m\u0259lumat daxil olub. \u0130lkin ara\u015fd\u0131rma zaman\u0131 1991-ci il t\u0259v\u0259ll\u00fcdl\u00fc R\u0259\u015fad Aslanovun aralar\u0131nda yaranm\u0131\u015f m\u00fcbahis\u0259 zaman\u0131 ya\u015fad\u0131qlar\u0131 C\u0259lilabad rayon, Qaraz\u0259ncir k\u0259ndi \u0259razisind\u0259 qon\u015fusu \u015eamo \u018fzimova b\u0131\u00e7aqla x\u0259sar\u0259t yetir\u0259r\u0259k \u00f6ld\u00fcrm\u0259sin\u0259 \u0259sasl\u0131 \u015f\u00fcbh\u0259l\u0259r m\u00fc\u0259yy\u0259n edilib. Faktla ba\u011fl\u0131 rayon prokurorlu\u011funda Cinay\u0259t M\u0259c\u0259ll\u0259sinin 120.1-ci (q\u0259sd\u0259n adam \u00f6ld\u00fcrm\u0259) madd\u0259si il\u0259 cinay\u0259t i\u015fi ba\u015flan\u0131b v\u0259 R\u0259\u015fad Aslanov prokurorun q\u0259rar\u0131 \u0259sas\u0131nda \u015f\u00fcbh\u0259li \u015f\u0259xs qismind\u0259 tutularaq istintaqa c\u0259lb&hellip;<\/p>\n","protected":false},"author":2,"featured_media":602690,"comment_status":"closed","ping_status":"closed","sticky":false,"template":"","format":"standard","meta":{"om_disable_all_campaigns":false,"_monsterinsights_skip_tracking":false,"_monsterinsights_sitenote_active":false,"_monsterinsights_sitenote_note":"","_monsterinsights_sitenote_category":0},"categories":[3],"tags":[],"aioseo_notices":[],"gutentor_comment":0,"rttpg_featured_image_url":{"full":["https:\/\/arantv.az\/wp-content\/uploads\/2023\/05\/Hebs3-2.jpg",620,413,false],"landscape":["https:\/\/arantv.az\/wp-content\/uploads\/2023\/05\/Hebs3-2.jpg",620,413,false],"portraits":["https:\/\/arantv.az\/wp-content\/uploads\/2023\/05\/Hebs3-2.jpg",620,413,false],"thumbnail":["https:\/\/arantv.az\/wp-content\/uploads\/2023\/05\/Hebs3-2-500x280.jpg",500,280,true],"medium":["https:\/\/arantv.az\/wp-content\/uploads\/2023\/05\/Hebs3-2-548x365.jpg",548,365,true],"large":["https:\/\/arantv.az\/wp-content\/uploads\/2023\/05\/Hebs3-2.jpg",620,413,false],"1536x1536":["https:\/\/arantv.az\/wp-content\/uploads\/2023\/05\/Hebs3-2.jpg",620,413,false],"2048x2048":["https:\/\/arantv.az\/wp-content\/uploads\/2023\/05\/Hebs3-2.jpg",620,413,false],"post-thumbnail":["https:\/\/arantv.az\/wp-content\/uploads\/2023\/05\/Hebs3-2-240x172.jpg",240,172,true],"advps-thumb-one":["https:\/\/arantv.az\/wp-content\/uploads\/2023\/05\/Hebs3-2.jpg",620,413,false]},"rttpg_author":{"display_name":"V\u00fcsal Rafiqo\u011flu","author_link":"https:\/\/arantv.az\/?author=2"},"rttpg_comment":0,"rttpg_category":"<a href=\"https:\/\/arantv.az\/?cat=3\" rel=\"category\">Kriminal<\/a>","rttpg_excerpt":"C\u0259lilabad sakininin q\u0259tli il\u0259 ba\u011fl\u0131 cinay\u0259t i\u015fi ba\u015flan\u0131l\u0131b. Bu bar\u0259d\u0259 C\u0259lilabad Rayon Prokurorlu\u011fundan m\u0259lumat verilib. M\u0259lumata g\u00f6r\u0259, may\u0131n 27-si C\u0259lilabad rayon sakini, 1985-ci il t\u0259v\u0259ll\u00fcdl\u00fc \u015eamo \u018fzimovun \u00f6lm\u0259si bar\u0259d\u0259 rayon prokurorlu\u011funa m\u0259lumat daxil olub. \u0130lkin ara\u015fd\u0131rma zaman\u0131 1991-ci il t\u0259v\u0259ll\u00fcdl\u00fc R\u0259\u015fad Aslanovun aralar\u0131nda yaranm\u0131\u015f m\u00fcbahis\u0259 zaman\u0131 ya\u015fad\u0131qlar\u0131 C\u0259lilabad rayon, Qaraz\u0259ncir k\u0259ndi \u0259razisind\u0259 qon\u015fusu \u015eamo \u018fzimova&hellip;","_links":{"self":[{"href":"https:\/\/arantv.az\/index.php?rest_route=\/wp\/v2\/posts\/602689"}],"collection":[{"href":"https:\/\/arantv.az\/index.php?rest_route=\/wp\/v2\/posts"}],"about":[{"href":"https:\/\/arantv.az\/index.php?rest_route=\/wp\/v2\/types\/post"}],"author":[{"embeddable":true,"href":"https:\/\/arantv.az\/index.php?rest_route=\/wp\/v2\/users\/2"}],"replies":[{"embeddable":true,"href":"https:\/\/arantv.az\/index.php?rest_route=%2Fwp%2Fv2%2Fcomments&post=602689"}],"version-history":[{"count":0,"href":"https:\/\/arantv.az\/index.php?rest_route=\/wp\/v2\/posts\/602689\/revisions"}],"wp:featuredmedia":[{"embeddable":true,"href":"https:\/\/arantv.az\/index.php?rest_route=\/wp\/v2\/media\/602690"}],"wp:attachment":[{"href":"https:\/\/arantv.az\/index.php?rest_route=%2Fwp%2Fv2%2Fmedia&parent=602689"}],"wp:term":[{"taxonomy":"category","embeddable":true,"href":"https:\/\/arantv.az\/index.php?rest_route=%2Fwp%2Fv2%2Fcategories&post=602689"},{"taxonomy":"post_tag","embeddable":true,"href":"https:\/\/arantv.az\/index.php?rest_route=%2Fwp%2Fv2%2Ftags&post=602689"}],"curies":[{"name":"wp","href":"https:\/\/api.w.org\/{rel}","templated":true}]}}