{"id":602701,"date":"2023-05-27T21:10:52","date_gmt":"2023-05-27T17:10:52","guid":{"rendered":"https:\/\/arantv.az\/?p=602701"},"modified":"2023-05-27T21:10:52","modified_gmt":"2023-05-27T17:10:52","slug":"b%c9%99rd%c9%99d%c9%99-nurlu-omrun-anlari-tamasasi-numayis-etdirilib-foto","status":"publish","type":"post","link":"https:\/\/arantv.az\/?p=602701","title":{"rendered":"B\u0259rd\u0259d\u0259 \u201cNurlu \u00f6mr\u00fcn anlar\u0131\u201d tama\u015fas\u0131 n\u00fcmayi\u015f etdirilib-FOTO"},"content":{"rendered":"<div dir=\"auto\">C\u0259f\u0259r Cabbarl\u0131 ad\u0131na \u0130r\u0259van D\u00f6vl\u0259t Az\u0259rbaycan Dram Teatr\u0131n\u0131n aktyorlar\u0131 \u00dcmummilli lider Heyd\u0259r \u018fliyevin anadan olmas\u0131n\u0131n 100 illiyi m\u00fcnasib\u0259til\u0259 B\u0259rd\u0259 rayon M\u0259d\u0259niyy\u0259t M\u0259rk\u0259zind\u0259 \u018fm\u0259kdar M\u0259d\u0259niyy\u0259t i\u015f\u00e7isi, \u015fair-dramaturq \u0130ftixar Piriyevin m\u00fc\u0259llifi oldu\u011fu \u201cNurlu \u00f6mr\u00fcn anlar\u0131\u201d tama\u015fas\u0131n\u0131 oynay\u0131blar.<\/div>\n<div dir=\"auto\">Az\u0259rbaycan xalq\u0131n\u0131n \u00fcmummilli lideri Heyd\u0259r \u018fliyevin z\u0259ngin v\u0259 m\u0259nal\u0131 h\u0259yat\u0131na, onun siyasi f\u0259aliyy\u0259tin\u0259, az\u0259rbaycan\u00e7\u0131l\u0131q, d\u00f6vl\u0259t\u00e7ilik m\u0259fkur\u0259sin\u0259 h\u0259sr olunan \u201cNurlu \u00f6mr\u00fcn anlar\u0131\u201d tama\u015fas\u0131 izl\u0259yicil\u0259r t\u0259r\u0259find\u0259n b\u00f6y\u00fck diqq\u0259t v\u0259 maraqla qar\u015f\u0131lan\u0131b.<\/div>\n<div dir=\"auto\"><img loading=\"lazy\" class=\"alignnone size-medium wp-image-602702\" src=\"https:\/\/arantv.az\/wp-content\/uploads\/2023\/05\/349362289_1650728375406691_818593285797713155_n-649x365.jpg\" alt=\"\" width=\"649\" height=\"365\" \/><\/div>\n<div dir=\"auto\"><img loading=\"lazy\" class=\"alignnone size-medium wp-image-602709\" src=\"https:\/\/arantv.az\/wp-content\/uploads\/2023\/05\/349332078_1198301704214294_5483459075809540255_n-598x365.jpg\" alt=\"\" width=\"598\" height=\"365\" \/><img loading=\"lazy\" class=\"alignnone size-medium wp-image-602708\" src=\"https:\/\/arantv.az\/wp-content\/uploads\/2023\/05\/348814592_638744274424517_8614882745587556264_n-525x365.jpg\" alt=\"\" width=\"525\" height=\"365\" \/><img loading=\"lazy\" class=\"alignnone size-medium wp-image-602707\" src=\"https:\/\/arantv.az\/wp-content\/uploads\/2023\/05\/349353205_566682715550516_2277204332341395733_n-649x365.jpg\" alt=\"\" width=\"649\" height=\"365\" \/><img loading=\"lazy\" class=\"alignnone size-medium wp-image-602703\" src=\"https:\/\/arantv.az\/wp-content\/uploads\/2023\/05\/349302599_1392307308276176_3665850693190282120_n-506x365.jpg\" alt=\"\" width=\"506\" height=\"365\" \/><\/div>\n","protected":false},"excerpt":{"rendered":"<p>C\u0259f\u0259r Cabbarl\u0131 ad\u0131na \u0130r\u0259van D\u00f6vl\u0259t Az\u0259rbaycan Dram Teatr\u0131n\u0131n aktyorlar\u0131 \u00dcmummilli lider Heyd\u0259r \u018fliyevin anadan olmas\u0131n\u0131n 100 illiyi m\u00fcnasib\u0259til\u0259 B\u0259rd\u0259 rayon M\u0259d\u0259niyy\u0259t M\u0259rk\u0259zind\u0259 \u018fm\u0259kdar M\u0259d\u0259niyy\u0259t i\u015f\u00e7isi, \u015fair-dramaturq \u0130ftixar Piriyevin m\u00fc\u0259llifi oldu\u011fu \u201cNurlu \u00f6mr\u00fcn anlar\u0131\u201d tama\u015fas\u0131n\u0131 oynay\u0131blar. Az\u0259rbaycan xalq\u0131n\u0131n \u00fcmummilli lideri Heyd\u0259r \u018fliyevin z\u0259ngin v\u0259 m\u0259nal\u0131 h\u0259yat\u0131na, onun siyasi f\u0259aliyy\u0259tin\u0259, az\u0259rbaycan\u00e7\u0131l\u0131q, d\u00f6vl\u0259t\u00e7ilik m\u0259fkur\u0259sin\u0259 h\u0259sr olunan \u201cNurlu \u00f6mr\u00fcn anlar\u0131\u201d tama\u015fas\u0131 izl\u0259yicil\u0259r t\u0259r\u0259find\u0259n b\u00f6y\u00fck diqq\u0259t v\u0259 maraqla qar\u015f\u0131lan\u0131b.<\/p>\n","protected":false},"author":2,"featured_media":602702,"comment_status":"closed","ping_status":"closed","sticky":false,"template":"","format":"standard","meta":{"om_disable_all_campaigns":false,"_monsterinsights_skip_tracking":false,"_monsterinsights_sitenote_active":false,"_monsterinsights_sitenote_note":"","_monsterinsights_sitenote_category":0},"categories":[19],"tags":[],"aioseo_notices":[],"gutentor_comment":0,"rttpg_featured_image_url":{"full":["https:\/\/arantv.az\/wp-content\/uploads\/2023\/05\/349362289_1650728375406691_818593285797713155_n.jpg",1200,675,false],"landscape":["https:\/\/arantv.az\/wp-content\/uploads\/2023\/05\/349362289_1650728375406691_818593285797713155_n.jpg",1200,675,false],"portraits":["https:\/\/arantv.az\/wp-content\/uploads\/2023\/05\/349362289_1650728375406691_818593285797713155_n.jpg",1200,675,false],"thumbnail":["https:\/\/arantv.az\/wp-content\/uploads\/2023\/05\/349362289_1650728375406691_818593285797713155_n-500x280.jpg",500,280,true],"medium":["https:\/\/arantv.az\/wp-content\/uploads\/2023\/05\/349362289_1650728375406691_818593285797713155_n-649x365.jpg",649,365,true],"large":["https:\/\/arantv.az\/wp-content\/uploads\/2023\/05\/349362289_1650728375406691_818593285797713155_n-840x473.jpg",640,360,true],"1536x1536":["https:\/\/arantv.az\/wp-content\/uploads\/2023\/05\/349362289_1650728375406691_818593285797713155_n.jpg",1200,675,false],"2048x2048":["https:\/\/arantv.az\/wp-content\/uploads\/2023\/05\/349362289_1650728375406691_818593285797713155_n.jpg",1200,675,false],"post-thumbnail":["https:\/\/arantv.az\/wp-content\/uploads\/2023\/05\/349362289_1650728375406691_818593285797713155_n-240x172.jpg",240,172,true],"advps-thumb-one":["https:\/\/arantv.az\/wp-content\/uploads\/2023\/05\/349362289_1650728375406691_818593285797713155_n-1200x620.jpg",1200,620,true]},"rttpg_author":{"display_name":"V\u00fcsal Rafiqo\u011flu","author_link":"https:\/\/arantv.az\/?author=2"},"rttpg_comment":0,"rttpg_category":"<a href=\"https:\/\/arantv.az\/?cat=19\" rel=\"category\">G\u00fcnd\u0259m<\/a>","rttpg_excerpt":"C\u0259f\u0259r Cabbarl\u0131 ad\u0131na \u0130r\u0259van D\u00f6vl\u0259t Az\u0259rbaycan Dram Teatr\u0131n\u0131n aktyorlar\u0131 \u00dcmummilli lider Heyd\u0259r \u018fliyevin anadan olmas\u0131n\u0131n 100 illiyi m\u00fcnasib\u0259til\u0259 B\u0259rd\u0259 rayon M\u0259d\u0259niyy\u0259t M\u0259rk\u0259zind\u0259 \u018fm\u0259kdar M\u0259d\u0259niyy\u0259t i\u015f\u00e7isi, \u015fair-dramaturq \u0130ftixar Piriyevin m\u00fc\u0259llifi oldu\u011fu \u201cNurlu \u00f6mr\u00fcn anlar\u0131\u201d tama\u015fas\u0131n\u0131 oynay\u0131blar. Az\u0259rbaycan xalq\u0131n\u0131n \u00fcmummilli lideri Heyd\u0259r \u018fliyevin z\u0259ngin v\u0259 m\u0259nal\u0131 h\u0259yat\u0131na, onun siyasi f\u0259aliyy\u0259tin\u0259, az\u0259rbaycan\u00e7\u0131l\u0131q, d\u00f6vl\u0259t\u00e7ilik m\u0259fkur\u0259sin\u0259 h\u0259sr olunan \u201cNurlu \u00f6mr\u00fcn&hellip;","_links":{"self":[{"href":"https:\/\/arantv.az\/index.php?rest_route=\/wp\/v2\/posts\/602701"}],"collection":[{"href":"https:\/\/arantv.az\/index.php?rest_route=\/wp\/v2\/posts"}],"about":[{"href":"https:\/\/arantv.az\/index.php?rest_route=\/wp\/v2\/types\/post"}],"author":[{"embeddable":true,"href":"https:\/\/arantv.az\/index.php?rest_route=\/wp\/v2\/users\/2"}],"replies":[{"embeddable":true,"href":"https:\/\/arantv.az\/index.php?rest_route=%2Fwp%2Fv2%2Fcomments&post=602701"}],"version-history":[{"count":0,"href":"https:\/\/arantv.az\/index.php?rest_route=\/wp\/v2\/posts\/602701\/revisions"}],"wp:featuredmedia":[{"embeddable":true,"href":"https:\/\/arantv.az\/index.php?rest_route=\/wp\/v2\/media\/602702"}],"wp:attachment":[{"href":"https:\/\/arantv.az\/index.php?rest_route=%2Fwp%2Fv2%2Fmedia&parent=602701"}],"wp:term":[{"taxonomy":"category","embeddable":true,"href":"https:\/\/arantv.az\/index.php?rest_route=%2Fwp%2Fv2%2Fcategories&post=602701"},{"taxonomy":"post_tag","embeddable":true,"href":"https:\/\/arantv.az\/index.php?rest_route=%2Fwp%2Fv2%2Ftags&post=602701"}],"curies":[{"name":"wp","href":"https:\/\/api.w.org\/{rel}","templated":true}]}}