{"id":602756,"date":"2023-05-28T10:48:56","date_gmt":"2023-05-28T06:48:56","guid":{"rendered":"https:\/\/arantv.az\/?p=602756"},"modified":"2023-05-28T10:48:56","modified_gmt":"2023-05-28T06:48:56","slug":"m%c9%99hk%c9%99m%c9%99-huquq-surasinin-t%c9%99rkibi-yeni-qaydada-formalasdirilacaq","status":"publish","type":"post","link":"https:\/\/arantv.az\/?p=602756","title":{"rendered":"M\u0259hk\u0259m\u0259-H\u00fcquq \u015euras\u0131n\u0131n t\u0259rkibi yeni qaydada formala\u015fd\u0131r\u0131lacaq"},"content":{"rendered":"<p>M\u0259hk\u0259m\u0259-H\u00fcquq \u015euras\u0131n\u0131n t\u0259rkibi yeni qaydada formala\u015fd\u0131r\u0131lacaq.<\/p>\n<p>APA x\u0259b\u0259r verir ki, bu, Milli M\u0259clisin may\u0131n 31-d\u0259 ke\u00e7iril\u0259c\u0259k plenar iclas\u0131nda m\u00fczakir\u0259y\u0259 \u00e7\u0131xar\u0131lacaq \u201cM\u0259hk\u0259m\u0259-H\u00fcquq \u015euras\u0131 haqq\u0131nda\u201d qanuna t\u0259klif edil\u0259n d\u0259yi\u015fiklikd\u0259 \u0259ksini tap\u0131b.<\/p>\n<p>Layih\u0259y\u0259 \u0259sas\u0259n, M\u0259hk\u0259m\u0259-H\u00fcquq \u015euras\u0131n\u0131n 15 \u00fczvd\u0259n ibar\u0259t t\u0259rkibi a\u015fa\u011f\u0131dak\u0131 qaydada t\u0259\u015fkil olunacaq:<\/p>\n<p>&#8211; hakiml\u0259rin konfrans\u0131 t\u0259r\u0259find\u0259n se\u00e7il\u0259n kassasiya instansiyas\u0131 m\u0259hk\u0259m\u0259sinin \u00fc\u00e7 hakimi;<\/p>\n<p>-. hakiml\u0259rin konfrans\u0131 t\u0259r\u0259find\u0259n se\u00e7il\u0259n apellyasiya instansiyas\u0131 m\u0259hk\u0259m\u0259l\u0259rinin \u00fc\u00e7 hakimi;<\/p>\n<p>-. hakiml\u0259rin konfrans\u0131 t\u0259r\u0259find\u0259n se\u00e7il\u0259n birinci instansiyas\u0131 m\u0259hk\u0259m\u0259l\u0259rinin \u00fc\u00e7 hakimi;<\/p>\n<p>-. Az\u0259rbaycan Respublikas\u0131n\u0131n Konstitusiya M\u0259hk\u0259m\u0259si t\u0259r\u0259find\u0259n t\u0259yin edil\u0259n hakim;<\/p>\n<p>-. Az\u0259rbaycan Respublikas\u0131n\u0131n Milli M\u0259clisi t\u0259r\u0259find\u0259n t\u0259yin edil\u0259n \u015f\u0259xs;<\/p>\n<p>-. Az\u0259rbaycan Respublikas\u0131n\u0131n m\u00fcvafiq icra hakimiyy\u0259ti orqan\u0131 t\u0259r\u0259find\u0259n t\u0259yin edil\u0259n \u015f\u0259xs;<\/p>\n<p>-. Az\u0259rbaycan Respublikas\u0131n\u0131n V\u0259kill\u0259r Kollegiyas\u0131 t\u0259r\u0259find\u0259n t\u0259yin edil\u0259n v\u0259kil;<\/p>\n<p>-. Az\u0259rbaycan Respublikas\u0131n\u0131n Milli Elml\u0259r Akademiyas\u0131 t\u0259r\u0259find\u0259n t\u0259yin edil\u0259n h\u00fcquq\u015f\u00fcnas alim;<\/p>\n<p>&#8211; h\u00fcquq ictimaiyy\u0259tinin hakiml\u0259rin konfrans\u0131 t\u0259r\u0259find\u0259n se\u00e7il\u0259n n\u00fcmay\u0259nd\u0259si.<\/p>\n<p>Qeyd ed\u0259k ki, haz\u0131rda M\u0259hk\u0259m\u0259-H\u00fcquq \u015euras\u0131n\u0131n 15 \u00fczvd\u0259n ibar\u0259t t\u0259rkibi a\u015fa\u011f\u0131dak\u0131 qaydada t\u0259\u015fkil olunur:<\/p>\n<p>&#8211; Az\u0259rbaycan Respublikas\u0131 m\u00fcvafiq icra hakimiyy\u0259ti orqan\u0131n\u0131n r\u0259hb\u0259ri (\u0259dliyy\u0259 naziri);<\/p>\n<p>&#8211; Az\u0259rbaycan Respublikas\u0131 Ali M\u0259hk\u0259m\u0259sinin s\u0259dri;<\/p>\n<p>&#8211; Az\u0259rbaycan Respublikas\u0131n\u0131n m\u00fcvafiq icra hakimiyy\u0259ti orqan\u0131 t\u0259r\u0259find\u0259n t\u0259yin edil\u0259n \u015f\u0259xs;<\/p>\n<p>&#8211; Az\u0259rbaycan Respublikas\u0131n\u0131n Milli M\u0259clisi t\u0259r\u0259find\u0259n t\u0259yin edil\u0259n \u015f\u0259xs;<\/p>\n<p>&#8211; Az\u0259rbaycan Respublikas\u0131n\u0131n Konstitusiya M\u0259hk\u0259m\u0259si t\u0259r\u0259find\u0259n t\u0259yin edil\u0259n hakim;<\/p>\n<p>&#8211; hakim assosiasiyalar\u0131 t\u0259r\u0259find\u0259n t\u0259klif olunmu\u015f namiz\u0259dl\u0259r s\u0131ras\u0131ndan Az\u0259rbaycan Respublikas\u0131 Ali M\u0259hk\u0259m\u0259sinin se\u00e7diyi kassasiya instansiyas\u0131 m\u0259hk\u0259m\u0259sinin iki hakimi;<\/p>\n<p>&#8211; hakim assosiasiyalar\u0131 t\u0259r\u0259find\u0259n t\u0259klif olunmu\u015f namiz\u0259dl\u0259r s\u0131ras\u0131ndan M\u0259hk\u0259m\u0259-H\u00fcquq \u015euras\u0131n\u0131n se\u00e7diyi apellyasiya m\u0259hk\u0259m\u0259l\u0259rinin iki hakimi;<\/p>\n<p>&#8211; hakim assosiasiyalar\u0131 t\u0259r\u0259find\u0259n t\u0259klif olunmu\u015f namiz\u0259dl\u0259r s\u0131ras\u0131ndan Nax\u00e7\u0131van Muxtar Respublikas\u0131 Ali M\u0259hk\u0259m\u0259sinin se\u00e7diyi Nax\u00e7\u0131van Muxtar Respublikas\u0131 Ali M\u0259hk\u0259m\u0259sinin hakimi;<\/p>\n<p>&#8211; hakim assosiasiyalar\u0131 t\u0259r\u0259find\u0259n t\u0259klif olunmu\u015f namiz\u0259dl\u0259r s\u0131ras\u0131ndan M\u0259hk\u0259m\u0259-H\u00fcquq \u015euras\u0131n\u0131n se\u00e7diyi birinci instansiya m\u0259hk\u0259m\u0259sinin iki hakimi;<\/p>\n<p>&#8211; Az\u0259rbaycan Respublikas\u0131n\u0131n m\u00fcvafiq icra hakimiyy\u0259ti orqan\u0131n\u0131n (\u018fdliyy\u0259 Nazirliyi) t\u0259yin etdiyi \u015f\u0259xs;<\/p>\n<p>&#8211; Az\u0259rbaycan Respublikas\u0131 V\u0259kill\u0259r Kollegiyas\u0131n\u0131n R\u0259yas\u0259t Hey\u0259ti t\u0259r\u0259find\u0259n t\u0259yin edil\u0259n v\u0259kil;<\/p>\n<p>&#8211; Az\u0259rbaycan Respublikas\u0131n\u0131n Ba\u015f Prokurorlu\u011fu t\u0259r\u0259find\u0259n t\u0259yin edil\u0259n \u015f\u0259xs.<\/p>\n<p>Bel\u0259likl\u0259, Az\u0259rbaycan Respublikas\u0131 m\u00fcvafiq icra hakimiyy\u0259ti orqan\u0131n\u0131n r\u0259hb\u0259ri (\u0259dliyy\u0259 naziri), &#8211; Az\u0259rbaycan Respublikas\u0131n\u0131n m\u00fcvafiq icra hakimiyy\u0259ti orqan\u0131n\u0131n (\u018fdliyy\u0259 Nazirliyi) t\u0259yin etdiyi \u015f\u0259xs, Nax\u00e7\u0131van Muxtar Respublikas\u0131 Ali M\u0259hk\u0259m\u0259sinin se\u00e7diyi Nax\u00e7\u0131van Muxtar Respublikas\u0131 Ali M\u0259hk\u0259m\u0259sinin hakimi, Az\u0259rbaycan Respublikas\u0131n\u0131n Ba\u015f Prokurorlu\u011fu t\u0259r\u0259find\u0259n t\u0259yin edil\u0259n \u015f\u0259xs M\u0259hk\u0259m\u0259-H\u00fcquq \u015euras\u0131n\u0131n t\u0259rkibind\u0259 yer almayacaq. Az\u0259rbaycan Respublikas\u0131 m\u00fcvafiq icra hakimiyy\u0259ti orqan\u0131n\u0131n r\u0259hb\u0259ri (\u0259dliyy\u0259 naziri) v\u0259 Az\u0259rbaycan Respublikas\u0131 Ali M\u0259hk\u0259m\u0259sinin s\u0259drinin v\u0259zif\u0259y\u0259 g\u00f6r\u0259 M\u0259hk\u0259m\u0259-H\u00fcquq \u015euras\u0131n\u0131n \u00fczvl\u0259ri hesab edilm\u0259si bar\u0259d\u0259 m\u00fcdd\u0259a l\u0259\u011fv olunur. \u00dcmumilikd\u0259 M\u0259hk\u0259m\u0259-H\u00fcquq \u015euras\u0131n\u0131n icra hakimiyy\u0259ti orqanlar\u0131n\u0131n n\u00fcmay\u0259nd\u0259l\u0259rind\u0259n olan \u00fczvl\u0259rinin say\u0131 azald\u0131l\u0131r, hakim \u00fczvl\u0259rinin say\u0131 art\u0131r\u0131l\u0131r, M\u0259hk\u0259m\u0259-H\u00fcquq \u015euras\u0131n\u0131n hakim \u00fczvl\u0259rinin hakiml\u0259rin konfrans\u0131 t\u0259r\u0259find\u0259n (Az\u0259rbaycan Respublikas\u0131n\u0131n Konstitusiya M\u0259hk\u0259m\u0259si t\u0259r\u0259find\u0259n t\u0259yin edil\u0259n hakim istisna olmaqla) se\u00e7ilm\u0259si, M\u0259hk\u0259m\u0259-H\u00fcquq \u015euras\u0131n\u0131n s\u0259drinin is\u0259 \u015euran\u0131n yaln\u0131z hakim \u00fczvl\u0259ri s\u0131ras\u0131ndan se\u00e7ilm\u0259si t\u0259klif edilir. Az\u0259rbaycan Respublikas\u0131n\u0131n Milli Elml\u0259r Akademiyas\u0131 t\u0259r\u0259find\u0259n t\u0259yin edil\u0259n h\u00fcquq\u015f\u00fcnas alim d\u0259 M\u0259hk\u0259m\u0259-H\u00fcquq \u015euras\u0131n\u0131n \u00fczv\u00fc olacaq.<\/p>\n<p>Qeyd ed\u0259k ki, q\u00fcvv\u0259d\u0259 olan qanuna g\u00f6r\u0259, Az\u0259rbaycan Respublikas\u0131n\u0131n m\u00fcvafiq icra hakimiyy\u0259ti orqan\u0131, Az\u0259rbaycan Respublikas\u0131n\u0131n Milli M\u0259clisi, Az\u0259rbaycan Respublikas\u0131n\u0131n m\u00fcvafiq icra hakimiyy\u0259ti orqan\u0131 v\u0259 Az\u0259rbaycan Respublikas\u0131n\u0131n Ba\u015f Prokurorlu\u011fu t\u0259r\u0259find\u0259n M\u0259hk\u0259m\u0259-H\u00fcquq \u015euras\u0131na \u00fczv t\u0259yin edil\u0259n \u015f\u0259xsl\u0259r ali h\u00fcquq t\u0259hsilin\u0259 v\u0259 h\u00fcquq\u015f\u00fcnas ixtisas\u0131 \u00fczr\u0259 be\u015f ild\u0259n art\u0131q i\u015f staj\u0131na malik olmal\u0131d\u0131rlar. Layih\u0259y\u0259 \u0259sas\u0259n, M\u0259hk\u0259m\u0259-H\u00fcquq \u015euras\u0131na \u00fczv se\u00e7il\u0259n (t\u0259yin edil\u0259n) \u015f\u0259xsl\u0259r ali h\u00fcquq t\u0259hsilin\u0259 v\u0259 h\u00fcquq\u015f\u00fcnas ixtisas\u0131 \u00fczr\u0259 on ild\u0259n art\u0131q i\u015f staj\u0131na malik olmal\u0131d\u0131rlar.<\/p>\n","protected":false},"excerpt":{"rendered":"<p>M\u0259hk\u0259m\u0259-H\u00fcquq \u015euras\u0131n\u0131n t\u0259rkibi yeni qaydada formala\u015fd\u0131r\u0131lacaq. APA x\u0259b\u0259r verir ki, bu, Milli M\u0259clisin may\u0131n 31-d\u0259 ke\u00e7iril\u0259c\u0259k plenar iclas\u0131nda m\u00fczakir\u0259y\u0259 \u00e7\u0131xar\u0131lacaq \u201cM\u0259hk\u0259m\u0259-H\u00fcquq \u015euras\u0131 haqq\u0131nda\u201d qanuna t\u0259klif edil\u0259n d\u0259yi\u015fiklikd\u0259 \u0259ksini tap\u0131b. Layih\u0259y\u0259 \u0259sas\u0259n, M\u0259hk\u0259m\u0259-H\u00fcquq \u015euras\u0131n\u0131n 15 \u00fczvd\u0259n ibar\u0259t t\u0259rkibi a\u015fa\u011f\u0131dak\u0131 qaydada t\u0259\u015fkil olunacaq: &#8211; hakiml\u0259rin konfrans\u0131 t\u0259r\u0259find\u0259n se\u00e7il\u0259n kassasiya instansiyas\u0131 m\u0259hk\u0259m\u0259sinin \u00fc\u00e7 hakimi; -. hakiml\u0259rin konfrans\u0131 t\u0259r\u0259find\u0259n se\u00e7il\u0259n apellyasiya instansiyas\u0131 m\u0259hk\u0259m\u0259l\u0259rinin \u00fc\u00e7 hakimi; -. hakiml\u0259rin konfrans\u0131 t\u0259r\u0259find\u0259n se\u00e7il\u0259n birinci instansiyas\u0131 m\u0259hk\u0259m\u0259l\u0259rinin \u00fc\u00e7 hakimi; -. Az\u0259rbaycan Respublikas\u0131n\u0131n Konstitusiya M\u0259hk\u0259m\u0259si t\u0259r\u0259find\u0259n t\u0259yin edil\u0259n hakim; -. Az\u0259rbaycan Respublikas\u0131n\u0131n Milli M\u0259clisi t\u0259r\u0259find\u0259n t\u0259yin edil\u0259n \u015f\u0259xs; -.&hellip;<\/p>\n","protected":false},"author":2,"featured_media":602757,"comment_status":"closed","ping_status":"closed","sticky":false,"template":"","format":"standard","meta":{"om_disable_all_campaigns":false,"_monsterinsights_skip_tracking":false,"_monsterinsights_sitenote_active":false,"_monsterinsights_sitenote_note":"","_monsterinsights_sitenote_category":0},"categories":[19],"tags":[],"aioseo_notices":[],"gutentor_comment":0,"rttpg_featured_image_url":{"full":["https:\/\/arantv.az\/wp-content\/uploads\/2023\/05\/6472e2e890cda6472e2e890cdb16852507926472e2e890cd86472e2e890cd9.jpg",740,493,false],"landscape":["https:\/\/arantv.az\/wp-content\/uploads\/2023\/05\/6472e2e890cda6472e2e890cdb16852507926472e2e890cd86472e2e890cd9.jpg",740,493,false],"portraits":["https:\/\/arantv.az\/wp-content\/uploads\/2023\/05\/6472e2e890cda6472e2e890cdb16852507926472e2e890cd86472e2e890cd9.jpg",740,493,false],"thumbnail":["https:\/\/arantv.az\/wp-content\/uploads\/2023\/05\/6472e2e890cda6472e2e890cdb16852507926472e2e890cd86472e2e890cd9-500x280.jpg",500,280,true],"medium":["https:\/\/arantv.az\/wp-content\/uploads\/2023\/05\/6472e2e890cda6472e2e890cdb16852507926472e2e890cd86472e2e890cd9-548x365.jpg",548,365,true],"large":["https:\/\/arantv.az\/wp-content\/uploads\/2023\/05\/6472e2e890cda6472e2e890cdb16852507926472e2e890cd86472e2e890cd9.jpg",640,426,false],"1536x1536":["https:\/\/arantv.az\/wp-content\/uploads\/2023\/05\/6472e2e890cda6472e2e890cdb16852507926472e2e890cd86472e2e890cd9.jpg",740,493,false],"2048x2048":["https:\/\/arantv.az\/wp-content\/uploads\/2023\/05\/6472e2e890cda6472e2e890cdb16852507926472e2e890cd86472e2e890cd9.jpg",740,493,false],"post-thumbnail":["https:\/\/arantv.az\/wp-content\/uploads\/2023\/05\/6472e2e890cda6472e2e890cdb16852507926472e2e890cd86472e2e890cd9-240x172.jpg",240,172,true],"advps-thumb-one":["https:\/\/arantv.az\/wp-content\/uploads\/2023\/05\/6472e2e890cda6472e2e890cdb16852507926472e2e890cd86472e2e890cd9.jpg",740,493,false]},"rttpg_author":{"display_name":"V\u00fcsal Rafiqo\u011flu","author_link":"https:\/\/arantv.az\/?author=2"},"rttpg_comment":0,"rttpg_category":"<a href=\"https:\/\/arantv.az\/?cat=19\" rel=\"category\">G\u00fcnd\u0259m<\/a>","rttpg_excerpt":"M\u0259hk\u0259m\u0259-H\u00fcquq \u015euras\u0131n\u0131n t\u0259rkibi yeni qaydada formala\u015fd\u0131r\u0131lacaq. APA x\u0259b\u0259r verir ki, bu, Milli M\u0259clisin may\u0131n 31-d\u0259 ke\u00e7iril\u0259c\u0259k plenar iclas\u0131nda m\u00fczakir\u0259y\u0259 \u00e7\u0131xar\u0131lacaq \u201cM\u0259hk\u0259m\u0259-H\u00fcquq \u015euras\u0131 haqq\u0131nda\u201d qanuna t\u0259klif edil\u0259n d\u0259yi\u015fiklikd\u0259 \u0259ksini tap\u0131b. Layih\u0259y\u0259 \u0259sas\u0259n, M\u0259hk\u0259m\u0259-H\u00fcquq \u015euras\u0131n\u0131n 15 \u00fczvd\u0259n ibar\u0259t t\u0259rkibi a\u015fa\u011f\u0131dak\u0131 qaydada t\u0259\u015fkil olunacaq: &#8211; hakiml\u0259rin konfrans\u0131 t\u0259r\u0259find\u0259n se\u00e7il\u0259n kassasiya instansiyas\u0131 m\u0259hk\u0259m\u0259sinin \u00fc\u00e7 hakimi; -. hakiml\u0259rin konfrans\u0131 t\u0259r\u0259find\u0259n&hellip;","_links":{"self":[{"href":"https:\/\/arantv.az\/index.php?rest_route=\/wp\/v2\/posts\/602756"}],"collection":[{"href":"https:\/\/arantv.az\/index.php?rest_route=\/wp\/v2\/posts"}],"about":[{"href":"https:\/\/arantv.az\/index.php?rest_route=\/wp\/v2\/types\/post"}],"author":[{"embeddable":true,"href":"https:\/\/arantv.az\/index.php?rest_route=\/wp\/v2\/users\/2"}],"replies":[{"embeddable":true,"href":"https:\/\/arantv.az\/index.php?rest_route=%2Fwp%2Fv2%2Fcomments&post=602756"}],"version-history":[{"count":0,"href":"https:\/\/arantv.az\/index.php?rest_route=\/wp\/v2\/posts\/602756\/revisions"}],"wp:featuredmedia":[{"embeddable":true,"href":"https:\/\/arantv.az\/index.php?rest_route=\/wp\/v2\/media\/602757"}],"wp:attachment":[{"href":"https:\/\/arantv.az\/index.php?rest_route=%2Fwp%2Fv2%2Fmedia&parent=602756"}],"wp:term":[{"taxonomy":"category","embeddable":true,"href":"https:\/\/arantv.az\/index.php?rest_route=%2Fwp%2Fv2%2Fcategories&post=602756"},{"taxonomy":"post_tag","embeddable":true,"href":"https:\/\/arantv.az\/index.php?rest_route=%2Fwp%2Fv2%2Ftags&post=602756"}],"curies":[{"name":"wp","href":"https:\/\/api.w.org\/{rel}","templated":true}]}}