{"id":602759,"date":"2023-05-28T10:52:08","date_gmt":"2023-05-28T06:52:08","guid":{"rendered":"https:\/\/arantv.az\/?p=602759"},"modified":"2023-05-28T10:52:08","modified_gmt":"2023-05-28T06:52:08","slug":"ilham-%c9%99liyev-bu-gun-lacin-s%c9%99h%c9%99rinin-yeni-simasi-must%c9%99qilliyimizin-n%c9%99-q%c9%99d%c9%99r-guclu-olmasini-bir-daha-gost%c9%99rir","status":"publish","type":"post","link":"https:\/\/arantv.az\/?p=602759","title":{"rendered":"\u0130lham \u018fliyev: Bu g\u00fcn La\u00e7\u0131n \u015f\u0259h\u0259rinin yeni simas\u0131 m\u00fcst\u0259qilliyimizin n\u0259 q\u0259d\u0259r g\u00fccl\u00fc olmas\u0131n\u0131 bir daha g\u00f6st\u0259rir"},"content":{"rendered":"<p>Bu g\u00fcn yeni La\u00e7\u0131n \u015f\u0259h\u0259rinin yeni simas\u0131 m\u00fcst\u0259qilliyimizin n\u0259 q\u0259d\u0259r g\u00fccl\u00fc olmas\u0131n\u0131 bir daha g\u00f6st\u0259rir. \u00c7\u00fcnki c\u0259mi 7-8 ay \u0259rzind\u0259 \u015f\u0259h\u0259rin b\u00f6y\u00fck hiss\u0259si tamamil\u0259 yenid\u0259n qurulub v\u0259 sizin s\u0259r\u0259ncam\u0131n\u0131za verilir. \u0130lk 20 ail\u0259 art\u0131q d\u00fcn\u0259nd\u0259n La\u00e7\u0131nda yerl\u0259\u015fibdir v\u0259 iyun ay\u0131n\u0131n sonuna q\u0259d\u0259r \u0259lav\u0259 bir \u00e7ox ail\u0259l\u0259r g\u0259l\u0259c\u0259k. Bel\u0259likl\u0259, birinci m\u0259rh\u0259l\u0259d\u0259 La\u00e7\u0131nda 4 min\u0259 yax\u0131n, b\u0259lk\u0259 d\u0259 \u00e7ox insan ya\u015fayacaqd\u0131r.<\/p>\n<p><strong>ARANTV.AZ<\/strong> <a href=\"http:\/\/azertag.az\/\" target=\"_blank\" rel=\"noopener\">AZ\u018fRTAC<\/a>-a istinad\u0259n bildirir ki, bu fikri Az\u0259rbaycan Prezidenti \u0130lham \u018fliyev may\u0131n 28-d\u0259 La\u00e7\u0131nda bu rayondan olan sakinl\u0259rl\u0259 g\u00f6r\u00fc\u015fd\u0259 deyib.<\/p>\n<p>B\u00fct\u00f6vl\u00fckd\u0259 7-8 ay \u0259rzind\u0259 700 binan\u0131n in\u015fa edildiyini vur\u011fulayan Az\u0259rbaycan Prezidenti bildirib: &#8220;Onlardan 620-si f\u0259rdi ya\u015fay\u0131\u015f binas\u0131, 9 \u00e7oxm\u0259nzilli bina v\u0259 orada 144 m\u0259nzil haz\u0131rlan\u0131bd\u0131r. Bel\u0259likl\u0259, art\u0131q 764 ail\u0259 La\u00e7\u0131n \u015f\u0259h\u0259rind\u0259 ya\u015faya bil\u0259r. Amma bu, h\u0259l\u0259 tam proqram\u0131m\u0131z deyil. La\u00e7\u0131n \u015f\u0259h\u0259rinin Ba\u015f plan\u0131 haz\u0131rlan\u0131b v\u0259 bu g\u00fcn t\u0259qdim edil\u0259c\u0259k. La\u00e7\u0131n \u015f\u0259h\u0259rind\u0259 ikinci m\u0259rh\u0259l\u0259d\u0259 g\u00f6r\u00fcl\u0259c\u0259k i\u015fl\u0259rl\u0259 ba\u011fl\u0131 bizim \u00e7ox d\u0259qiq t\u0259s\u0259vv\u00fcr\u00fcm\u00fcz var v\u0259 bel\u0259likl\u0259, hesab edir\u0259m ki, ilin sonuna q\u0259d\u0259r daha \u00e7ox insan La\u00e7\u0131nda ya\u015faya bil\u0259c\u0259k&#8221;.<\/p>\n","protected":false},"excerpt":{"rendered":"<p>Bu g\u00fcn yeni La\u00e7\u0131n \u015f\u0259h\u0259rinin yeni simas\u0131 m\u00fcst\u0259qilliyimizin n\u0259 q\u0259d\u0259r g\u00fccl\u00fc olmas\u0131n\u0131 bir daha g\u00f6st\u0259rir. \u00c7\u00fcnki c\u0259mi 7-8 ay \u0259rzind\u0259 \u015f\u0259h\u0259rin b\u00f6y\u00fck hiss\u0259si tamamil\u0259 yenid\u0259n qurulub v\u0259 sizin s\u0259r\u0259ncam\u0131n\u0131za verilir. \u0130lk 20 ail\u0259 art\u0131q d\u00fcn\u0259nd\u0259n La\u00e7\u0131nda yerl\u0259\u015fibdir v\u0259 iyun ay\u0131n\u0131n sonuna q\u0259d\u0259r \u0259lav\u0259 bir \u00e7ox ail\u0259l\u0259r g\u0259l\u0259c\u0259k. Bel\u0259likl\u0259, birinci m\u0259rh\u0259l\u0259d\u0259 La\u00e7\u0131nda 4 min\u0259 yax\u0131n, b\u0259lk\u0259 d\u0259 \u00e7ox insan ya\u015fayacaqd\u0131r. ARANTV.AZ AZ\u018fRTAC-a istinad\u0259n bildirir ki, bu fikri Az\u0259rbaycan Prezidenti \u0130lham \u018fliyev may\u0131n 28-d\u0259 La\u00e7\u0131nda bu rayondan olan sakinl\u0259rl\u0259 g\u00f6r\u00fc\u015fd\u0259 deyib. B\u00fct\u00f6vl\u00fckd\u0259 7-8 ay \u0259rzind\u0259 700 binan\u0131n in\u015fa edildiyini vur\u011fulayan Az\u0259rbaycan Prezidenti&hellip;<\/p>\n","protected":false},"author":2,"featured_media":602760,"comment_status":"closed","ping_status":"closed","sticky":false,"template":"","format":"standard","meta":{"om_disable_all_campaigns":false,"_monsterinsights_skip_tracking":false,"_monsterinsights_sitenote_active":false,"_monsterinsights_sitenote_note":"","_monsterinsights_sitenote_category":0},"categories":[19],"tags":[],"aioseo_notices":[],"gutentor_comment":0,"rttpg_featured_image_url":{"full":["https:\/\/arantv.az\/wp-content\/uploads\/2023\/05\/1125101_12.jpg",1000,603,false],"landscape":["https:\/\/arantv.az\/wp-content\/uploads\/2023\/05\/1125101_12.jpg",1000,603,false],"portraits":["https:\/\/arantv.az\/wp-content\/uploads\/2023\/05\/1125101_12.jpg",1000,603,false],"thumbnail":["https:\/\/arantv.az\/wp-content\/uploads\/2023\/05\/1125101_12-500x280.jpg",500,280,true],"medium":["https:\/\/arantv.az\/wp-content\/uploads\/2023\/05\/1125101_12-605x365.jpg",605,365,true],"large":["https:\/\/arantv.az\/wp-content\/uploads\/2023\/05\/1125101_12-840x507.jpg",640,386,true],"1536x1536":["https:\/\/arantv.az\/wp-content\/uploads\/2023\/05\/1125101_12.jpg",1000,603,false],"2048x2048":["https:\/\/arantv.az\/wp-content\/uploads\/2023\/05\/1125101_12.jpg",1000,603,false],"post-thumbnail":["https:\/\/arantv.az\/wp-content\/uploads\/2023\/05\/1125101_12-240x172.jpg",240,172,true],"advps-thumb-one":["https:\/\/arantv.az\/wp-content\/uploads\/2023\/05\/1125101_12.jpg",1000,603,false]},"rttpg_author":{"display_name":"V\u00fcsal Rafiqo\u011flu","author_link":"https:\/\/arantv.az\/?author=2"},"rttpg_comment":0,"rttpg_category":"<a href=\"https:\/\/arantv.az\/?cat=19\" rel=\"category\">G\u00fcnd\u0259m<\/a>","rttpg_excerpt":"Bu g\u00fcn yeni La\u00e7\u0131n \u015f\u0259h\u0259rinin yeni simas\u0131 m\u00fcst\u0259qilliyimizin n\u0259 q\u0259d\u0259r g\u00fccl\u00fc olmas\u0131n\u0131 bir daha g\u00f6st\u0259rir. \u00c7\u00fcnki c\u0259mi 7-8 ay \u0259rzind\u0259 \u015f\u0259h\u0259rin b\u00f6y\u00fck hiss\u0259si tamamil\u0259 yenid\u0259n qurulub v\u0259 sizin s\u0259r\u0259ncam\u0131n\u0131za verilir. \u0130lk 20 ail\u0259 art\u0131q d\u00fcn\u0259nd\u0259n La\u00e7\u0131nda yerl\u0259\u015fibdir v\u0259 iyun ay\u0131n\u0131n sonuna q\u0259d\u0259r \u0259lav\u0259 bir \u00e7ox ail\u0259l\u0259r g\u0259l\u0259c\u0259k. Bel\u0259likl\u0259, birinci m\u0259rh\u0259l\u0259d\u0259 La\u00e7\u0131nda 4 min\u0259 yax\u0131n, b\u0259lk\u0259&hellip;","_links":{"self":[{"href":"https:\/\/arantv.az\/index.php?rest_route=\/wp\/v2\/posts\/602759"}],"collection":[{"href":"https:\/\/arantv.az\/index.php?rest_route=\/wp\/v2\/posts"}],"about":[{"href":"https:\/\/arantv.az\/index.php?rest_route=\/wp\/v2\/types\/post"}],"author":[{"embeddable":true,"href":"https:\/\/arantv.az\/index.php?rest_route=\/wp\/v2\/users\/2"}],"replies":[{"embeddable":true,"href":"https:\/\/arantv.az\/index.php?rest_route=%2Fwp%2Fv2%2Fcomments&post=602759"}],"version-history":[{"count":0,"href":"https:\/\/arantv.az\/index.php?rest_route=\/wp\/v2\/posts\/602759\/revisions"}],"wp:featuredmedia":[{"embeddable":true,"href":"https:\/\/arantv.az\/index.php?rest_route=\/wp\/v2\/media\/602760"}],"wp:attachment":[{"href":"https:\/\/arantv.az\/index.php?rest_route=%2Fwp%2Fv2%2Fmedia&parent=602759"}],"wp:term":[{"taxonomy":"category","embeddable":true,"href":"https:\/\/arantv.az\/index.php?rest_route=%2Fwp%2Fv2%2Fcategories&post=602759"},{"taxonomy":"post_tag","embeddable":true,"href":"https:\/\/arantv.az\/index.php?rest_route=%2Fwp%2Fv2%2Ftags&post=602759"}],"curies":[{"name":"wp","href":"https:\/\/api.w.org\/{rel}","templated":true}]}}