{"id":602762,"date":"2023-05-28T10:54:03","date_gmt":"2023-05-28T06:54:03","guid":{"rendered":"https:\/\/arantv.az\/?p=602762"},"modified":"2023-05-28T10:54:03","modified_gmt":"2023-05-28T06:54:03","slug":"prezident-bu-gun-must%c9%99qil-az%c9%99rbaycan-dovl%c9%99ti-ist%c9%99nil%c9%99n-n%c9%99tic%c9%99ni-%c9%99ld%c9%99-etm%c9%99y%c9%99-qadirdir","status":"publish","type":"post","link":"https:\/\/arantv.az\/?p=602762","title":{"rendered":"Prezident: Bu g\u00fcn m\u00fcst\u0259qil Az\u0259rbaycan d\u00f6vl\u0259ti ist\u0259nil\u0259n n\u0259tic\u0259ni \u0259ld\u0259 etm\u0259y\u0259 qadirdir"},"content":{"rendered":"<p><strong>Bu g\u00fcn ikiqat bayramd\u0131r. \u00c7\u00fcnki bu g\u00fcn La\u00e7\u0131n \u015f\u0259h\u0259rinin sakinl\u0259ri uzun fasil\u0259d\u0259n sonra \u00f6z do\u011fma \u015f\u0259h\u0259rin\u0259 qay\u0131d\u0131blar v\u0259 bu m\u00fcnasib\u0259tl\u0259 h\u0259m sizi, h\u0259m d\u0259 b\u00fct\u00fcn Az\u0259rbaycan xalq\u0131n\u0131 t\u0259brik etm\u0259k ist\u0259yir\u0259m.<\/strong><\/p>\n<p><strong>ARANTV.AZ<\/strong> <a href=\"http:\/\/azertag.az\/\" target=\"_blank\" rel=\"noopener\">AZ\u018fRTAC<\/a>-a istinad\u0259n bildirir ki,\u00a0bu fikri Az\u0259rbaycan Prezidenti \u0130lham \u018fliyev may\u0131n 28-d\u0259 La\u00e7\u0131nda bu rayondan olan sakinl\u0259rl\u0259 g\u00f6r\u00fc\u015fd\u0259 deyib.<\/p>\n<div id=\"oldInpageTag\">\n<div id=\"AinsyndicationPlayerId1685256768\" class=\"inpage\" data-viewable=\"1\">\n<div class=\"inpage-wrap\">\n<div class=\"smrt-info\"><i class=\"smrt-l\"><\/i><\/p>\n<div class=\"smrt-wrap\"><\/div>\n<\/div>\n<div class=\"inpage-video\">\n<div id=\"fluid_video_wrapper_AinsyndicationPlayer\" class=\"fluid_video_wrapper fluid_player_layout_default\">\n<div id=\"ad_countdownAinsyndicationPlayer\" class=\"ad_countdown\">Bu g\u00f6r\u00fc\u015f\u00fcn 28 May tarixind\u0259 t\u0259\u015fkil edilm\u0259sinin b\u00f6y\u00fck r\u0259mzi m\u0259nas\u0131 oldu\u011funu vur\u011fulayan d\u00f6vl\u0259timizin ba\u015f\u00e7\u0131s\u0131 deyib: &#8220;Bu g\u00fcn m\u00fcst\u0259qil Az\u0259rbaycan d\u00f6vl\u0259ti h\u0259m d\u00fcnya miqyas\u0131nda \u00f6z m\u00f6vqel\u0259rini kifay\u0259t q\u0259d\u0259r m\u00f6hk\u0259ml\u0259ndirib, eyni zamanda, bu g\u00fcn m\u00fcst\u0259qil Az\u0259rbaycan d\u00f6vl\u0259ti ist\u0259nil\u0259n n\u0259tic\u0259ni \u0259ld\u0259 etm\u0259y\u0259 qadirdir&#8221;.<\/div>\n<\/div>\n<\/div>\n<\/div>\n<\/div>\n<\/div>\n","protected":false},"excerpt":{"rendered":"<p>Bu g\u00fcn ikiqat bayramd\u0131r. \u00c7\u00fcnki bu g\u00fcn La\u00e7\u0131n \u015f\u0259h\u0259rinin sakinl\u0259ri uzun fasil\u0259d\u0259n sonra \u00f6z do\u011fma \u015f\u0259h\u0259rin\u0259 qay\u0131d\u0131blar v\u0259 bu m\u00fcnasib\u0259tl\u0259 h\u0259m sizi, h\u0259m d\u0259 b\u00fct\u00fcn Az\u0259rbaycan xalq\u0131n\u0131 t\u0259brik etm\u0259k ist\u0259yir\u0259m. ARANTV.AZ AZ\u018fRTAC-a istinad\u0259n bildirir ki,\u00a0bu fikri Az\u0259rbaycan Prezidenti \u0130lham \u018fliyev may\u0131n 28-d\u0259 La\u00e7\u0131nda bu rayondan olan sakinl\u0259rl\u0259 g\u00f6r\u00fc\u015fd\u0259 deyib. Bu g\u00f6r\u00fc\u015f\u00fcn 28 May tarixind\u0259 t\u0259\u015fkil edilm\u0259sinin b\u00f6y\u00fck r\u0259mzi m\u0259nas\u0131 oldu\u011funu vur\u011fulayan d\u00f6vl\u0259timizin ba\u015f\u00e7\u0131s\u0131 deyib: &#8220;Bu g\u00fcn m\u00fcst\u0259qil Az\u0259rbaycan d\u00f6vl\u0259ti h\u0259m d\u00fcnya miqyas\u0131nda \u00f6z m\u00f6vqel\u0259rini kifay\u0259t q\u0259d\u0259r m\u00f6hk\u0259ml\u0259ndirib, eyni zamanda, bu g\u00fcn m\u00fcst\u0259qil Az\u0259rbaycan d\u00f6vl\u0259ti ist\u0259nil\u0259n n\u0259tic\u0259ni \u0259ld\u0259 etm\u0259y\u0259 qadirdir&#8221;.<\/p>\n","protected":false},"author":2,"featured_media":602763,"comment_status":"closed","ping_status":"closed","sticky":false,"template":"","format":"standard","meta":{"om_disable_all_campaigns":false,"_monsterinsights_skip_tracking":false,"_monsterinsights_sitenote_active":false,"_monsterinsights_sitenote_note":"","_monsterinsights_sitenote_category":0},"categories":[1],"tags":[],"aioseo_notices":[],"gutentor_comment":0,"rttpg_featured_image_url":{"full":["https:\/\/arantv.az\/wp-content\/uploads\/2023\/05\/1125101_2.jpg",1000,666,false],"landscape":["https:\/\/arantv.az\/wp-content\/uploads\/2023\/05\/1125101_2.jpg",1000,666,false],"portraits":["https:\/\/arantv.az\/wp-content\/uploads\/2023\/05\/1125101_2.jpg",1000,666,false],"thumbnail":["https:\/\/arantv.az\/wp-content\/uploads\/2023\/05\/1125101_2-500x280.jpg",500,280,true],"medium":["https:\/\/arantv.az\/wp-content\/uploads\/2023\/05\/1125101_2-548x365.jpg",548,365,true],"large":["https:\/\/arantv.az\/wp-content\/uploads\/2023\/05\/1125101_2-840x559.jpg",640,426,true],"1536x1536":["https:\/\/arantv.az\/wp-content\/uploads\/2023\/05\/1125101_2.jpg",1000,666,false],"2048x2048":["https:\/\/arantv.az\/wp-content\/uploads\/2023\/05\/1125101_2.jpg",1000,666,false],"post-thumbnail":["https:\/\/arantv.az\/wp-content\/uploads\/2023\/05\/1125101_2-240x172.jpg",240,172,true],"advps-thumb-one":["https:\/\/arantv.az\/wp-content\/uploads\/2023\/05\/1125101_2-1000x620.jpg",1000,620,true]},"rttpg_author":{"display_name":"V\u00fcsal Rafiqo\u011flu","author_link":"https:\/\/arantv.az\/?author=2"},"rttpg_comment":0,"rttpg_category":"<a href=\"https:\/\/arantv.az\/?cat=1\" rel=\"category\">C\u0259miyy\u0259t<\/a>","rttpg_excerpt":"Bu g\u00fcn ikiqat bayramd\u0131r. \u00c7\u00fcnki bu g\u00fcn La\u00e7\u0131n \u015f\u0259h\u0259rinin sakinl\u0259ri uzun fasil\u0259d\u0259n sonra \u00f6z do\u011fma \u015f\u0259h\u0259rin\u0259 qay\u0131d\u0131blar v\u0259 bu m\u00fcnasib\u0259tl\u0259 h\u0259m sizi, h\u0259m d\u0259 b\u00fct\u00fcn Az\u0259rbaycan xalq\u0131n\u0131 t\u0259brik etm\u0259k ist\u0259yir\u0259m. ARANTV.AZ AZ\u018fRTAC-a istinad\u0259n bildirir ki,\u00a0bu fikri Az\u0259rbaycan Prezidenti \u0130lham \u018fliyev may\u0131n 28-d\u0259 La\u00e7\u0131nda bu rayondan olan sakinl\u0259rl\u0259 g\u00f6r\u00fc\u015fd\u0259 deyib. Bu g\u00f6r\u00fc\u015f\u00fcn 28 May tarixind\u0259 t\u0259\u015fkil&hellip;","_links":{"self":[{"href":"https:\/\/arantv.az\/index.php?rest_route=\/wp\/v2\/posts\/602762"}],"collection":[{"href":"https:\/\/arantv.az\/index.php?rest_route=\/wp\/v2\/posts"}],"about":[{"href":"https:\/\/arantv.az\/index.php?rest_route=\/wp\/v2\/types\/post"}],"author":[{"embeddable":true,"href":"https:\/\/arantv.az\/index.php?rest_route=\/wp\/v2\/users\/2"}],"replies":[{"embeddable":true,"href":"https:\/\/arantv.az\/index.php?rest_route=%2Fwp%2Fv2%2Fcomments&post=602762"}],"version-history":[{"count":0,"href":"https:\/\/arantv.az\/index.php?rest_route=\/wp\/v2\/posts\/602762\/revisions"}],"wp:featuredmedia":[{"embeddable":true,"href":"https:\/\/arantv.az\/index.php?rest_route=\/wp\/v2\/media\/602763"}],"wp:attachment":[{"href":"https:\/\/arantv.az\/index.php?rest_route=%2Fwp%2Fv2%2Fmedia&parent=602762"}],"wp:term":[{"taxonomy":"category","embeddable":true,"href":"https:\/\/arantv.az\/index.php?rest_route=%2Fwp%2Fv2%2Fcategories&post=602762"},{"taxonomy":"post_tag","embeddable":true,"href":"https:\/\/arantv.az\/index.php?rest_route=%2Fwp%2Fv2%2Ftags&post=602762"}],"curies":[{"name":"wp","href":"https:\/\/api.w.org\/{rel}","templated":true}]}}