{"id":602778,"date":"2023-05-28T11:17:36","date_gmt":"2023-05-28T07:17:36","guid":{"rendered":"https:\/\/arantv.az\/?p=602778"},"modified":"2023-05-28T11:17:36","modified_gmt":"2023-05-28T07:17:36","slug":"turkiy%c9%99-xin-bascisi-can-az%c9%99rbaycani-t%c9%99brik-edir-salamlarimi-catdiriram","status":"publish","type":"post","link":"https:\/\/arantv.az\/?p=602778","title":{"rendered":"T\u00fcrkiy\u0259 X\u0130N ba\u015f\u00e7\u0131s\u0131: &#8220;Can Az\u0259rbaycan\u0131 t\u0259brik edir, salamlar\u0131m\u0131 \u00e7atd\u0131r\u0131ram&#8221;"},"content":{"rendered":"<p>\u201cCan Az\u0259rbaycana salamlar\u0131m\u0131 \u00e7atd\u0131r\u0131ram\u201d.<\/p>\n<p>\u201cReport\u201d x\u0259b\u0259r verir ki, bunu T\u00fcrkiy\u0259d\u0259ki prezident se\u00e7kil\u0259rinin ikinci turu \u00fc\u00e7\u00fcn s\u0259sverm\u0259d\u0259 i\u015ftirak ed\u0259n xarici i\u015fl\u0259r naziri M\u00f6vlud \u00c7avu\u015fo\u011flu jurnalistl\u0259r\u0259 a\u00e7\u0131qlamas\u0131nda deyib.<\/p>\n<p>O bildirib ki, Az\u0259rbaycan 105 il \u0259vv\u0259l m\u00fcst\u0259qilliyini \u0259ld\u0259 edib: \u201cAz\u0259rbaycan\u0131n m\u00fcst\u0259qillik g\u00fcn\u00fcn\u00fc \u00fcr\u0259kd\u0259n t\u0259brik edir\u0259m. Bu g\u00fcn bizim \u00fc\u00e7\u00fcn vacib tarixdir\u201d.<\/p>\n","protected":false},"excerpt":{"rendered":"<p>\u201cCan Az\u0259rbaycana salamlar\u0131m\u0131 \u00e7atd\u0131r\u0131ram\u201d. \u201cReport\u201d x\u0259b\u0259r verir ki, bunu T\u00fcrkiy\u0259d\u0259ki prezident se\u00e7kil\u0259rinin ikinci turu \u00fc\u00e7\u00fcn s\u0259sverm\u0259d\u0259 i\u015ftirak ed\u0259n xarici i\u015fl\u0259r naziri M\u00f6vlud \u00c7avu\u015fo\u011flu jurnalistl\u0259r\u0259 a\u00e7\u0131qlamas\u0131nda deyib. O bildirib ki, Az\u0259rbaycan 105 il \u0259vv\u0259l m\u00fcst\u0259qilliyini \u0259ld\u0259 edib: \u201cAz\u0259rbaycan\u0131n m\u00fcst\u0259qillik g\u00fcn\u00fcn\u00fc \u00fcr\u0259kd\u0259n t\u0259brik edir\u0259m. Bu g\u00fcn bizim \u00fc\u00e7\u00fcn vacib tarixdir\u201d.<\/p>\n","protected":false},"author":2,"featured_media":602779,"comment_status":"closed","ping_status":"closed","sticky":false,"template":"","format":"standard","meta":{"om_disable_all_campaigns":false,"_monsterinsights_skip_tracking":false,"_monsterinsights_sitenote_active":false,"_monsterinsights_sitenote_note":"","_monsterinsights_sitenote_category":0},"categories":[19],"tags":[],"aioseo_notices":[],"gutentor_comment":0,"rttpg_featured_image_url":{"full":["https:\/\/arantv.az\/wp-content\/uploads\/2023\/05\/dd5d271bf901bd55c86eaae6b98daaaa.jpg",850,500,false],"landscape":["https:\/\/arantv.az\/wp-content\/uploads\/2023\/05\/dd5d271bf901bd55c86eaae6b98daaaa.jpg",850,500,false],"portraits":["https:\/\/arantv.az\/wp-content\/uploads\/2023\/05\/dd5d271bf901bd55c86eaae6b98daaaa.jpg",850,500,false],"thumbnail":["https:\/\/arantv.az\/wp-content\/uploads\/2023\/05\/dd5d271bf901bd55c86eaae6b98daaaa-500x280.jpg",500,280,true],"medium":["https:\/\/arantv.az\/wp-content\/uploads\/2023\/05\/dd5d271bf901bd55c86eaae6b98daaaa-621x365.jpg",621,365,true],"large":["https:\/\/arantv.az\/wp-content\/uploads\/2023\/05\/dd5d271bf901bd55c86eaae6b98daaaa-840x494.jpg",640,376,true],"1536x1536":["https:\/\/arantv.az\/wp-content\/uploads\/2023\/05\/dd5d271bf901bd55c86eaae6b98daaaa.jpg",850,500,false],"2048x2048":["https:\/\/arantv.az\/wp-content\/uploads\/2023\/05\/dd5d271bf901bd55c86eaae6b98daaaa.jpg",850,500,false],"post-thumbnail":["https:\/\/arantv.az\/wp-content\/uploads\/2023\/05\/dd5d271bf901bd55c86eaae6b98daaaa-240x172.jpg",240,172,true],"advps-thumb-one":["https:\/\/arantv.az\/wp-content\/uploads\/2023\/05\/dd5d271bf901bd55c86eaae6b98daaaa.jpg",850,500,false]},"rttpg_author":{"display_name":"V\u00fcsal Rafiqo\u011flu","author_link":"https:\/\/arantv.az\/?author=2"},"rttpg_comment":0,"rttpg_category":"<a href=\"https:\/\/arantv.az\/?cat=19\" rel=\"category\">G\u00fcnd\u0259m<\/a>","rttpg_excerpt":"\u201cCan Az\u0259rbaycana salamlar\u0131m\u0131 \u00e7atd\u0131r\u0131ram\u201d. \u201cReport\u201d x\u0259b\u0259r verir ki, bunu T\u00fcrkiy\u0259d\u0259ki prezident se\u00e7kil\u0259rinin ikinci turu \u00fc\u00e7\u00fcn s\u0259sverm\u0259d\u0259 i\u015ftirak ed\u0259n xarici i\u015fl\u0259r naziri M\u00f6vlud \u00c7avu\u015fo\u011flu jurnalistl\u0259r\u0259 a\u00e7\u0131qlamas\u0131nda deyib. O bildirib ki, Az\u0259rbaycan 105 il \u0259vv\u0259l m\u00fcst\u0259qilliyini \u0259ld\u0259 edib: \u201cAz\u0259rbaycan\u0131n m\u00fcst\u0259qillik g\u00fcn\u00fcn\u00fc \u00fcr\u0259kd\u0259n t\u0259brik edir\u0259m. Bu g\u00fcn bizim \u00fc\u00e7\u00fcn vacib tarixdir\u201d.","_links":{"self":[{"href":"https:\/\/arantv.az\/index.php?rest_route=\/wp\/v2\/posts\/602778"}],"collection":[{"href":"https:\/\/arantv.az\/index.php?rest_route=\/wp\/v2\/posts"}],"about":[{"href":"https:\/\/arantv.az\/index.php?rest_route=\/wp\/v2\/types\/post"}],"author":[{"embeddable":true,"href":"https:\/\/arantv.az\/index.php?rest_route=\/wp\/v2\/users\/2"}],"replies":[{"embeddable":true,"href":"https:\/\/arantv.az\/index.php?rest_route=%2Fwp%2Fv2%2Fcomments&post=602778"}],"version-history":[{"count":0,"href":"https:\/\/arantv.az\/index.php?rest_route=\/wp\/v2\/posts\/602778\/revisions"}],"wp:featuredmedia":[{"embeddable":true,"href":"https:\/\/arantv.az\/index.php?rest_route=\/wp\/v2\/media\/602779"}],"wp:attachment":[{"href":"https:\/\/arantv.az\/index.php?rest_route=%2Fwp%2Fv2%2Fmedia&parent=602778"}],"wp:term":[{"taxonomy":"category","embeddable":true,"href":"https:\/\/arantv.az\/index.php?rest_route=%2Fwp%2Fv2%2Fcategories&post=602778"},{"taxonomy":"post_tag","embeddable":true,"href":"https:\/\/arantv.az\/index.php?rest_route=%2Fwp%2Fv2%2Ftags&post=602778"}],"curies":[{"name":"wp","href":"https:\/\/api.w.org\/{rel}","templated":true}]}}