{"id":603945,"date":"2023-06-04T22:49:13","date_gmt":"2023-06-04T18:49:13","guid":{"rendered":"https:\/\/arantv.az\/?p=603945"},"modified":"2023-06-04T22:49:13","modified_gmt":"2023-06-04T18:49:13","slug":"netanyahu-baea-nin-iranla-bagli-q%c9%99rarini-s%c9%99rh-edib","status":"publish","type":"post","link":"https:\/\/arantv.az\/?p=603945","title":{"rendered":"Netanyahu BAEA-n\u0131n \u0130ranla ba\u011fl\u0131 q\u0259rar\u0131n\u0131 \u015f\u0259rh edib"},"content":{"rendered":"<p>\u0130srailin ba\u015f naziri Benyamin Netanyahu bazar g\u00fcn\u00fc Beyn\u0259lxalq Atom Enerjisi Agentliyinin (BAEA) \u0130randak\u0131 n\u00fcv\u0259 obyektl\u0259rind\u0259n birind\u0259 uran\u0131n 83,7%-\u0259 q\u0259d\u0259r z\u0259nginl\u0259\u015fdirilm\u0259si il\u0259 ba\u011fl\u0131 t\u0259hqiqat\u0131 ba\u011flamaq q\u0259rar\u0131n\u0131 \u201c\u0130ran\u0131n t\u0259zyiqi alt\u0131nda edil\u0259n g\u00fcz\u0259\u015ft\u201d \u00a0v\u0259 \u201ct\u0259\u015fkilat\u0131n tarixind\u0259ki qara l\u0259k\u0259\u201d adland\u0131r\u0131b.<\/p>\n<p>Ba\u015f nazir bu bar\u0259d\u0259 Nazirl\u0259r Kabinetinin h\u0259ft\u0259lik iclas\u0131nda m\u0259lumat verib.<\/p>\n<p>\u201c\u0130rana g\u0259linc\u0259, bu \u00f6lk\u0259 BAEA-ya yalan dan\u0131\u015fma\u011fa davam edir. \u0130ran\u0131n t\u0259zyiqi alt\u0131nda edil\u0259n g\u00fcz\u0259\u015ft bu t\u0259\u015fkilat\u0131n tarixind\u0259 qara l\u0259k\u0259dir\u201d, &#8211; ba\u015f nazirin ofisi onun s\u00f6zl\u0259rini yay\u0131b.<\/p>\n<p>Ba\u015f nazir bildirib\u00a0 ki, BAEA-n\u0131n q\u0259rar\u0131 \u201c\u0130ran r\u0259hb\u0259rliyinin n\u00fcv\u0259 silah\u0131 \u0259ld\u0259 etm\u0259y\u0259 \u00e7al\u0131\u015faraq beyn\u0259lxalq ictimaiyy\u0259ti aldatma\u011fa davam ed\u0259 bil\u0259c\u0259yi mesaj\u0131d\u0131r\u201d.<\/p>\n<p>Xat\u0131rladaq ki, may\u0131n 30-da agentlik \u0130randak\u0131 n\u00fcv\u0259 obyektl\u0259rind\u0259n birind\u0259 uran\u0131n 83,7%-\u0259 q\u0259d\u0259r z\u0259nginl\u0259\u015fdirilm\u0259si il\u0259 ba\u011fl\u0131 t\u0259hqiqat\u0131 dayand\u0131r\u0131b. Halbuki, h\u0259l\u0259 fevral ay\u0131nda BAEA m\u00fcf\u0259tti\u015fl\u0259ri m\u00fcnt\u0259z\u0259m yoxlama n\u0259tic\u0259sind\u0259 \u0130ran\u0131n t\u0259xmin\u0259n 84% z\u0259nginl\u0259\u015fdirilmi\u015f uran ald\u0131\u011f\u0131n\u0131 a\u015fkar edibl\u0259r.<\/p>\n<p>M\u0259nb\u0259: TASS<\/p>\n","protected":false},"excerpt":{"rendered":"<p>\u0130srailin ba\u015f naziri Benyamin Netanyahu bazar g\u00fcn\u00fc Beyn\u0259lxalq Atom Enerjisi Agentliyinin (BAEA) \u0130randak\u0131 n\u00fcv\u0259 obyektl\u0259rind\u0259n birind\u0259 uran\u0131n 83,7%-\u0259 q\u0259d\u0259r z\u0259nginl\u0259\u015fdirilm\u0259si il\u0259 ba\u011fl\u0131 t\u0259hqiqat\u0131 ba\u011flamaq q\u0259rar\u0131n\u0131 \u201c\u0130ran\u0131n t\u0259zyiqi alt\u0131nda edil\u0259n g\u00fcz\u0259\u015ft\u201d \u00a0v\u0259 \u201ct\u0259\u015fkilat\u0131n tarixind\u0259ki qara l\u0259k\u0259\u201d adland\u0131r\u0131b. Ba\u015f nazir bu bar\u0259d\u0259 Nazirl\u0259r Kabinetinin h\u0259ft\u0259lik iclas\u0131nda m\u0259lumat verib. \u201c\u0130rana g\u0259linc\u0259, bu \u00f6lk\u0259 BAEA-ya yalan dan\u0131\u015fma\u011fa davam edir. \u0130ran\u0131n t\u0259zyiqi alt\u0131nda edil\u0259n g\u00fcz\u0259\u015ft bu t\u0259\u015fkilat\u0131n tarixind\u0259 qara l\u0259k\u0259dir\u201d, &#8211; ba\u015f nazirin ofisi onun s\u00f6zl\u0259rini yay\u0131b. Ba\u015f nazir bildirib\u00a0 ki, BAEA-n\u0131n q\u0259rar\u0131 \u201c\u0130ran r\u0259hb\u0259rliyinin n\u00fcv\u0259 silah\u0131 \u0259ld\u0259 etm\u0259y\u0259 \u00e7al\u0131\u015faraq beyn\u0259lxalq ictimaiyy\u0259ti aldatma\u011fa davam ed\u0259&hellip;<\/p>\n","protected":false},"author":2,"featured_media":603946,"comment_status":"closed","ping_status":"closed","sticky":false,"template":"","format":"standard","meta":{"om_disable_all_campaigns":false,"_monsterinsights_skip_tracking":false,"_monsterinsights_sitenote_active":false,"_monsterinsights_sitenote_note":"","_monsterinsights_sitenote_category":0},"categories":[7],"tags":[],"aioseo_notices":[],"gutentor_comment":0,"rttpg_featured_image_url":{"full":["https:\/\/arantv.az\/wp-content\/uploads\/2023\/06\/GB3OI2IW3NHDNO6KCWIKO34Z5Q.jpg",620,413,false],"landscape":["https:\/\/arantv.az\/wp-content\/uploads\/2023\/06\/GB3OI2IW3NHDNO6KCWIKO34Z5Q.jpg",620,413,false],"portraits":["https:\/\/arantv.az\/wp-content\/uploads\/2023\/06\/GB3OI2IW3NHDNO6KCWIKO34Z5Q.jpg",620,413,false],"thumbnail":["https:\/\/arantv.az\/wp-content\/uploads\/2023\/06\/GB3OI2IW3NHDNO6KCWIKO34Z5Q-500x280.jpg",500,280,true],"medium":["https:\/\/arantv.az\/wp-content\/uploads\/2023\/06\/GB3OI2IW3NHDNO6KCWIKO34Z5Q-548x365.jpg",548,365,true],"large":["https:\/\/arantv.az\/wp-content\/uploads\/2023\/06\/GB3OI2IW3NHDNO6KCWIKO34Z5Q.jpg",620,413,false],"1536x1536":["https:\/\/arantv.az\/wp-content\/uploads\/2023\/06\/GB3OI2IW3NHDNO6KCWIKO34Z5Q.jpg",620,413,false],"2048x2048":["https:\/\/arantv.az\/wp-content\/uploads\/2023\/06\/GB3OI2IW3NHDNO6KCWIKO34Z5Q.jpg",620,413,false],"post-thumbnail":["https:\/\/arantv.az\/wp-content\/uploads\/2023\/06\/GB3OI2IW3NHDNO6KCWIKO34Z5Q-240x172.jpg",240,172,true],"advps-thumb-one":["https:\/\/arantv.az\/wp-content\/uploads\/2023\/06\/GB3OI2IW3NHDNO6KCWIKO34Z5Q.jpg",620,413,false]},"rttpg_author":{"display_name":"V\u00fcsal Rafiqo\u011flu","author_link":"https:\/\/arantv.az\/?author=2"},"rttpg_comment":0,"rttpg_category":"<a href=\"https:\/\/arantv.az\/?cat=7\" rel=\"category\">D\u00fcnya<\/a>","rttpg_excerpt":"\u0130srailin ba\u015f naziri Benyamin Netanyahu bazar g\u00fcn\u00fc Beyn\u0259lxalq Atom Enerjisi Agentliyinin (BAEA) \u0130randak\u0131 n\u00fcv\u0259 obyektl\u0259rind\u0259n birind\u0259 uran\u0131n 83,7%-\u0259 q\u0259d\u0259r z\u0259nginl\u0259\u015fdirilm\u0259si il\u0259 ba\u011fl\u0131 t\u0259hqiqat\u0131 ba\u011flamaq q\u0259rar\u0131n\u0131 \u201c\u0130ran\u0131n t\u0259zyiqi alt\u0131nda edil\u0259n g\u00fcz\u0259\u015ft\u201d \u00a0v\u0259 \u201ct\u0259\u015fkilat\u0131n tarixind\u0259ki qara l\u0259k\u0259\u201d adland\u0131r\u0131b. Ba\u015f nazir bu bar\u0259d\u0259 Nazirl\u0259r Kabinetinin h\u0259ft\u0259lik iclas\u0131nda m\u0259lumat verib. \u201c\u0130rana g\u0259linc\u0259, bu \u00f6lk\u0259 BAEA-ya yalan dan\u0131\u015fma\u011fa davam edir.&hellip;","_links":{"self":[{"href":"https:\/\/arantv.az\/index.php?rest_route=\/wp\/v2\/posts\/603945"}],"collection":[{"href":"https:\/\/arantv.az\/index.php?rest_route=\/wp\/v2\/posts"}],"about":[{"href":"https:\/\/arantv.az\/index.php?rest_route=\/wp\/v2\/types\/post"}],"author":[{"embeddable":true,"href":"https:\/\/arantv.az\/index.php?rest_route=\/wp\/v2\/users\/2"}],"replies":[{"embeddable":true,"href":"https:\/\/arantv.az\/index.php?rest_route=%2Fwp%2Fv2%2Fcomments&post=603945"}],"version-history":[{"count":0,"href":"https:\/\/arantv.az\/index.php?rest_route=\/wp\/v2\/posts\/603945\/revisions"}],"wp:featuredmedia":[{"embeddable":true,"href":"https:\/\/arantv.az\/index.php?rest_route=\/wp\/v2\/media\/603946"}],"wp:attachment":[{"href":"https:\/\/arantv.az\/index.php?rest_route=%2Fwp%2Fv2%2Fmedia&parent=603945"}],"wp:term":[{"taxonomy":"category","embeddable":true,"href":"https:\/\/arantv.az\/index.php?rest_route=%2Fwp%2Fv2%2Fcategories&post=603945"},{"taxonomy":"post_tag","embeddable":true,"href":"https:\/\/arantv.az\/index.php?rest_route=%2Fwp%2Fv2%2Ftags&post=603945"}],"curies":[{"name":"wp","href":"https:\/\/api.w.org\/{rel}","templated":true}]}}