{"id":603957,"date":"2023-06-04T22:56:50","date_gmt":"2023-06-04T18:56:50","guid":{"rendered":"https:\/\/arantv.az\/?p=603957"},"modified":"2023-06-04T22:56:50","modified_gmt":"2023-06-04T18:56:50","slug":"fransa-calxalanir-iyunun-6-da","status":"publish","type":"post","link":"https:\/\/arantv.az\/?p=603957","title":{"rendered":"Fransa \u00c7ALXALANIR: iyunun 6-da&#8230;"},"content":{"rendered":"<div class=\"news-toolbox\">\n<p><strong>Fransa Daxili \u0130\u015fl\u0259r Nazirliyi iyunun 6-da \u00f6lk\u0259 boyu pensiya islahat\u0131na qar\u015f\u0131 ke\u00e7iril\u0259c\u0259k n\u00fcmayi\u015fl\u0259r zaman\u0131 asayi\u015fi t\u0259min etm\u0259k \u00fc\u00e7\u00fcn 11 min polis v\u0259 jandarm g\u00f6nd\u0259r\u0259c\u0259k.<\/strong><\/p>\n<\/div>\n<div class=\"text-content\" data-id=\"\" data-url=\"\">\n<p><strong>Arantv.az<\/strong>-\u0131n APA-ya istinad\u0259n x\u0259b\u0259rin\u0259 g\u00f6r\u0259, bu bar\u0259d\u0259 bazar g\u00fcn\u00fc jurnalistl\u0259r\u0259 \u00f6lk\u0259nin daxili i\u015fl\u0259r naziri Cerald Darmanin m\u0259lumat verib.<\/p>\n<p>Onun s\u00f6zl\u0259rin\u0259 g\u00f6r\u0259, g\u00f6st\u0259ril\u0259n saydan 4000-i Parisd\u0259 n\u00fcmayi\u015f\u00e7il\u0259ri izl\u0259y\u0259c\u0259k.<\/p>\n<p>&#8220;Daxili \u0130\u015fl\u0259r Nazirliyinin k\u0259\u015ffiyyat xidm\u0259tl\u0259ri \u00e7\u0259r\u015f\u0259nb\u0259 ax\u015fam\u0131 xaricd\u0259n g\u0259l\u0259n ifrat sol\u00e7u t\u0259\u015fkilatlar\u0131n n\u00fcmay\u0259nd\u0259l\u0259rinin aksiyalarda i\u015ftirak\u0131n\u0131 g\u00f6zl\u0259yir&#8221;, &#8211; Darmanin bildirib.<\/p>\n<p>O, h\u0259m\u00e7inin bildirib ki, onun g\u00f6st\u0259ri\u015fi il\u0259 17 n\u0259f\u0259r\u0259 &#8220;bu \u015f\u0259xsl\u0259rin y\u00fcr\u00fc\u015fl\u0259r\u0259 qo\u015fulmas\u0131n\u0131n qar\u015f\u0131s\u0131n\u0131 almaq v\u0259 laz\u0131m g\u0259l\u0259rs\u0259, saxlanmalar\u0131n\u0131 asanla\u015fd\u0131rmaq m\u0259qs\u0259dil\u0259&#8221; inzibati qada\u011falar t\u0259tbiq edilib.<\/p>\n<\/div>\n","protected":false},"excerpt":{"rendered":"<p>Fransa Daxili \u0130\u015fl\u0259r Nazirliyi iyunun 6-da \u00f6lk\u0259 boyu pensiya islahat\u0131na qar\u015f\u0131 ke\u00e7iril\u0259c\u0259k n\u00fcmayi\u015fl\u0259r zaman\u0131 asayi\u015fi t\u0259min etm\u0259k \u00fc\u00e7\u00fcn 11 min polis v\u0259 jandarm g\u00f6nd\u0259r\u0259c\u0259k. Arantv.az-\u0131n APA-ya istinad\u0259n x\u0259b\u0259rin\u0259 g\u00f6r\u0259, bu bar\u0259d\u0259 bazar g\u00fcn\u00fc jurnalistl\u0259r\u0259 \u00f6lk\u0259nin daxili i\u015fl\u0259r naziri Cerald Darmanin m\u0259lumat verib. Onun s\u00f6zl\u0259rin\u0259 g\u00f6r\u0259, g\u00f6st\u0259ril\u0259n saydan 4000-i Parisd\u0259 n\u00fcmayi\u015f\u00e7il\u0259ri izl\u0259y\u0259c\u0259k. &#8220;Daxili \u0130\u015fl\u0259r Nazirliyinin k\u0259\u015ffiyyat xidm\u0259tl\u0259ri \u00e7\u0259r\u015f\u0259nb\u0259 ax\u015fam\u0131 xaricd\u0259n g\u0259l\u0259n ifrat sol\u00e7u t\u0259\u015fkilatlar\u0131n n\u00fcmay\u0259nd\u0259l\u0259rinin aksiyalarda i\u015ftirak\u0131n\u0131 g\u00f6zl\u0259yir&#8221;, &#8211; Darmanin bildirib. O, h\u0259m\u00e7inin bildirib ki, onun g\u00f6st\u0259ri\u015fi il\u0259 17 n\u0259f\u0259r\u0259 &#8220;bu \u015f\u0259xsl\u0259rin y\u00fcr\u00fc\u015fl\u0259r\u0259 qo\u015fulmas\u0131n\u0131n qar\u015f\u0131s\u0131n\u0131 almaq v\u0259 laz\u0131m g\u0259l\u0259rs\u0259, saxlanmalar\u0131n\u0131 asanla\u015fd\u0131rmaq&hellip;<\/p>\n","protected":false},"author":2,"featured_media":603958,"comment_status":"closed","ping_status":"closed","sticky":false,"template":"","format":"standard","meta":{"om_disable_all_campaigns":false,"_monsterinsights_skip_tracking":false,"_monsterinsights_sitenote_active":false,"_monsterinsights_sitenote_note":"","_monsterinsights_sitenote_category":0},"categories":[7],"tags":[],"aioseo_notices":[],"gutentor_comment":0,"rttpg_featured_image_url":{"full":["https:\/\/arantv.az\/wp-content\/uploads\/2023\/06\/655067bca629b64e9f5f788bb3b2aa1c.jpg",850,500,false],"landscape":["https:\/\/arantv.az\/wp-content\/uploads\/2023\/06\/655067bca629b64e9f5f788bb3b2aa1c.jpg",850,500,false],"portraits":["https:\/\/arantv.az\/wp-content\/uploads\/2023\/06\/655067bca629b64e9f5f788bb3b2aa1c.jpg",850,500,false],"thumbnail":["https:\/\/arantv.az\/wp-content\/uploads\/2023\/06\/655067bca629b64e9f5f788bb3b2aa1c-500x280.jpg",500,280,true],"medium":["https:\/\/arantv.az\/wp-content\/uploads\/2023\/06\/655067bca629b64e9f5f788bb3b2aa1c-621x365.jpg",621,365,true],"large":["https:\/\/arantv.az\/wp-content\/uploads\/2023\/06\/655067bca629b64e9f5f788bb3b2aa1c-840x494.jpg",640,376,true],"1536x1536":["https:\/\/arantv.az\/wp-content\/uploads\/2023\/06\/655067bca629b64e9f5f788bb3b2aa1c.jpg",850,500,false],"2048x2048":["https:\/\/arantv.az\/wp-content\/uploads\/2023\/06\/655067bca629b64e9f5f788bb3b2aa1c.jpg",850,500,false],"post-thumbnail":["https:\/\/arantv.az\/wp-content\/uploads\/2023\/06\/655067bca629b64e9f5f788bb3b2aa1c-240x172.jpg",240,172,true],"advps-thumb-one":["https:\/\/arantv.az\/wp-content\/uploads\/2023\/06\/655067bca629b64e9f5f788bb3b2aa1c.jpg",850,500,false]},"rttpg_author":{"display_name":"V\u00fcsal Rafiqo\u011flu","author_link":"https:\/\/arantv.az\/?author=2"},"rttpg_comment":0,"rttpg_category":"<a href=\"https:\/\/arantv.az\/?cat=7\" rel=\"category\">D\u00fcnya<\/a>","rttpg_excerpt":"Fransa Daxili \u0130\u015fl\u0259r Nazirliyi iyunun 6-da \u00f6lk\u0259 boyu pensiya islahat\u0131na qar\u015f\u0131 ke\u00e7iril\u0259c\u0259k n\u00fcmayi\u015fl\u0259r zaman\u0131 asayi\u015fi t\u0259min etm\u0259k \u00fc\u00e7\u00fcn 11 min polis v\u0259 jandarm g\u00f6nd\u0259r\u0259c\u0259k. Arantv.az-\u0131n APA-ya istinad\u0259n x\u0259b\u0259rin\u0259 g\u00f6r\u0259, bu bar\u0259d\u0259 bazar g\u00fcn\u00fc jurnalistl\u0259r\u0259 \u00f6lk\u0259nin daxili i\u015fl\u0259r naziri Cerald Darmanin m\u0259lumat verib. Onun s\u00f6zl\u0259rin\u0259 g\u00f6r\u0259, g\u00f6st\u0259ril\u0259n saydan 4000-i Parisd\u0259 n\u00fcmayi\u015f\u00e7il\u0259ri izl\u0259y\u0259c\u0259k. &#8220;Daxili \u0130\u015fl\u0259r Nazirliyinin k\u0259\u015ffiyyat&hellip;","_links":{"self":[{"href":"https:\/\/arantv.az\/index.php?rest_route=\/wp\/v2\/posts\/603957"}],"collection":[{"href":"https:\/\/arantv.az\/index.php?rest_route=\/wp\/v2\/posts"}],"about":[{"href":"https:\/\/arantv.az\/index.php?rest_route=\/wp\/v2\/types\/post"}],"author":[{"embeddable":true,"href":"https:\/\/arantv.az\/index.php?rest_route=\/wp\/v2\/users\/2"}],"replies":[{"embeddable":true,"href":"https:\/\/arantv.az\/index.php?rest_route=%2Fwp%2Fv2%2Fcomments&post=603957"}],"version-history":[{"count":0,"href":"https:\/\/arantv.az\/index.php?rest_route=\/wp\/v2\/posts\/603957\/revisions"}],"wp:featuredmedia":[{"embeddable":true,"href":"https:\/\/arantv.az\/index.php?rest_route=\/wp\/v2\/media\/603958"}],"wp:attachment":[{"href":"https:\/\/arantv.az\/index.php?rest_route=%2Fwp%2Fv2%2Fmedia&parent=603957"}],"wp:term":[{"taxonomy":"category","embeddable":true,"href":"https:\/\/arantv.az\/index.php?rest_route=%2Fwp%2Fv2%2Fcategories&post=603957"},{"taxonomy":"post_tag","embeddable":true,"href":"https:\/\/arantv.az\/index.php?rest_route=%2Fwp%2Fv2%2Ftags&post=603957"}],"curies":[{"name":"wp","href":"https:\/\/api.w.org\/{rel}","templated":true}]}}