{"id":603960,"date":"2023-06-04T22:58:31","date_gmt":"2023-06-04T18:58:31","guid":{"rendered":"https:\/\/arantv.az\/?p=603960"},"modified":"2023-06-04T22:58:31","modified_gmt":"2023-06-04T18:58:31","slug":"sulh-sazisi-il%c9%99-bagli-son-d%c9%99qiq%c9%99-aciqlamasi","status":"publish","type":"post","link":"https:\/\/arantv.az\/?p=603960","title":{"rendered":"S\u00fclh sazi\u015fi il\u0259 ba\u011fl\u0131 SON D\u018fQ\u0130Q\u018f a\u00e7\u0131qlamas\u0131"},"content":{"rendered":"<div class=\"news-toolbox\">\n<p><strong>\u201cKi\u015fineuda s\u0259rh\u0259dl\u0259rin delimitasiyas\u0131 m\u0259s\u0259l\u0259sind\u0259 m\u00fc\u0259yy\u0259n ir\u0259lil\u0259yi\u015f \u0259ld\u0259 etmi\u015fik, m\u0259s\u0259l\u0259nin n\u0259hay\u0259t h\u0259ll olundu\u011funu dey\u0259 bilm\u0259rik, lakin biz ir\u0259lil\u0259yirik\u201d.<\/strong><\/p>\n<\/div>\n<div class=\"text-content\" data-id=\"\" data-url=\"\">\n<p><strong>Arantv.az<\/strong>\u00a0\u201cReport\u201da istinad\u0259n x\u0259b\u0259r verir ki, bunu Erm\u0259nistan T\u0259hl\u00fck\u0259sizlik \u015euras\u0131n\u0131n katibi Armen Qriqoryan Erm\u0259nistan \u0130ctimai Televiziyas\u0131n\u0131n efirind\u0259 bildirib.<\/p>\n<p>\u201cB\u00fct\u00fcn suallar vacibdir v\u0259 b\u00fct\u00fcn suallar bir-birin\u0259 ba\u011fl\u0131d\u0131r. Dan\u0131\u015f\u0131qlar \u00e7ox intensiv gedir v\u0259 bu proses davam ets\u0259, ilin sonuna q\u0259d\u0259r Az\u0259rbaycanla s\u00fclh sazi\u015finin \u0259ld\u0259 olunmas\u0131 \u015fans\u0131 var. Bizim m\u00fcnasib\u0259timiz ondan ibar\u0259tdir ki, biz h\u0259ll yollar\u0131 tap\u0131r\u0131q v\u0259 bu h\u0259ll\u0259r \u00e7\u0259r\u00e7iv\u0259sind\u0259 s\u00fclh g\u00fcnd\u0259mi il\u0259 ir\u0259lil\u0259yirik v\u0259 s\u00fclh m\u00fcqavil\u0259si ba\u011flay\u0131r\u0131q\u201d, &#8211; Qriqoryan deyib.<\/p>\n<p>O \u0259lav\u0259 edib ki, Az\u0259rbaycan-Erm\u0259nistan s\u0259rh\u0259dind\u0259 n\u0259zar\u0259ti Rusiya deyil, Erm\u0259nistan h\u0259yata ke\u00e7ir\u0259c\u0259k.<\/p>\n<\/div>\n","protected":false},"excerpt":{"rendered":"<p>\u201cKi\u015fineuda s\u0259rh\u0259dl\u0259rin delimitasiyas\u0131 m\u0259s\u0259l\u0259sind\u0259 m\u00fc\u0259yy\u0259n ir\u0259lil\u0259yi\u015f \u0259ld\u0259 etmi\u015fik, m\u0259s\u0259l\u0259nin n\u0259hay\u0259t h\u0259ll olundu\u011funu dey\u0259 bilm\u0259rik, lakin biz ir\u0259lil\u0259yirik\u201d. Arantv.az\u00a0\u201cReport\u201da istinad\u0259n x\u0259b\u0259r verir ki, bunu Erm\u0259nistan T\u0259hl\u00fck\u0259sizlik \u015euras\u0131n\u0131n katibi Armen Qriqoryan Erm\u0259nistan \u0130ctimai Televiziyas\u0131n\u0131n efirind\u0259 bildirib. \u201cB\u00fct\u00fcn suallar vacibdir v\u0259 b\u00fct\u00fcn suallar bir-birin\u0259 ba\u011fl\u0131d\u0131r. Dan\u0131\u015f\u0131qlar \u00e7ox intensiv gedir v\u0259 bu proses davam ets\u0259, ilin sonuna q\u0259d\u0259r Az\u0259rbaycanla s\u00fclh sazi\u015finin \u0259ld\u0259 olunmas\u0131 \u015fans\u0131 var. Bizim m\u00fcnasib\u0259timiz ondan ibar\u0259tdir ki, biz h\u0259ll yollar\u0131 tap\u0131r\u0131q v\u0259 bu h\u0259ll\u0259r \u00e7\u0259r\u00e7iv\u0259sind\u0259 s\u00fclh g\u00fcnd\u0259mi il\u0259 ir\u0259lil\u0259yirik v\u0259 s\u00fclh m\u00fcqavil\u0259si ba\u011flay\u0131r\u0131q\u201d, &#8211; Qriqoryan deyib. O \u0259lav\u0259 edib ki, Az\u0259rbaycan-Erm\u0259nistan&hellip;<\/p>\n","protected":false},"author":2,"featured_media":603961,"comment_status":"closed","ping_status":"closed","sticky":false,"template":"","format":"standard","meta":{"om_disable_all_campaigns":false,"_monsterinsights_skip_tracking":false,"_monsterinsights_sitenote_active":false,"_monsterinsights_sitenote_note":"","_monsterinsights_sitenote_category":0},"categories":[7],"tags":[],"aioseo_notices":[],"gutentor_comment":0,"rttpg_featured_image_url":{"full":["https:\/\/arantv.az\/wp-content\/uploads\/2023\/06\/eede2aaf1828a02fff63b4f50b9b2bcc.jpg",850,500,false],"landscape":["https:\/\/arantv.az\/wp-content\/uploads\/2023\/06\/eede2aaf1828a02fff63b4f50b9b2bcc.jpg",850,500,false],"portraits":["https:\/\/arantv.az\/wp-content\/uploads\/2023\/06\/eede2aaf1828a02fff63b4f50b9b2bcc.jpg",850,500,false],"thumbnail":["https:\/\/arantv.az\/wp-content\/uploads\/2023\/06\/eede2aaf1828a02fff63b4f50b9b2bcc-500x280.jpg",500,280,true],"medium":["https:\/\/arantv.az\/wp-content\/uploads\/2023\/06\/eede2aaf1828a02fff63b4f50b9b2bcc-621x365.jpg",621,365,true],"large":["https:\/\/arantv.az\/wp-content\/uploads\/2023\/06\/eede2aaf1828a02fff63b4f50b9b2bcc-840x494.jpg",640,376,true],"1536x1536":["https:\/\/arantv.az\/wp-content\/uploads\/2023\/06\/eede2aaf1828a02fff63b4f50b9b2bcc.jpg",850,500,false],"2048x2048":["https:\/\/arantv.az\/wp-content\/uploads\/2023\/06\/eede2aaf1828a02fff63b4f50b9b2bcc.jpg",850,500,false],"post-thumbnail":["https:\/\/arantv.az\/wp-content\/uploads\/2023\/06\/eede2aaf1828a02fff63b4f50b9b2bcc-240x172.jpg",240,172,true],"advps-thumb-one":["https:\/\/arantv.az\/wp-content\/uploads\/2023\/06\/eede2aaf1828a02fff63b4f50b9b2bcc.jpg",850,500,false]},"rttpg_author":{"display_name":"V\u00fcsal Rafiqo\u011flu","author_link":"https:\/\/arantv.az\/?author=2"},"rttpg_comment":0,"rttpg_category":"<a href=\"https:\/\/arantv.az\/?cat=7\" rel=\"category\">D\u00fcnya<\/a>","rttpg_excerpt":"\u201cKi\u015fineuda s\u0259rh\u0259dl\u0259rin delimitasiyas\u0131 m\u0259s\u0259l\u0259sind\u0259 m\u00fc\u0259yy\u0259n ir\u0259lil\u0259yi\u015f \u0259ld\u0259 etmi\u015fik, m\u0259s\u0259l\u0259nin n\u0259hay\u0259t h\u0259ll olundu\u011funu dey\u0259 bilm\u0259rik, lakin biz ir\u0259lil\u0259yirik\u201d. Arantv.az\u00a0\u201cReport\u201da istinad\u0259n x\u0259b\u0259r verir ki, bunu Erm\u0259nistan T\u0259hl\u00fck\u0259sizlik \u015euras\u0131n\u0131n katibi Armen Qriqoryan Erm\u0259nistan \u0130ctimai Televiziyas\u0131n\u0131n efirind\u0259 bildirib. \u201cB\u00fct\u00fcn suallar vacibdir v\u0259 b\u00fct\u00fcn suallar bir-birin\u0259 ba\u011fl\u0131d\u0131r. Dan\u0131\u015f\u0131qlar \u00e7ox intensiv gedir v\u0259 bu proses davam ets\u0259, ilin sonuna q\u0259d\u0259r Az\u0259rbaycanla&hellip;","_links":{"self":[{"href":"https:\/\/arantv.az\/index.php?rest_route=\/wp\/v2\/posts\/603960"}],"collection":[{"href":"https:\/\/arantv.az\/index.php?rest_route=\/wp\/v2\/posts"}],"about":[{"href":"https:\/\/arantv.az\/index.php?rest_route=\/wp\/v2\/types\/post"}],"author":[{"embeddable":true,"href":"https:\/\/arantv.az\/index.php?rest_route=\/wp\/v2\/users\/2"}],"replies":[{"embeddable":true,"href":"https:\/\/arantv.az\/index.php?rest_route=%2Fwp%2Fv2%2Fcomments&post=603960"}],"version-history":[{"count":0,"href":"https:\/\/arantv.az\/index.php?rest_route=\/wp\/v2\/posts\/603960\/revisions"}],"wp:featuredmedia":[{"embeddable":true,"href":"https:\/\/arantv.az\/index.php?rest_route=\/wp\/v2\/media\/603961"}],"wp:attachment":[{"href":"https:\/\/arantv.az\/index.php?rest_route=%2Fwp%2Fv2%2Fmedia&parent=603960"}],"wp:term":[{"taxonomy":"category","embeddable":true,"href":"https:\/\/arantv.az\/index.php?rest_route=%2Fwp%2Fv2%2Fcategories&post=603960"},{"taxonomy":"post_tag","embeddable":true,"href":"https:\/\/arantv.az\/index.php?rest_route=%2Fwp%2Fv2%2Ftags&post=603960"}],"curies":[{"name":"wp","href":"https:\/\/api.w.org\/{rel}","templated":true}]}}