{"id":603964,"date":"2023-06-05T09:08:31","date_gmt":"2023-06-05T05:08:31","guid":{"rendered":"https:\/\/arantv.az\/?p=603964"},"modified":"2023-06-05T09:08:31","modified_gmt":"2023-06-05T05:08:31","slug":"q%c9%99t%c9%99r-%c9%99miri-ilk-d%c9%99f%c9%99-ozb%c9%99kistana-s%c9%99f%c9%99r-ed%c9%99c%c9%99k","status":"publish","type":"post","link":"https:\/\/arantv.az\/?p=603964","title":{"rendered":"Q\u0259t\u0259r \u0259miri ilk d\u0259f\u0259 \u00d6zb\u0259kistana s\u0259f\u0259r ed\u0259c\u0259k"},"content":{"rendered":"<p>Q\u0259t\u0259r \u0259miri T\u0259mim bin H\u0259m\u0259d Al Tani bazar ert\u0259si \u00d6zb\u0259kistana r\u0259smi s\u0259f\u0259r\u0259 ged\u0259c\u0259k.<\/p>\n<p>O, s\u0259f\u0259r zaman\u0131 respublika r\u0259hb\u0259ri \u015eavkat Mirziyoyev il\u0259 siyasi \u0259laq\u0259l\u0259rin inki\u015faf\u0131 v\u0259 investisiya layih\u0259l\u0259rinin h\u0259yata ke\u00e7irilm\u0259si m\u0259s\u0259l\u0259l\u0259rini m\u00fczakir\u0259 ed\u0259c\u0259k.<\/p>\n<p>Bu bar\u0259d\u0259 \u00d6zb\u0259kistan prezidentinin m\u0259tbuat xidm\u0259ti m\u0259lumat yay\u0131b.<\/p>\n<p>\u201cQar\u015f\u0131dan g\u0259l\u0259n dan\u0131\u015f\u0131qlar zaman\u0131 \u0259n y\u00fcks\u0259k s\u0259viyy\u0259d\u0259 \u00d6zb\u0259kistan-Q\u0259t\u0259r \u00e7ox\u015fax\u0259li m\u00fcnasib\u0259tl\u0259rinin daha da inki\u015faf etdirilm\u0259si m\u0259s\u0259l\u0259l\u0259rin\u0259 bax\u0131lacaq. S\u00f6hb\u0259t ilk n\u00f6vb\u0259d\u0259 f\u0259al siyasi t\u0259maslar\u0131n v\u0259 m\u0259d\u0259ni-humanitar m\u00fcbadil\u0259nin davam etdirilm\u0259si, energetika, qaz-kimya s\u0259nayesi, k\u0259nd t\u0259s\u0259rr\u00fcfat\u0131, infrastruktur sah\u0259l\u0259rind\u0259 iri investisiya layih\u0259l\u0259rinin h\u0259yata ke\u00e7irilm\u0259sind\u0259n gedir\u201d, &#8211; m\u0259lumatda deyilir.<\/p>\n<p>D\u00f6vl\u0259t ba\u015f\u00e7\u0131lar\u0131 h\u0259m\u00e7inin beyn\u0259lxalq siyas\u0259tin aktual m\u0259s\u0259l\u0259l\u0259rini v\u0259 regional g\u00fcnd\u0259liyi m\u00fczakir\u0259 ed\u0259c\u0259kl\u0259r.<\/p>\n<p>Dan\u0131\u015f\u0131qlar\u0131n yekunu olaraq h\u00f6kum\u0259tl\u0259raras\u0131 v\u0259 idar\u0259l\u0259raras\u0131 s\u0259n\u0259dl\u0259rin imzalanmas\u0131 g\u00f6zl\u0259nilir.<\/p>\n<p>M\u0259tbuat xidm\u0259ti qeyd edib ki, Q\u0259t\u0259r \u0259mirinin \u00d6zb\u0259kistana s\u0259f\u0259ri iki d\u00f6vl\u0259t aras\u0131nda diplomatik m\u00fcnasib\u0259tl\u0259rin 25 ild\u0259n art\u0131q davam ed\u0259n tarixind\u0259 ilk\u00a0olacaq.<\/p>\n<p>M\u0259nb\u0259: TASS<\/p>\n","protected":false},"excerpt":{"rendered":"<p>Q\u0259t\u0259r \u0259miri T\u0259mim bin H\u0259m\u0259d Al Tani bazar ert\u0259si \u00d6zb\u0259kistana r\u0259smi s\u0259f\u0259r\u0259 ged\u0259c\u0259k. O, s\u0259f\u0259r zaman\u0131 respublika r\u0259hb\u0259ri \u015eavkat Mirziyoyev il\u0259 siyasi \u0259laq\u0259l\u0259rin inki\u015faf\u0131 v\u0259 investisiya layih\u0259l\u0259rinin h\u0259yata ke\u00e7irilm\u0259si m\u0259s\u0259l\u0259l\u0259rini m\u00fczakir\u0259 ed\u0259c\u0259k. Bu bar\u0259d\u0259 \u00d6zb\u0259kistan prezidentinin m\u0259tbuat xidm\u0259ti m\u0259lumat yay\u0131b. \u201cQar\u015f\u0131dan g\u0259l\u0259n dan\u0131\u015f\u0131qlar zaman\u0131 \u0259n y\u00fcks\u0259k s\u0259viyy\u0259d\u0259 \u00d6zb\u0259kistan-Q\u0259t\u0259r \u00e7ox\u015fax\u0259li m\u00fcnasib\u0259tl\u0259rinin daha da inki\u015faf etdirilm\u0259si m\u0259s\u0259l\u0259l\u0259rin\u0259 bax\u0131lacaq. S\u00f6hb\u0259t ilk n\u00f6vb\u0259d\u0259 f\u0259al siyasi t\u0259maslar\u0131n v\u0259 m\u0259d\u0259ni-humanitar m\u00fcbadil\u0259nin davam etdirilm\u0259si, energetika, qaz-kimya s\u0259nayesi, k\u0259nd t\u0259s\u0259rr\u00fcfat\u0131, infrastruktur sah\u0259l\u0259rind\u0259 iri investisiya layih\u0259l\u0259rinin h\u0259yata ke\u00e7irilm\u0259sind\u0259n gedir\u201d, &#8211; m\u0259lumatda deyilir. D\u00f6vl\u0259t ba\u015f\u00e7\u0131lar\u0131 h\u0259m\u00e7inin beyn\u0259lxalq siyas\u0259tin aktual m\u0259s\u0259l\u0259l\u0259rini&hellip;<\/p>\n","protected":false},"author":2,"featured_media":603965,"comment_status":"closed","ping_status":"closed","sticky":false,"template":"","format":"standard","meta":{"om_disable_all_campaigns":false,"_monsterinsights_skip_tracking":false,"_monsterinsights_sitenote_active":false,"_monsterinsights_sitenote_note":"","_monsterinsights_sitenote_category":0},"categories":[7],"tags":[],"aioseo_notices":[],"gutentor_comment":0,"rttpg_featured_image_url":{"full":["https:\/\/arantv.az\/wp-content\/uploads\/2023\/06\/tamim_bin_hamad_al_tani_080316.jpg",620,413,false],"landscape":["https:\/\/arantv.az\/wp-content\/uploads\/2023\/06\/tamim_bin_hamad_al_tani_080316.jpg",620,413,false],"portraits":["https:\/\/arantv.az\/wp-content\/uploads\/2023\/06\/tamim_bin_hamad_al_tani_080316.jpg",620,413,false],"thumbnail":["https:\/\/arantv.az\/wp-content\/uploads\/2023\/06\/tamim_bin_hamad_al_tani_080316-500x280.jpg",500,280,true],"medium":["https:\/\/arantv.az\/wp-content\/uploads\/2023\/06\/tamim_bin_hamad_al_tani_080316-548x365.jpg",548,365,true],"large":["https:\/\/arantv.az\/wp-content\/uploads\/2023\/06\/tamim_bin_hamad_al_tani_080316.jpg",620,413,false],"1536x1536":["https:\/\/arantv.az\/wp-content\/uploads\/2023\/06\/tamim_bin_hamad_al_tani_080316.jpg",620,413,false],"2048x2048":["https:\/\/arantv.az\/wp-content\/uploads\/2023\/06\/tamim_bin_hamad_al_tani_080316.jpg",620,413,false],"post-thumbnail":["https:\/\/arantv.az\/wp-content\/uploads\/2023\/06\/tamim_bin_hamad_al_tani_080316-240x172.jpg",240,172,true],"advps-thumb-one":["https:\/\/arantv.az\/wp-content\/uploads\/2023\/06\/tamim_bin_hamad_al_tani_080316.jpg",620,413,false]},"rttpg_author":{"display_name":"V\u00fcsal Rafiqo\u011flu","author_link":"https:\/\/arantv.az\/?author=2"},"rttpg_comment":0,"rttpg_category":"<a href=\"https:\/\/arantv.az\/?cat=7\" rel=\"category\">D\u00fcnya<\/a>","rttpg_excerpt":"Q\u0259t\u0259r \u0259miri T\u0259mim bin H\u0259m\u0259d Al Tani bazar ert\u0259si \u00d6zb\u0259kistana r\u0259smi s\u0259f\u0259r\u0259 ged\u0259c\u0259k. O, s\u0259f\u0259r zaman\u0131 respublika r\u0259hb\u0259ri \u015eavkat Mirziyoyev il\u0259 siyasi \u0259laq\u0259l\u0259rin inki\u015faf\u0131 v\u0259 investisiya layih\u0259l\u0259rinin h\u0259yata ke\u00e7irilm\u0259si m\u0259s\u0259l\u0259l\u0259rini m\u00fczakir\u0259 ed\u0259c\u0259k. Bu bar\u0259d\u0259 \u00d6zb\u0259kistan prezidentinin m\u0259tbuat xidm\u0259ti m\u0259lumat yay\u0131b. \u201cQar\u015f\u0131dan g\u0259l\u0259n dan\u0131\u015f\u0131qlar zaman\u0131 \u0259n y\u00fcks\u0259k s\u0259viyy\u0259d\u0259 \u00d6zb\u0259kistan-Q\u0259t\u0259r \u00e7ox\u015fax\u0259li m\u00fcnasib\u0259tl\u0259rinin daha da inki\u015faf etdirilm\u0259si m\u0259s\u0259l\u0259l\u0259rin\u0259&hellip;","_links":{"self":[{"href":"https:\/\/arantv.az\/index.php?rest_route=\/wp\/v2\/posts\/603964"}],"collection":[{"href":"https:\/\/arantv.az\/index.php?rest_route=\/wp\/v2\/posts"}],"about":[{"href":"https:\/\/arantv.az\/index.php?rest_route=\/wp\/v2\/types\/post"}],"author":[{"embeddable":true,"href":"https:\/\/arantv.az\/index.php?rest_route=\/wp\/v2\/users\/2"}],"replies":[{"embeddable":true,"href":"https:\/\/arantv.az\/index.php?rest_route=%2Fwp%2Fv2%2Fcomments&post=603964"}],"version-history":[{"count":0,"href":"https:\/\/arantv.az\/index.php?rest_route=\/wp\/v2\/posts\/603964\/revisions"}],"wp:featuredmedia":[{"embeddable":true,"href":"https:\/\/arantv.az\/index.php?rest_route=\/wp\/v2\/media\/603965"}],"wp:attachment":[{"href":"https:\/\/arantv.az\/index.php?rest_route=%2Fwp%2Fv2%2Fmedia&parent=603964"}],"wp:term":[{"taxonomy":"category","embeddable":true,"href":"https:\/\/arantv.az\/index.php?rest_route=%2Fwp%2Fv2%2Fcategories&post=603964"},{"taxonomy":"post_tag","embeddable":true,"href":"https:\/\/arantv.az\/index.php?rest_route=%2Fwp%2Fv2%2Ftags&post=603964"}],"curies":[{"name":"wp","href":"https:\/\/api.w.org\/{rel}","templated":true}]}}