{"id":603967,"date":"2023-06-05T09:11:30","date_gmt":"2023-06-05T05:11:30","guid":{"rendered":"https:\/\/arantv.az\/?p=603967"},"modified":"2023-06-05T09:11:30","modified_gmt":"2023-06-05T05:11:30","slug":"qalkin-turkiy%c9%99d%c9%99ki-konserti-zamani-izl%c9%99yicil%c9%99r%c9%99-qadaga-qoydu-video","status":"publish","type":"post","link":"https:\/\/arantv.az\/?p=603967","title":{"rendered":"Qalkin T\u00fcrkiy\u0259d\u0259ki konserti zaman\u0131 izl\u0259yicil\u0259r\u0259 qada\u011fa qoydu \u2013 V\u0130DEO"},"content":{"rendered":"<p>Rusiyal\u0131 g\u00fcl\u00fc\u015f v\u0259 stendap usats\u0131 Maksim Qalkin Antalyadak\u0131 konsertinin \u00e7\u0259kili\u015fini qada\u011fan edib.<\/p>\n<p>Konsertd\u0259n \u0259vv\u0259l o, qonaqlara \u00fcz tutub v\u0259 onlardan telefonlar\u0131n\u0131 yer\u0259 qoymalar\u0131n\u0131 ist\u0259yib.<\/p>\n<p>\u201cCiddi t\u0259l\u0259bl\u0259r var ki, zalda \u00e7\u0259kili\u015f olmas\u0131n. Sonuncu d\u0259f\u0259 \u00e7\u0259kili\u015f s\u0259b\u0259bind\u0259n bizim t\u0259\u015fkilat\u00e7\u0131lar\u0131 c\u0259zaland\u0131r\u0131blar\u201d, &#8211; o\u00a0bildirib.<\/p>\n<p>Qalkin Almaniyadak\u0131 tama\u015fa\u00e7\u0131lar\u0131n da eyni ist\u0259y\u0259 anlay\u0131\u015fla yana\u015fd\u0131\u011f\u0131n\u0131 v\u0259 \u201che\u00e7 k\u0259sin \u00e7\u0259kili\u015f aparmad\u0131\u011f\u0131n\u0131\u201d deyib.<\/p>\n<p>Qeyd ed\u0259k ki, Rusiyan\u0131n Ukraynaya h\u00fccumu ba\u015flayandan sonra Qalkin \u00f6lk\u0259ni t\u0259rk edib.<\/p>\n<div><iframe loading=\"lazy\" src=\"https:\/\/baku.tv\/embed\/85269\" width=\"560\" height=\"315\" frameborder=\"0\" allowfullscreen=\"allowfullscreen\" data-mce-fragment=\"1\"><\/iframe><\/div>\n<p>M\u0259nb\u0259: gazeta.ru<\/p>\n","protected":false},"excerpt":{"rendered":"<p>Rusiyal\u0131 g\u00fcl\u00fc\u015f v\u0259 stendap usats\u0131 Maksim Qalkin Antalyadak\u0131 konsertinin \u00e7\u0259kili\u015fini qada\u011fan edib. Konsertd\u0259n \u0259vv\u0259l o, qonaqlara \u00fcz tutub v\u0259 onlardan telefonlar\u0131n\u0131 yer\u0259 qoymalar\u0131n\u0131 ist\u0259yib. \u201cCiddi t\u0259l\u0259bl\u0259r var ki, zalda \u00e7\u0259kili\u015f olmas\u0131n. Sonuncu d\u0259f\u0259 \u00e7\u0259kili\u015f s\u0259b\u0259bind\u0259n bizim t\u0259\u015fkilat\u00e7\u0131lar\u0131 c\u0259zaland\u0131r\u0131blar\u201d, &#8211; o\u00a0bildirib. Qalkin Almaniyadak\u0131 tama\u015fa\u00e7\u0131lar\u0131n da eyni ist\u0259y\u0259 anlay\u0131\u015fla yana\u015fd\u0131\u011f\u0131n\u0131 v\u0259 \u201che\u00e7 k\u0259sin \u00e7\u0259kili\u015f aparmad\u0131\u011f\u0131n\u0131\u201d deyib. Qeyd ed\u0259k ki, Rusiyan\u0131n Ukraynaya h\u00fccumu ba\u015flayandan sonra Qalkin \u00f6lk\u0259ni t\u0259rk edib. M\u0259nb\u0259: gazeta.ru<\/p>\n","protected":false},"author":2,"featured_media":603968,"comment_status":"closed","ping_status":"closed","sticky":false,"template":"","format":"standard","meta":{"om_disable_all_campaigns":false,"_monsterinsights_skip_tracking":false,"_monsterinsights_sitenote_active":false,"_monsterinsights_sitenote_note":"","_monsterinsights_sitenote_category":0},"categories":[20],"tags":[],"aioseo_notices":[],"gutentor_comment":0,"rttpg_featured_image_url":{"full":["https:\/\/arantv.az\/wp-content\/uploads\/2023\/06\/cf917de89112aeea4e9000ebff2e1243.jpg",620,413,false],"landscape":["https:\/\/arantv.az\/wp-content\/uploads\/2023\/06\/cf917de89112aeea4e9000ebff2e1243.jpg",620,413,false],"portraits":["https:\/\/arantv.az\/wp-content\/uploads\/2023\/06\/cf917de89112aeea4e9000ebff2e1243.jpg",620,413,false],"thumbnail":["https:\/\/arantv.az\/wp-content\/uploads\/2023\/06\/cf917de89112aeea4e9000ebff2e1243-500x280.jpg",500,280,true],"medium":["https:\/\/arantv.az\/wp-content\/uploads\/2023\/06\/cf917de89112aeea4e9000ebff2e1243-548x365.jpg",548,365,true],"large":["https:\/\/arantv.az\/wp-content\/uploads\/2023\/06\/cf917de89112aeea4e9000ebff2e1243.jpg",620,413,false],"1536x1536":["https:\/\/arantv.az\/wp-content\/uploads\/2023\/06\/cf917de89112aeea4e9000ebff2e1243.jpg",620,413,false],"2048x2048":["https:\/\/arantv.az\/wp-content\/uploads\/2023\/06\/cf917de89112aeea4e9000ebff2e1243.jpg",620,413,false],"post-thumbnail":["https:\/\/arantv.az\/wp-content\/uploads\/2023\/06\/cf917de89112aeea4e9000ebff2e1243-240x172.jpg",240,172,true],"advps-thumb-one":["https:\/\/arantv.az\/wp-content\/uploads\/2023\/06\/cf917de89112aeea4e9000ebff2e1243.jpg",620,413,false]},"rttpg_author":{"display_name":"V\u00fcsal Rafiqo\u011flu","author_link":"https:\/\/arantv.az\/?author=2"},"rttpg_comment":0,"rttpg_category":"<a href=\"https:\/\/arantv.az\/?cat=20\" rel=\"category\">\u015eou biznes<\/a>","rttpg_excerpt":"Rusiyal\u0131 g\u00fcl\u00fc\u015f v\u0259 stendap usats\u0131 Maksim Qalkin Antalyadak\u0131 konsertinin \u00e7\u0259kili\u015fini qada\u011fan edib. Konsertd\u0259n \u0259vv\u0259l o, qonaqlara \u00fcz tutub v\u0259 onlardan telefonlar\u0131n\u0131 yer\u0259 qoymalar\u0131n\u0131 ist\u0259yib. \u201cCiddi t\u0259l\u0259bl\u0259r var ki, zalda \u00e7\u0259kili\u015f olmas\u0131n. Sonuncu d\u0259f\u0259 \u00e7\u0259kili\u015f s\u0259b\u0259bind\u0259n bizim t\u0259\u015fkilat\u00e7\u0131lar\u0131 c\u0259zaland\u0131r\u0131blar\u201d, &#8211; o\u00a0bildirib. Qalkin Almaniyadak\u0131 tama\u015fa\u00e7\u0131lar\u0131n da eyni ist\u0259y\u0259 anlay\u0131\u015fla yana\u015fd\u0131\u011f\u0131n\u0131 v\u0259 \u201che\u00e7 k\u0259sin \u00e7\u0259kili\u015f aparmad\u0131\u011f\u0131n\u0131\u201d deyib. Qeyd&hellip;","_links":{"self":[{"href":"https:\/\/arantv.az\/index.php?rest_route=\/wp\/v2\/posts\/603967"}],"collection":[{"href":"https:\/\/arantv.az\/index.php?rest_route=\/wp\/v2\/posts"}],"about":[{"href":"https:\/\/arantv.az\/index.php?rest_route=\/wp\/v2\/types\/post"}],"author":[{"embeddable":true,"href":"https:\/\/arantv.az\/index.php?rest_route=\/wp\/v2\/users\/2"}],"replies":[{"embeddable":true,"href":"https:\/\/arantv.az\/index.php?rest_route=%2Fwp%2Fv2%2Fcomments&post=603967"}],"version-history":[{"count":0,"href":"https:\/\/arantv.az\/index.php?rest_route=\/wp\/v2\/posts\/603967\/revisions"}],"wp:featuredmedia":[{"embeddable":true,"href":"https:\/\/arantv.az\/index.php?rest_route=\/wp\/v2\/media\/603968"}],"wp:attachment":[{"href":"https:\/\/arantv.az\/index.php?rest_route=%2Fwp%2Fv2%2Fmedia&parent=603967"}],"wp:term":[{"taxonomy":"category","embeddable":true,"href":"https:\/\/arantv.az\/index.php?rest_route=%2Fwp%2Fv2%2Fcategories&post=603967"},{"taxonomy":"post_tag","embeddable":true,"href":"https:\/\/arantv.az\/index.php?rest_route=%2Fwp%2Fv2%2Ftags&post=603967"}],"curies":[{"name":"wp","href":"https:\/\/api.w.org\/{rel}","templated":true}]}}