{"id":603970,"date":"2023-06-05T09:14:27","date_gmt":"2023-06-05T05:14:27","guid":{"rendered":"https:\/\/arantv.az\/?p=603970"},"modified":"2023-06-05T09:14:27","modified_gmt":"2023-06-05T05:14:27","slug":"az%c9%99rbaycanda-h%c9%99bsd%c9%99-saxlanilan-erm%c9%99ni-diversantlarin-etiraflari-video","status":"publish","type":"post","link":"https:\/\/arantv.az\/?p=603970","title":{"rendered":"Az\u0259rbaycanda h\u0259bsd\u0259 saxlan\u0131lan erm\u0259ni diversantlar\u0131n ET\u0130RAFLARI &#8211; V\u0130DEO"},"content":{"rendered":"<article class=\"news\">\n<div class=\"news-inner\">\n<p>Az\u0259rbaycanda saxlan\u0131lan erm\u0259ni diversantlar\u0131n g\u00f6r\u00fcnt\u00fcl\u0259ri yay\u0131l\u0131b.<\/p>\n<p>\u0130ctimai TV m\u00fcharib\u0259d\u0259n sonra Az\u0259rbaycan torpaqlar\u0131nda terror t\u00f6r\u0259tm\u0259y\u0259 c\u0259hd ed\u0259n erm\u0259ni diversantlar\u0131n etiraflar\u0131n\u0131, onlar\u0131n saxlanma \u015f\u0259raitini lent\u0259 al\u0131b.<\/p>\n<p>Bir ne\u00e7\u0259 erm\u0259ni diversant hans\u0131 \u015f\u0259raitd\u0259 Qaraba\u011fa g\u0259tirildikl\u0259rini v\u0259 onlara hans\u0131 v\u0259dl\u0259rin verildiyini etiraf edib.<\/p>\n<p>Onlar saxlanma \u015f\u0259raitind\u0259n raz\u0131l\u0131qlar\u0131n\u0131 bildiribl\u0259r.<\/p>\n<p>Daha \u0259trafl\u0131 \u0130ctimai TV-nin reportaj\u0131nda:<\/p>\n<div><iframe loading=\"lazy\" title=\"YouTube video player\" src=\"https:\/\/www.youtube.com\/embed\/IqOEebfsYlg\" width=\"560\" height=\"315\" frameborder=\"0\" allowfullscreen=\"allowfullscreen\" data-mce-fragment=\"1\"><\/iframe><\/div>\n<\/div>\n<\/article>\n","protected":false},"excerpt":{"rendered":"<p>Az\u0259rbaycanda saxlan\u0131lan erm\u0259ni diversantlar\u0131n g\u00f6r\u00fcnt\u00fcl\u0259ri yay\u0131l\u0131b. \u0130ctimai TV m\u00fcharib\u0259d\u0259n sonra Az\u0259rbaycan torpaqlar\u0131nda terror t\u00f6r\u0259tm\u0259y\u0259 c\u0259hd ed\u0259n erm\u0259ni diversantlar\u0131n etiraflar\u0131n\u0131, onlar\u0131n saxlanma \u015f\u0259raitini lent\u0259 al\u0131b. Bir ne\u00e7\u0259 erm\u0259ni diversant hans\u0131 \u015f\u0259raitd\u0259 Qaraba\u011fa g\u0259tirildikl\u0259rini v\u0259 onlara hans\u0131 v\u0259dl\u0259rin verildiyini etiraf edib. Onlar saxlanma \u015f\u0259raitind\u0259n raz\u0131l\u0131qlar\u0131n\u0131 bildiribl\u0259r. Daha \u0259trafl\u0131 \u0130ctimai TV-nin reportaj\u0131nda:<\/p>\n","protected":false},"author":2,"featured_media":603971,"comment_status":"closed","ping_status":"closed","sticky":false,"template":"","format":"standard","meta":{"om_disable_all_campaigns":false,"_monsterinsights_skip_tracking":false,"_monsterinsights_sitenote_active":false,"_monsterinsights_sitenote_note":"","_monsterinsights_sitenote_category":0},"categories":[3],"tags":[],"aioseo_notices":[],"gutentor_comment":0,"rttpg_featured_image_url":{"full":["https:\/\/arantv.az\/wp-content\/uploads\/2023\/06\/FotoJet-6.jpg",620,413,false],"landscape":["https:\/\/arantv.az\/wp-content\/uploads\/2023\/06\/FotoJet-6.jpg",620,413,false],"portraits":["https:\/\/arantv.az\/wp-content\/uploads\/2023\/06\/FotoJet-6.jpg",620,413,false],"thumbnail":["https:\/\/arantv.az\/wp-content\/uploads\/2023\/06\/FotoJet-6-500x280.jpg",500,280,true],"medium":["https:\/\/arantv.az\/wp-content\/uploads\/2023\/06\/FotoJet-6-548x365.jpg",548,365,true],"large":["https:\/\/arantv.az\/wp-content\/uploads\/2023\/06\/FotoJet-6.jpg",620,413,false],"1536x1536":["https:\/\/arantv.az\/wp-content\/uploads\/2023\/06\/FotoJet-6.jpg",620,413,false],"2048x2048":["https:\/\/arantv.az\/wp-content\/uploads\/2023\/06\/FotoJet-6.jpg",620,413,false],"post-thumbnail":["https:\/\/arantv.az\/wp-content\/uploads\/2023\/06\/FotoJet-6-240x172.jpg",240,172,true],"advps-thumb-one":["https:\/\/arantv.az\/wp-content\/uploads\/2023\/06\/FotoJet-6.jpg",620,413,false]},"rttpg_author":{"display_name":"V\u00fcsal Rafiqo\u011flu","author_link":"https:\/\/arantv.az\/?author=2"},"rttpg_comment":0,"rttpg_category":"<a href=\"https:\/\/arantv.az\/?cat=3\" rel=\"category\">Kriminal<\/a>","rttpg_excerpt":"Az\u0259rbaycanda saxlan\u0131lan erm\u0259ni diversantlar\u0131n g\u00f6r\u00fcnt\u00fcl\u0259ri yay\u0131l\u0131b. \u0130ctimai TV m\u00fcharib\u0259d\u0259n sonra Az\u0259rbaycan torpaqlar\u0131nda terror t\u00f6r\u0259tm\u0259y\u0259 c\u0259hd ed\u0259n erm\u0259ni diversantlar\u0131n etiraflar\u0131n\u0131, onlar\u0131n saxlanma \u015f\u0259raitini lent\u0259 al\u0131b. Bir ne\u00e7\u0259 erm\u0259ni diversant hans\u0131 \u015f\u0259raitd\u0259 Qaraba\u011fa g\u0259tirildikl\u0259rini v\u0259 onlara hans\u0131 v\u0259dl\u0259rin verildiyini etiraf edib. Onlar saxlanma \u015f\u0259raitind\u0259n raz\u0131l\u0131qlar\u0131n\u0131 bildiribl\u0259r. Daha \u0259trafl\u0131 \u0130ctimai TV-nin reportaj\u0131nda:","_links":{"self":[{"href":"https:\/\/arantv.az\/index.php?rest_route=\/wp\/v2\/posts\/603970"}],"collection":[{"href":"https:\/\/arantv.az\/index.php?rest_route=\/wp\/v2\/posts"}],"about":[{"href":"https:\/\/arantv.az\/index.php?rest_route=\/wp\/v2\/types\/post"}],"author":[{"embeddable":true,"href":"https:\/\/arantv.az\/index.php?rest_route=\/wp\/v2\/users\/2"}],"replies":[{"embeddable":true,"href":"https:\/\/arantv.az\/index.php?rest_route=%2Fwp%2Fv2%2Fcomments&post=603970"}],"version-history":[{"count":0,"href":"https:\/\/arantv.az\/index.php?rest_route=\/wp\/v2\/posts\/603970\/revisions"}],"wp:featuredmedia":[{"embeddable":true,"href":"https:\/\/arantv.az\/index.php?rest_route=\/wp\/v2\/media\/603971"}],"wp:attachment":[{"href":"https:\/\/arantv.az\/index.php?rest_route=%2Fwp%2Fv2%2Fmedia&parent=603970"}],"wp:term":[{"taxonomy":"category","embeddable":true,"href":"https:\/\/arantv.az\/index.php?rest_route=%2Fwp%2Fv2%2Fcategories&post=603970"},{"taxonomy":"post_tag","embeddable":true,"href":"https:\/\/arantv.az\/index.php?rest_route=%2Fwp%2Fv2%2Ftags&post=603970"}],"curies":[{"name":"wp","href":"https:\/\/api.w.org\/{rel}","templated":true}]}}