{"id":603976,"date":"2023-06-05T09:19:12","date_gmt":"2023-06-05T05:19:12","guid":{"rendered":"https:\/\/arantv.az\/?p=603976"},"modified":"2023-06-05T09:19:12","modified_gmt":"2023-06-05T05:19:12","slug":"%c9%99rdogan-onlari-t%c9%99brik-edib","status":"publish","type":"post","link":"https:\/\/arantv.az\/?p=603976","title":{"rendered":"\u018frdo\u011fan onlar\u0131 t\u0259brik edib"},"content":{"rendered":"<div class=\"article_text\">\n<p>T\u00fcrkiy\u0259 Prezident R\u0259c\u0259b Tayyib \u018frdo\u011fan Bak\u0131da ke\u00e7iril\u0259n taekvondo \u00fczr\u0259 26-c\u0131 d\u00fcnya \u00e7empionat\u0131na 3 q\u0131z\u0131l v\u0259 3 b\u00fcr\u00fcnc medal qazanan milli idman\u00e7\u0131lar\u0131 t\u0259brik edib.<\/p>\n<p><strong>ARANTV.AZ<\/strong>\u00a0<a href=\"http:\/\/az.trend.az\/\" target=\"_blank\" rel=\"noopener\">Trend<\/a>-\u0259 istinad\u0259n bildirir ki, bununla ba\u011fl\u0131 sosial media hesablar\u0131nda payla\u015f\u0131m ed\u0259n T\u00fcrkiy\u0259 Prezident qad\u0131n v\u0259 ki\u015fil\u0259rd\u0259n ibar\u0259t T\u00fcrkiy\u0259 Taekvondo Milli komandalar\u0131na t\u0259\u015f\u0259kk\u00fcr\u00fcn\u00fc bildirib.<\/p>\n<p>Payla\u015f\u0131mda q\u0131z\u0131l v\u0259 b\u00fcr\u00fcnc medal qazanan idman\u00e7\u0131lar\u0131n adlar\u0131 v\u0259 \u015f\u0259kill\u0259ri d\u0259 yer al\u0131b.<\/p>\n<\/div>\n<h4><img loading=\"lazy\" class=\"alignnone size-medium wp-image-603977\" src=\"https:\/\/arantv.az\/wp-content\/uploads\/2023\/06\/1126266_01-535x365.jpg\" alt=\"\" width=\"535\" height=\"365\" \/><\/h4>\n<div class=\"article-gallery\">\n<div class=\"lSSlideOuter \">\n<div class=\"lSSlideWrapper usingCss\"><\/div>\n<\/div>\n<\/div>\n","protected":false},"excerpt":{"rendered":"<p>T\u00fcrkiy\u0259 Prezident R\u0259c\u0259b Tayyib \u018frdo\u011fan Bak\u0131da ke\u00e7iril\u0259n taekvondo \u00fczr\u0259 26-c\u0131 d\u00fcnya \u00e7empionat\u0131na 3 q\u0131z\u0131l v\u0259 3 b\u00fcr\u00fcnc medal qazanan milli idman\u00e7\u0131lar\u0131 t\u0259brik edib. ARANTV.AZ\u00a0Trend-\u0259 istinad\u0259n bildirir ki, bununla ba\u011fl\u0131 sosial media hesablar\u0131nda payla\u015f\u0131m ed\u0259n T\u00fcrkiy\u0259 Prezident qad\u0131n v\u0259 ki\u015fil\u0259rd\u0259n ibar\u0259t T\u00fcrkiy\u0259 Taekvondo Milli komandalar\u0131na t\u0259\u015f\u0259kk\u00fcr\u00fcn\u00fc bildirib. Payla\u015f\u0131mda q\u0131z\u0131l v\u0259 b\u00fcr\u00fcnc medal qazanan idman\u00e7\u0131lar\u0131n adlar\u0131 v\u0259 \u015f\u0259kill\u0259ri d\u0259 yer al\u0131b.<\/p>\n","protected":false},"author":2,"featured_media":603978,"comment_status":"closed","ping_status":"closed","sticky":false,"template":"","format":"standard","meta":{"om_disable_all_campaigns":false,"_monsterinsights_skip_tracking":false,"_monsterinsights_sitenote_active":false,"_monsterinsights_sitenote_note":"","_monsterinsights_sitenote_category":0},"categories":[19],"tags":[],"aioseo_notices":[],"gutentor_comment":0,"rttpg_featured_image_url":{"full":["https:\/\/arantv.az\/wp-content\/uploads\/2023\/06\/1126266.jpg",1200,800,false],"landscape":["https:\/\/arantv.az\/wp-content\/uploads\/2023\/06\/1126266.jpg",1200,800,false],"portraits":["https:\/\/arantv.az\/wp-content\/uploads\/2023\/06\/1126266.jpg",1200,800,false],"thumbnail":["https:\/\/arantv.az\/wp-content\/uploads\/2023\/06\/1126266-500x280.jpg",500,280,true],"medium":["https:\/\/arantv.az\/wp-content\/uploads\/2023\/06\/1126266-548x365.jpg",548,365,true],"large":["https:\/\/arantv.az\/wp-content\/uploads\/2023\/06\/1126266-840x560.jpg",640,427,true],"1536x1536":["https:\/\/arantv.az\/wp-content\/uploads\/2023\/06\/1126266.jpg",1200,800,false],"2048x2048":["https:\/\/arantv.az\/wp-content\/uploads\/2023\/06\/1126266.jpg",1200,800,false],"post-thumbnail":["https:\/\/arantv.az\/wp-content\/uploads\/2023\/06\/1126266-240x172.jpg",240,172,true],"advps-thumb-one":["https:\/\/arantv.az\/wp-content\/uploads\/2023\/06\/1126266-1200x620.jpg",1200,620,true]},"rttpg_author":{"display_name":"V\u00fcsal Rafiqo\u011flu","author_link":"https:\/\/arantv.az\/?author=2"},"rttpg_comment":0,"rttpg_category":"<a href=\"https:\/\/arantv.az\/?cat=19\" rel=\"category\">G\u00fcnd\u0259m<\/a>","rttpg_excerpt":"T\u00fcrkiy\u0259 Prezident R\u0259c\u0259b Tayyib \u018frdo\u011fan Bak\u0131da ke\u00e7iril\u0259n taekvondo \u00fczr\u0259 26-c\u0131 d\u00fcnya \u00e7empionat\u0131na 3 q\u0131z\u0131l v\u0259 3 b\u00fcr\u00fcnc medal qazanan milli idman\u00e7\u0131lar\u0131 t\u0259brik edib. ARANTV.AZ\u00a0Trend-\u0259 istinad\u0259n bildirir ki, bununla ba\u011fl\u0131 sosial media hesablar\u0131nda payla\u015f\u0131m ed\u0259n T\u00fcrkiy\u0259 Prezident qad\u0131n v\u0259 ki\u015fil\u0259rd\u0259n ibar\u0259t T\u00fcrkiy\u0259 Taekvondo Milli komandalar\u0131na t\u0259\u015f\u0259kk\u00fcr\u00fcn\u00fc bildirib. Payla\u015f\u0131mda q\u0131z\u0131l v\u0259 b\u00fcr\u00fcnc medal qazanan idman\u00e7\u0131lar\u0131n adlar\u0131 v\u0259&hellip;","_links":{"self":[{"href":"https:\/\/arantv.az\/index.php?rest_route=\/wp\/v2\/posts\/603976"}],"collection":[{"href":"https:\/\/arantv.az\/index.php?rest_route=\/wp\/v2\/posts"}],"about":[{"href":"https:\/\/arantv.az\/index.php?rest_route=\/wp\/v2\/types\/post"}],"author":[{"embeddable":true,"href":"https:\/\/arantv.az\/index.php?rest_route=\/wp\/v2\/users\/2"}],"replies":[{"embeddable":true,"href":"https:\/\/arantv.az\/index.php?rest_route=%2Fwp%2Fv2%2Fcomments&post=603976"}],"version-history":[{"count":0,"href":"https:\/\/arantv.az\/index.php?rest_route=\/wp\/v2\/posts\/603976\/revisions"}],"wp:featuredmedia":[{"embeddable":true,"href":"https:\/\/arantv.az\/index.php?rest_route=\/wp\/v2\/media\/603978"}],"wp:attachment":[{"href":"https:\/\/arantv.az\/index.php?rest_route=%2Fwp%2Fv2%2Fmedia&parent=603976"}],"wp:term":[{"taxonomy":"category","embeddable":true,"href":"https:\/\/arantv.az\/index.php?rest_route=%2Fwp%2Fv2%2Fcategories&post=603976"},{"taxonomy":"post_tag","embeddable":true,"href":"https:\/\/arantv.az\/index.php?rest_route=%2Fwp%2Fv2%2Ftags&post=603976"}],"curies":[{"name":"wp","href":"https:\/\/api.w.org\/{rel}","templated":true}]}}