{"id":603983,"date":"2023-06-05T09:21:46","date_gmt":"2023-06-05T05:21:46","guid":{"rendered":"https:\/\/arantv.az\/?p=603983"},"modified":"2023-06-05T09:21:46","modified_gmt":"2023-06-05T05:21:46","slug":"istefa-verm%c9%99y%c9%99-haziram","status":"publish","type":"post","link":"https:\/\/arantv.az\/?p=603983","title":{"rendered":"&#8220;\u0130stefa verm\u0259y\u0259 haz\u0131ram&#8221;"},"content":{"rendered":"<p>Serbiyada h\u00f6kum\u0259t \u0259leyhin\u0259 etirazlar fonunda istefa verm\u0259y\u0259 haz\u0131ram.<\/p>\n<p><strong>ARANTV.AZ<\/strong> axar.az-a istinad\u0259n bildirir ki, bunu Serbiyan\u0131n Ba\u015f naziri Ana Brnabi\u00e7 deyib.<\/p>\n<p>Nazir bildirib ki, Serbiya prezidenti onun istefa verm\u0259sin\u0259 raz\u0131 deyil.<\/p>\n<p>Qeyd ed\u0259k ki, Serbiyada bir m\u00fcdd\u0259t \u0259vv\u0259l m\u0259kt\u0259bd\u0259 ba\u015f ver\u0259n qanl\u0131 olaydan sonra m\u00fcxalif\u0259tin hakimiyy\u0259t\u0259 qar\u015f\u0131 etiraz mitinql\u0259ri ke\u00e7irilir.<\/p>\n","protected":false},"excerpt":{"rendered":"<p>Serbiyada h\u00f6kum\u0259t \u0259leyhin\u0259 etirazlar fonunda istefa verm\u0259y\u0259 haz\u0131ram. ARANTV.AZ axar.az-a istinad\u0259n bildirir ki, bunu Serbiyan\u0131n Ba\u015f naziri Ana Brnabi\u00e7 deyib. Nazir bildirib ki, Serbiya prezidenti onun istefa verm\u0259sin\u0259 raz\u0131 deyil. Qeyd ed\u0259k ki, Serbiyada bir m\u00fcdd\u0259t \u0259vv\u0259l m\u0259kt\u0259bd\u0259 ba\u015f ver\u0259n qanl\u0131 olaydan sonra m\u00fcxalif\u0259tin hakimiyy\u0259t\u0259 qar\u015f\u0131 etiraz mitinql\u0259ri ke\u00e7irilir.<\/p>\n","protected":false},"author":2,"featured_media":603984,"comment_status":"closed","ping_status":"closed","sticky":false,"template":"","format":"standard","meta":{"om_disable_all_campaigns":false,"_monsterinsights_skip_tracking":false,"_monsterinsights_sitenote_active":false,"_monsterinsights_sitenote_note":"","_monsterinsights_sitenote_category":0},"categories":[7],"tags":[],"aioseo_notices":[],"gutentor_comment":0,"rttpg_featured_image_url":{"full":["https:\/\/arantv.az\/wp-content\/uploads\/2023\/06\/1126267.jpg",603,379,false],"landscape":["https:\/\/arantv.az\/wp-content\/uploads\/2023\/06\/1126267.jpg",603,379,false],"portraits":["https:\/\/arantv.az\/wp-content\/uploads\/2023\/06\/1126267.jpg",603,379,false],"thumbnail":["https:\/\/arantv.az\/wp-content\/uploads\/2023\/06\/1126267-500x280.jpg",500,280,true],"medium":["https:\/\/arantv.az\/wp-content\/uploads\/2023\/06\/1126267-581x365.jpg",581,365,true],"large":["https:\/\/arantv.az\/wp-content\/uploads\/2023\/06\/1126267.jpg",603,379,false],"1536x1536":["https:\/\/arantv.az\/wp-content\/uploads\/2023\/06\/1126267.jpg",603,379,false],"2048x2048":["https:\/\/arantv.az\/wp-content\/uploads\/2023\/06\/1126267.jpg",603,379,false],"post-thumbnail":["https:\/\/arantv.az\/wp-content\/uploads\/2023\/06\/1126267-240x172.jpg",240,172,true],"advps-thumb-one":["https:\/\/arantv.az\/wp-content\/uploads\/2023\/06\/1126267.jpg",603,379,false]},"rttpg_author":{"display_name":"V\u00fcsal Rafiqo\u011flu","author_link":"https:\/\/arantv.az\/?author=2"},"rttpg_comment":0,"rttpg_category":"<a href=\"https:\/\/arantv.az\/?cat=7\" rel=\"category\">D\u00fcnya<\/a>","rttpg_excerpt":"Serbiyada h\u00f6kum\u0259t \u0259leyhin\u0259 etirazlar fonunda istefa verm\u0259y\u0259 haz\u0131ram. ARANTV.AZ axar.az-a istinad\u0259n bildirir ki, bunu Serbiyan\u0131n Ba\u015f naziri Ana Brnabi\u00e7 deyib. Nazir bildirib ki, Serbiya prezidenti onun istefa verm\u0259sin\u0259 raz\u0131 deyil. Qeyd ed\u0259k ki, Serbiyada bir m\u00fcdd\u0259t \u0259vv\u0259l m\u0259kt\u0259bd\u0259 ba\u015f ver\u0259n qanl\u0131 olaydan sonra m\u00fcxalif\u0259tin hakimiyy\u0259t\u0259 qar\u015f\u0131 etiraz mitinql\u0259ri ke\u00e7irilir.","_links":{"self":[{"href":"https:\/\/arantv.az\/index.php?rest_route=\/wp\/v2\/posts\/603983"}],"collection":[{"href":"https:\/\/arantv.az\/index.php?rest_route=\/wp\/v2\/posts"}],"about":[{"href":"https:\/\/arantv.az\/index.php?rest_route=\/wp\/v2\/types\/post"}],"author":[{"embeddable":true,"href":"https:\/\/arantv.az\/index.php?rest_route=\/wp\/v2\/users\/2"}],"replies":[{"embeddable":true,"href":"https:\/\/arantv.az\/index.php?rest_route=%2Fwp%2Fv2%2Fcomments&post=603983"}],"version-history":[{"count":0,"href":"https:\/\/arantv.az\/index.php?rest_route=\/wp\/v2\/posts\/603983\/revisions"}],"wp:featuredmedia":[{"embeddable":true,"href":"https:\/\/arantv.az\/index.php?rest_route=\/wp\/v2\/media\/603984"}],"wp:attachment":[{"href":"https:\/\/arantv.az\/index.php?rest_route=%2Fwp%2Fv2%2Fmedia&parent=603983"}],"wp:term":[{"taxonomy":"category","embeddable":true,"href":"https:\/\/arantv.az\/index.php?rest_route=%2Fwp%2Fv2%2Fcategories&post=603983"},{"taxonomy":"post_tag","embeddable":true,"href":"https:\/\/arantv.az\/index.php?rest_route=%2Fwp%2Fv2%2Ftags&post=603983"}],"curies":[{"name":"wp","href":"https:\/\/api.w.org\/{rel}","templated":true}]}}