{"id":603991,"date":"2023-06-05T09:25:34","date_gmt":"2023-06-05T05:25:34","guid":{"rendered":"https:\/\/arantv.az\/?p=603991"},"modified":"2023-06-05T09:25:34","modified_gmt":"2023-06-05T05:25:34","slug":"kadirovdan-t%c9%99klif-belqoroda-cecenl%c9%99ri-gond%c9%99r%c9%99k","status":"publish","type":"post","link":"https:\/\/arantv.az\/?p=603991","title":{"rendered":"Kad\u0131rovdan t\u0259klif: Belqoroda \u00e7e\u00e7enl\u0259ri g\u00f6nd\u0259r\u0259k!"},"content":{"rendered":"<p>\u00c7e\u00e7enistan lideri Ramzan Kad\u0131rov Belqorod vilay\u0259tin\u0259 \u00e7e\u00e7en b\u00f6lm\u0259l\u0259ri g\u00f6nd\u0259rm\u0259yi t\u0259klif edib.<\/p>\n<p><strong>ARANTV.AZ<\/strong> axar.az-a istinad\u0259n bildirir ki, bu bar\u0259d\u0259 Rusiya medias\u0131 m\u0259lumat yay\u0131b.<\/p>\n<p>Kad\u0131rov bildirib ki, Belqorod vilay\u0259tind\u0259ki v\u0259ziyy\u0259ti Teleqram kanallar\u0131ndan izl\u0259yir v\u0259 narahatd\u0131r:<\/p>\n<p>&#8220;\u018flb\u0259tt\u0259, Ali Ba\u015f Komandan daha yax\u015f\u0131 bilir. Ancaq xat\u0131rlatmaq ist\u0259rdim ki, Belqorod vilay\u0259tin\u0259 h\u00fccum ed\u0259n terror\u00e7ularla \u00e7e\u00e7en b\u00f6lm\u0259l\u0259rinin q\u00fcvv\u0259l\u0259ri m\u00fcbariz\u0259 apara bil\u0259rdi. M\u0259nim d\u00f6y\u00fc\u015f\u00e7\u00fcl\u0259rim d\u00fc\u015fm\u0259ni m\u00fclki \u0259hali v\u0259 infrastruktura he\u00e7 bir z\u0259r\u0259r verm\u0259d\u0259n m\u0259hv etm\u0259y\u0259 qadirdir&#8221;.<\/p>\n","protected":false},"excerpt":{"rendered":"<p>\u00c7e\u00e7enistan lideri Ramzan Kad\u0131rov Belqorod vilay\u0259tin\u0259 \u00e7e\u00e7en b\u00f6lm\u0259l\u0259ri g\u00f6nd\u0259rm\u0259yi t\u0259klif edib. ARANTV.AZ axar.az-a istinad\u0259n bildirir ki, bu bar\u0259d\u0259 Rusiya medias\u0131 m\u0259lumat yay\u0131b. Kad\u0131rov bildirib ki, Belqorod vilay\u0259tind\u0259ki v\u0259ziyy\u0259ti Teleqram kanallar\u0131ndan izl\u0259yir v\u0259 narahatd\u0131r: &#8220;\u018flb\u0259tt\u0259, Ali Ba\u015f Komandan daha yax\u015f\u0131 bilir. Ancaq xat\u0131rlatmaq ist\u0259rdim ki, Belqorod vilay\u0259tin\u0259 h\u00fccum ed\u0259n terror\u00e7ularla \u00e7e\u00e7en b\u00f6lm\u0259l\u0259rinin q\u00fcvv\u0259l\u0259ri m\u00fcbariz\u0259 apara bil\u0259rdi. M\u0259nim d\u00f6y\u00fc\u015f\u00e7\u00fcl\u0259rim d\u00fc\u015fm\u0259ni m\u00fclki \u0259hali v\u0259 infrastruktura he\u00e7 bir z\u0259r\u0259r verm\u0259d\u0259n m\u0259hv etm\u0259y\u0259 qadirdir&#8221;.<\/p>\n","protected":false},"author":2,"featured_media":603992,"comment_status":"closed","ping_status":"closed","sticky":false,"template":"","format":"standard","meta":{"om_disable_all_campaigns":false,"_monsterinsights_skip_tracking":false,"_monsterinsights_sitenote_active":false,"_monsterinsights_sitenote_note":"","_monsterinsights_sitenote_category":0},"categories":[7],"tags":[],"aioseo_notices":[],"gutentor_comment":0,"rttpg_featured_image_url":{"full":["https:\/\/arantv.az\/wp-content\/uploads\/2023\/06\/1126270.jpg",660,440,false],"landscape":["https:\/\/arantv.az\/wp-content\/uploads\/2023\/06\/1126270.jpg",660,440,false],"portraits":["https:\/\/arantv.az\/wp-content\/uploads\/2023\/06\/1126270.jpg",660,440,false],"thumbnail":["https:\/\/arantv.az\/wp-content\/uploads\/2023\/06\/1126270-500x280.jpg",500,280,true],"medium":["https:\/\/arantv.az\/wp-content\/uploads\/2023\/06\/1126270-548x365.jpg",548,365,true],"large":["https:\/\/arantv.az\/wp-content\/uploads\/2023\/06\/1126270.jpg",640,427,false],"1536x1536":["https:\/\/arantv.az\/wp-content\/uploads\/2023\/06\/1126270.jpg",660,440,false],"2048x2048":["https:\/\/arantv.az\/wp-content\/uploads\/2023\/06\/1126270.jpg",660,440,false],"post-thumbnail":["https:\/\/arantv.az\/wp-content\/uploads\/2023\/06\/1126270-240x172.jpg",240,172,true],"advps-thumb-one":["https:\/\/arantv.az\/wp-content\/uploads\/2023\/06\/1126270.jpg",660,440,false]},"rttpg_author":{"display_name":"V\u00fcsal Rafiqo\u011flu","author_link":"https:\/\/arantv.az\/?author=2"},"rttpg_comment":0,"rttpg_category":"<a href=\"https:\/\/arantv.az\/?cat=7\" rel=\"category\">D\u00fcnya<\/a>","rttpg_excerpt":"\u00c7e\u00e7enistan lideri Ramzan Kad\u0131rov Belqorod vilay\u0259tin\u0259 \u00e7e\u00e7en b\u00f6lm\u0259l\u0259ri g\u00f6nd\u0259rm\u0259yi t\u0259klif edib. ARANTV.AZ axar.az-a istinad\u0259n bildirir ki, bu bar\u0259d\u0259 Rusiya medias\u0131 m\u0259lumat yay\u0131b. Kad\u0131rov bildirib ki, Belqorod vilay\u0259tind\u0259ki v\u0259ziyy\u0259ti Teleqram kanallar\u0131ndan izl\u0259yir v\u0259 narahatd\u0131r: &#8220;\u018flb\u0259tt\u0259, Ali Ba\u015f Komandan daha yax\u015f\u0131 bilir. Ancaq xat\u0131rlatmaq ist\u0259rdim ki, Belqorod vilay\u0259tin\u0259 h\u00fccum ed\u0259n terror\u00e7ularla \u00e7e\u00e7en b\u00f6lm\u0259l\u0259rinin q\u00fcvv\u0259l\u0259ri m\u00fcbariz\u0259 apara bil\u0259rdi.&hellip;","_links":{"self":[{"href":"https:\/\/arantv.az\/index.php?rest_route=\/wp\/v2\/posts\/603991"}],"collection":[{"href":"https:\/\/arantv.az\/index.php?rest_route=\/wp\/v2\/posts"}],"about":[{"href":"https:\/\/arantv.az\/index.php?rest_route=\/wp\/v2\/types\/post"}],"author":[{"embeddable":true,"href":"https:\/\/arantv.az\/index.php?rest_route=\/wp\/v2\/users\/2"}],"replies":[{"embeddable":true,"href":"https:\/\/arantv.az\/index.php?rest_route=%2Fwp%2Fv2%2Fcomments&post=603991"}],"version-history":[{"count":0,"href":"https:\/\/arantv.az\/index.php?rest_route=\/wp\/v2\/posts\/603991\/revisions"}],"wp:featuredmedia":[{"embeddable":true,"href":"https:\/\/arantv.az\/index.php?rest_route=\/wp\/v2\/media\/603992"}],"wp:attachment":[{"href":"https:\/\/arantv.az\/index.php?rest_route=%2Fwp%2Fv2%2Fmedia&parent=603991"}],"wp:term":[{"taxonomy":"category","embeddable":true,"href":"https:\/\/arantv.az\/index.php?rest_route=%2Fwp%2Fv2%2Fcategories&post=603991"},{"taxonomy":"post_tag","embeddable":true,"href":"https:\/\/arantv.az\/index.php?rest_route=%2Fwp%2Fv2%2Ftags&post=603991"}],"curies":[{"name":"wp","href":"https:\/\/api.w.org\/{rel}","templated":true}]}}