{"id":604011,"date":"2023-06-05T09:40:25","date_gmt":"2023-06-05T05:40:25","guid":{"rendered":"https:\/\/arantv.az\/?p=604011"},"modified":"2023-06-05T09:40:25","modified_gmt":"2023-06-05T05:40:25","slug":"qatil%c9%99-haqq-qazandiranlar-%c9%99claflarla-dost-olanlar","status":"publish","type":"post","link":"https:\/\/arantv.az\/?p=604011","title":{"rendered":"Qatil\u0259 haqq qazand\u0131ranlar, \u0259claflarla dost olanlar"},"content":{"rendered":"<p><strong>Bir m\u0259\u015fhur z\u0259rb\u00fcl-m\u0259s\u0259l var, deyirl\u0259r: \u201cDostunu g\u00f6st\u0259r, deyim, kims\u0259n\u201d. Bel\u0259 baxanda, bu, oxumu\u015f adamlar demi\u015fk\u0259n, yax\u015f\u0131 indikatordur, birinin dostluq etdiyi adama bax\u0131b \u00f6z\u00fcn\u0259 d\u0259 qiym\u0259t verm\u0259k olar. Beyin beyin\u0259 yax\u0131n olur ax\u0131.<\/strong><\/p>\n<p>H\u0259r\u00e7\u0259nd istisnalar h\u0259mi\u015f\u0259 var. M\u0259s\u0259l\u0259n, bir normal, pozitiv, s\u0259mimi h\u0259mkar\u0131m\u0131z var, \u00f6lk\u0259nin \u0259n \u0259claf adamlar\u0131 il\u0259 dostdur. Bir d\u0259f\u0259 ona dedik ki, niy\u0259 bel\u0259dir, \u00f6lk\u0259nin birm\u0259nal\u0131 \u0259claf\u0131 say\u0131lan adamlar niy\u0259 m\u0259hz s\u0259nin dostundur, cavab verdi ki, l\u0259l\u0259, vallah, onlar o q\u0259d\u0259r d\u0259 \u0259claf deyill\u0259r. D\u00fcz demirdi, h\u0259qiq\u0259t\u0259n \u0259n \u0259claf adamlarla dost idi, \u00f6z\u00fcn\u00fc is\u0259 \u0259claf saymaq m\u00fcmk\u00fcn deyil.<\/p>\n<p>Amma bir adam\u0131n p\u0259r\u0259sti\u015f etdiyi siyasi xadim\u0259 n\u0259z\u0259r\u0259n \u00f6z\u00fcn\u00fcn n\u0259 tip biri oldu\u011funu daha asan m\u00fc\u0259yy\u0259n etm\u0259k olar.<\/p>\n<p>Tutaq ki, biri Hitler\u0259 r\u0259\u011fb\u0259t b\u0259sl\u0259yir, h\u0259r yerd\u0259 onu \u00f6y\u00fcr. Ta he\u00e7 zad. Ondan adam olmaz. O, el \u00fcz\u00fcn\u0259 qoyulas\u0131, b\u0259\u015f\u0259r i\u00e7in\u0259 burax\u0131las\u0131 adam deyil. O dem\u0259kdir ki, bu adam\u0131n \u0259lind\u0259 imkan olsa, Hitlerin etdiyi cinay\u0259tl\u0259ri birb\u0259bir t\u0259krar ed\u0259r. Bu saat Almaniyan\u0131n \u00f6z\u00fcnd\u0259 bel\u0259 he\u00e7 bir normal adam Hitler\u0259 r\u0259\u011fb\u0259t b\u0259sl\u0259mir. Yox, kims\u0259 \u015f\u0259had\u0259t g\u0259tir\u0259 bil\u0259r ki, el\u0259 deyil, Almaniyada Hitler\u0259 r\u0259\u011fb\u0259t b\u0259sl\u0259y\u0259nl\u0259r var v\u0259 \u00e7oxdur. Ola bil\u0259r. Amma buras\u0131 d\u0259qiqdir ki, onlar normal adam deyill\u0259r.<\/p>\n<p>Stalin\u0259 m\u00fcnasib\u0259td\u0259 d\u0259 eyni meyar ke\u00e7\u0259rlidir. D\u00fczd\u00fcr, onun m\u00fc\u0259yy\u0259n xidm\u0259tl\u0259ri v\u0259 haqq\u0131na c\u0259zaland\u0131rd\u0131\u011f\u0131 adamlar da olub, amma o q\u0259d\u0259r g\u00fcnahs\u0131z, m\u0259sum insanlar\u0131n h\u0259yat\u0131n\u0131 m\u0259hv edib ki, Stalini \u00f6ym\u0259k, t\u0259rifl\u0259yib g\u00f6y\u0259 qald\u0131rmaq h\u0259min o m\u0259sum insanlar\u0131n qan\u0131n\u0131n baiskarl\u0131\u011f\u0131na \u015f\u0259rik olmaq dem\u0259kdir.<\/p>\n<p>Budur, 4 iyun qiyam\u0131n\u0131n 30-cu ild\u00f6n\u00fcm\u00fc il\u0259 ba\u011fl\u0131 ged\u0259n \u0259n\u0259n\u0259vi m\u00fcbahis\u0259l\u0259r zaman\u0131 ortaya \u00e7\u0131x\u0131r ki, h\u0259l\u0259 d\u0259 Sur\u0259t\u0259 haqq qazand\u0131ranlar var. 30 il \u0259vv\u0259l ayd\u0131n idi, ortada b\u00f6l\u00fcn\u0259si hakimiyy\u0259t, tort, \u015fampan vard\u0131, adamlar\u0131n g\u00f6z\u00fcn\u00fc kalori-komfort ehtiras\u0131 tutmu\u015fdu. B\u0259s indi n\u0259 olub, adam\u0131n mahiyy\u0259ti, b\u0259d \u0259m\u0259ll\u0259ri tam ortada olandan sonra bu n\u0259 qahmarl\u0131qd\u0131r?<\/p>\n<p>K\u0259lb\u0259c\u0259rd\u0259n ba\u015flayaraq yeddi rayonun d\u00fc\u015fm\u0259n \u0259lin\u0259 ke\u00e7m\u0259sinin \u0259sas baiskar\u0131 olan, minl\u0259rl\u0259 \u0259sg\u0259rimizin \u015f\u0259hid olmas\u0131na, \u0259sir d\u00fc\u015fm\u0259sin\u0259 r\u0259vac ver\u0259n, konkret olaraq 18 \u015f\u00fcca\u0259tli h\u0259rb\u00e7imizin q\u0259tlini t\u0259\u015fkil ed\u0259n, Rusiyan\u0131n h\u0259rbi istebli\u015fmenitinin ma\u015fas\u0131na \u00e7evril\u0259n adama nec\u0259 haqq qazand\u0131rmaq olar? A\u011f\u0131la, d\u0259rrak\u0259y\u0259 s\u0131\u011fan i\u015f deyil.<\/p>\n<p>He\u00e7 olmasa, onun r\u0259hb\u0259rlik etdiyi qiyam\u00e7\u0131 h\u0259rb\u00e7il\u0259r \u0259sl h\u0259rb\u00e7i olsayd\u0131lar, adam dey\u0259rdi ki, zabit \u015f\u0259r\u0259fl\u0259ri t\u0259hqir olunub, d\u00f6zm\u0259yib aya\u011fa qalx\u0131blar. Onlar is\u0259 \u0259ks\u0259riyy\u0259ti ordan-burdan y\u0131\u011f\u0131lm\u0131\u015f qeyri-pe\u015f\u0259kar adamlar idi. M\u00fcasir d\u00f6vr\u00fcn \u0130\u015e\u0130D-i n\u0259ydis\u0259, Sur\u0259tin r\u0259hb\u0259rlik etdiyi h\u0259rb\u00e7il\u0259r d\u0259 eyniydi. Aralar\u0131nda kriminal \u00fcns\u00fcrl\u0259r, yat\u0131b-\u00e7\u0131xm\u0131\u015f adamlar da vard\u0131, 1994-c\u00fc ild\u0259n sonra t\u0259z\u0259d\u0259n yatd\u0131lar, amma b\u0259zil\u0259ri ta \u00e7\u0131xmad\u0131.<\/p>\n<p>\u0130ndi g\u0259l onu \u00f6y\u0259nl\u0259r\u0259 ba\u015fa sal ki, h\u0259rbi qiyam qald\u0131rmaq a\u011f\u0131r d\u00f6vl\u0259ti cinay\u0259tdir, bir \u00e7ox \u00f6lk\u0259l\u0259rd\u0259 c\u0259zas\u0131 \u00f6l\u00fcmd\u00fcr, \u00f6m\u00fcrl\u00fck h\u0259bsdir, az\u0131 15 il i\u015fdir. Kim\u0259 deyirs\u0259n? Dey\u0259c\u0259kl\u0259r, yox, m\u0259cbur idi, d\u00fcz el\u0259di. N\u0259yi d\u00fcz el\u0259di? Adam \u00f6ld\u00fcrm\u0259yimi? Se\u00e7ilm\u0259diyi halda d\u00f6vl\u0259t idar\u0259\u00e7iliyini q\u0259sb etm\u0259yimi? A\u011f\u0131ll\u0131 cavab olmayacaq. Eyz\u0259n h\u0259rz\u0259-h\u0259dyan, faktlar\u0131n t\u0259hrifi, uydurma s\u0259b\u0259bl\u0259r, q\u0259r\u0259zli yozmalar v\u0259 s.<\/p>\n<p>O d\u00f6vrd\u0259 ya\u015fayanlar, siyas\u0259tl\u0259 maraqlananlar yax\u015f\u0131 xat\u0131rlayar, Sur\u0259t ba\u015f nazir t\u0259yin olunan g\u00fcn prezidentin s\u0259lahiyy\u0259tl\u0259rini icra ed\u0259n parlament s\u0259dri Heyd\u0259r \u018fliyev brifinq ke\u00e7irirdi, o da yan\u0131nda durmu\u015fdu. Xarici v\u0259 yerli jurnalistl\u0259r sual verirdil\u0259r, 40 ilin siyas\u0259t adam\u0131 \u018fliyev suallar\u0131 laz\u0131m bildiyi kimi cavabland\u0131r\u0131rd\u0131. Arada jurnalistl\u0259r Sur\u0259td\u0259n d\u0259 n\u0259 fikirl\u0259\u015fdiyini soru\u015furdular. 32 ya\u015f\u0131 olan v\u0259 \u00f6mr\u00fcnd\u0259 brifinq ke\u00e7irm\u0259y\u0259n bu \u015f\u0259xs a\u011fz\u0131n\u0131 mikrofona tutub deyirdi: \u201cMaa el\u0259 g\u0259lir ki, Heyd\u0259r \u018fliyev d\u00fcz deyir\u201d; \u201cMan Heyd\u0259r \u018fliyevin dedikl\u0259ri il\u0259 raz\u0131yam\u201d. Ba\u015fqa he\u00e7 n\u0259.<\/p>\n<p>Bax, o zaman xalqda bel\u0259 bir q\u0259na\u0259t hasil olmu\u015fdu ki, bu, iki e\u015f\u015f\u0259yin arpas\u0131n\u0131 b\u00f6l\u0259 bil\u0259c\u0259k d\u0259rrak\u0259d\u0259 deyil. Sonradan tam t\u0259sdiq olundu ki, m\u0259hz el\u0259dir. Onun siyas\u0259td\u0259n bildiyi bir \u015fey olsayd\u0131, o g\u00fcnl\u0259r\u0259 qalmazd\u0131, Moskvadan qolu ba\u011fl\u0131 qara qul kimi g\u0259tirilm\u0259zdi.<\/p>\n<p>\u0130ndi b\u0259zil\u0259ri \u00e7\u0131x\u0131b haqq qazand\u0131r\u0131r: \u201cN\u0259 ed\u0259ydi, \u00fcst\u00fcn\u0259 silahla g\u0259lmi\u015fdil\u0259r\u201d. Tabe olayd\u0131. Ali ba\u015f komandan \u0259mr imzalay\u0131b ki, bu h\u0259rbi hiss\u0259 burax\u0131ls\u0131n, yenid\u0259n t\u0259\u015fkil olunsun. V\u0259ssalam. H\u0259r bir \u0259sg\u0259r v\u0259 ya general \u0259mr quludur, ba\u015f komandan\u0131n \u0259mrin\u0259 tabe olmal\u0131d\u0131r. Olmursa, bu, qiyam dem\u0259kdir v\u0259 bunun a\u011f\u0131r c\u0259zas\u0131 var. Yox, durub \u0259yal\u0259td\u0259n paytaxta h\u00fccum edirs\u0259, art\u0131q he\u00e7 bir b\u0259ra\u0259t yoxdur.<\/p>\n<p>\u0130ki v\u0259 daha \u00e7ox adam \u00f6ld\u00fcr\u0259nl\u0259ri sovet vaxt\u0131 m\u00fctl\u0259q edam edirdil\u0259r \u2013 g\u00f6z\u00fcn\u00fcn ya\u015f\u0131na baxm\u0131rd\u0131lar. M\u00fcst\u0259qillik qazanandan sonra iki v\u0259 daha \u00e7ox adam \u00f6ld\u00fcr\u0259nl\u0259r\u0259, \u00f6ld\u00fcrd\u0259nl\u0259r\u0259 \u00f6m\u00fcrl\u00fck h\u0259bs c\u0259zas\u0131 verirl\u0259r. Sur\u0259t is\u0259 18 adam (h\u0259m d\u0259 ham\u0131s\u0131 d\u00fc\u015fm\u0259n \u00e7\u0259p\u0259ri olan d\u00f6y\u00fc\u015f\u00e7\u00fc) \u00f6ld\u00fcrtd\u00fcr\u00fcb, \u00f6z adamlar\u0131n\u0131n da \u00f6l\u00fcm\u00fcn\u0259 bais olub, bel\u0259sinin haqq\u0131nda nec\u0259 \u201cd\u00fcz el\u0259yib\u201d dem\u0259k olar?<\/p>\n<p>Bunu dey\u0259 bil\u0259n adamlar qorxulu adamlard\u0131r, vicdandan, \u0259dal\u0259td\u0259n, m\u0259rh\u0259m\u0259td\u0259n x\u0259b\u0259rl\u0259ri yoxdur. Onlar\u0131n \u0259lind\u0259 v\u0259zif\u0259, s\u0259lahiyy\u0259t olsa, Sur\u0259tin atas\u0131 Davud ki\u015fiy\u0259 nec\u0259 r\u0259hm\u0259t oxudarlar&#8230;<\/p>\n<p>P.S. Bir adam\u0131n tipini m\u00fc\u0259yy\u0259n etm\u0259k \u00fc\u00e7\u00fcn t\u0259kc\u0259 \u00f6yd\u00fcy\u00fcn\u0259 yox, s\u00f6yd\u00fcy\u00fcn\u0259 d\u0259 baxmaq laz\u0131md\u0131r. O ki mill\u0259tinin \u0259n d\u00fcr\u00fcst, \u0259n m\u0259rh\u0259m\u0259tli, \u0259n uzaqg\u00f6r\u0259n insan\u0131n\u0131n \u00fcnvan\u0131na t\u0259hqiramiz s\u00f6z deyir, dem\u0259k, \u0259claf\u0131n yek\u0259sidir. Axtarsaq, m\u0259lum olacaq ki, bizim \u201c\u0259claflarla dost olan h\u0259mkar\u201d\u0131m\u0131z\u0131n dost siyah\u0131s\u0131nda o da var.<\/p>\n<div class=\"news-author text-left\"><a href=\"https:\/\/musavat.com\/author\/samir-sari_37\"><img class=\"img-responsive img-author\" src=\"https:\/\/cdn.musavat.com\/authors\/thumbnails\/8d059bdf8830141d8d1058eaf7c06c2a.jpg\" \/>Samir SARI<\/a><\/div>\n","protected":false},"excerpt":{"rendered":"<p>Bir m\u0259\u015fhur z\u0259rb\u00fcl-m\u0259s\u0259l var, deyirl\u0259r: \u201cDostunu g\u00f6st\u0259r, deyim, kims\u0259n\u201d. Bel\u0259 baxanda, bu, oxumu\u015f adamlar demi\u015fk\u0259n, yax\u015f\u0131 indikatordur, birinin dostluq etdiyi adama bax\u0131b \u00f6z\u00fcn\u0259 d\u0259 qiym\u0259t verm\u0259k olar. Beyin beyin\u0259 yax\u0131n olur ax\u0131. H\u0259r\u00e7\u0259nd istisnalar h\u0259mi\u015f\u0259 var. M\u0259s\u0259l\u0259n, bir normal, pozitiv, s\u0259mimi h\u0259mkar\u0131m\u0131z var, \u00f6lk\u0259nin \u0259n \u0259claf adamlar\u0131 il\u0259 dostdur. Bir d\u0259f\u0259 ona dedik ki, niy\u0259 bel\u0259dir, \u00f6lk\u0259nin birm\u0259nal\u0131 \u0259claf\u0131 say\u0131lan adamlar niy\u0259 m\u0259hz s\u0259nin dostundur, cavab verdi ki, l\u0259l\u0259, vallah, onlar o q\u0259d\u0259r d\u0259 \u0259claf deyill\u0259r. D\u00fcz demirdi, h\u0259qiq\u0259t\u0259n \u0259n \u0259claf adamlarla dost idi, \u00f6z\u00fcn\u00fc is\u0259 \u0259claf saymaq m\u00fcmk\u00fcn deyil.&hellip;<\/p>\n","protected":false},"author":2,"featured_media":604012,"comment_status":"closed","ping_status":"closed","sticky":false,"template":"","format":"standard","meta":{"om_disable_all_campaigns":false,"_monsterinsights_skip_tracking":false,"_monsterinsights_sitenote_active":false,"_monsterinsights_sitenote_note":"","_monsterinsights_sitenote_category":0},"categories":[19],"tags":[],"aioseo_notices":[],"gutentor_comment":0,"rttpg_featured_image_url":{"full":["https:\/\/arantv.az\/wp-content\/uploads\/2023\/06\/3315f857f1636808333412391d968650.jpg",640,360,false],"landscape":["https:\/\/arantv.az\/wp-content\/uploads\/2023\/06\/3315f857f1636808333412391d968650.jpg",640,360,false],"portraits":["https:\/\/arantv.az\/wp-content\/uploads\/2023\/06\/3315f857f1636808333412391d968650.jpg",640,360,false],"thumbnail":["https:\/\/arantv.az\/wp-content\/uploads\/2023\/06\/3315f857f1636808333412391d968650-500x280.jpg",500,280,true],"medium":["https:\/\/arantv.az\/wp-content\/uploads\/2023\/06\/3315f857f1636808333412391d968650.jpg",640,360,false],"large":["https:\/\/arantv.az\/wp-content\/uploads\/2023\/06\/3315f857f1636808333412391d968650.jpg",640,360,false],"1536x1536":["https:\/\/arantv.az\/wp-content\/uploads\/2023\/06\/3315f857f1636808333412391d968650.jpg",640,360,false],"2048x2048":["https:\/\/arantv.az\/wp-content\/uploads\/2023\/06\/3315f857f1636808333412391d968650.jpg",640,360,false],"post-thumbnail":["https:\/\/arantv.az\/wp-content\/uploads\/2023\/06\/3315f857f1636808333412391d968650-240x172.jpg",240,172,true],"advps-thumb-one":["https:\/\/arantv.az\/wp-content\/uploads\/2023\/06\/3315f857f1636808333412391d968650.jpg",640,360,false]},"rttpg_author":{"display_name":"V\u00fcsal Rafiqo\u011flu","author_link":"https:\/\/arantv.az\/?author=2"},"rttpg_comment":0,"rttpg_category":"<a href=\"https:\/\/arantv.az\/?cat=19\" rel=\"category\">G\u00fcnd\u0259m<\/a>","rttpg_excerpt":"Bir m\u0259\u015fhur z\u0259rb\u00fcl-m\u0259s\u0259l var, deyirl\u0259r: \u201cDostunu g\u00f6st\u0259r, deyim, kims\u0259n\u201d. Bel\u0259 baxanda, bu, oxumu\u015f adamlar demi\u015fk\u0259n, yax\u015f\u0131 indikatordur, birinin dostluq etdiyi adama bax\u0131b \u00f6z\u00fcn\u0259 d\u0259 qiym\u0259t verm\u0259k olar. Beyin beyin\u0259 yax\u0131n olur ax\u0131. H\u0259r\u00e7\u0259nd istisnalar h\u0259mi\u015f\u0259 var. M\u0259s\u0259l\u0259n, bir normal, pozitiv, s\u0259mimi h\u0259mkar\u0131m\u0131z var, \u00f6lk\u0259nin \u0259n \u0259claf adamlar\u0131 il\u0259 dostdur. Bir d\u0259f\u0259 ona dedik ki, niy\u0259&hellip;","_links":{"self":[{"href":"https:\/\/arantv.az\/index.php?rest_route=\/wp\/v2\/posts\/604011"}],"collection":[{"href":"https:\/\/arantv.az\/index.php?rest_route=\/wp\/v2\/posts"}],"about":[{"href":"https:\/\/arantv.az\/index.php?rest_route=\/wp\/v2\/types\/post"}],"author":[{"embeddable":true,"href":"https:\/\/arantv.az\/index.php?rest_route=\/wp\/v2\/users\/2"}],"replies":[{"embeddable":true,"href":"https:\/\/arantv.az\/index.php?rest_route=%2Fwp%2Fv2%2Fcomments&post=604011"}],"version-history":[{"count":0,"href":"https:\/\/arantv.az\/index.php?rest_route=\/wp\/v2\/posts\/604011\/revisions"}],"wp:featuredmedia":[{"embeddable":true,"href":"https:\/\/arantv.az\/index.php?rest_route=\/wp\/v2\/media\/604012"}],"wp:attachment":[{"href":"https:\/\/arantv.az\/index.php?rest_route=%2Fwp%2Fv2%2Fmedia&parent=604011"}],"wp:term":[{"taxonomy":"category","embeddable":true,"href":"https:\/\/arantv.az\/index.php?rest_route=%2Fwp%2Fv2%2Fcategories&post=604011"},{"taxonomy":"post_tag","embeddable":true,"href":"https:\/\/arantv.az\/index.php?rest_route=%2Fwp%2Fv2%2Ftags&post=604011"}],"curies":[{"name":"wp","href":"https:\/\/api.w.org\/{rel}","templated":true}]}}