{"id":604014,"date":"2023-06-05T09:42:48","date_gmt":"2023-06-05T05:42:48","guid":{"rendered":"https:\/\/arantv.az\/?p=604014"},"modified":"2023-06-05T09:42:48","modified_gmt":"2023-06-05T05:42:48","slug":"bakida-24-yasli-oglan-icar%c9%99y%c9%99-goturduyu-masini-asiraraq-olub-qardasi-yaralanib","status":"publish","type":"post","link":"https:\/\/arantv.az\/?p=604014","title":{"rendered":"Bak\u0131da 24 ya\u015fl\u0131 o\u011flan icar\u0259y\u0259 g\u00f6t\u00fcrd\u00fcy\u00fc ma\u015f\u0131n\u0131 a\u015f\u0131raraq \u00f6l\u00fcb, qarda\u015f\u0131 yaralan\u0131b"},"content":{"rendered":"<p><strong>Bak\u0131da avtomobil a\u015f\u0131b.<\/strong><\/p>\n<p><strong>ARANTV.AZ<\/strong> APA-ya istinad\u0259n bildirir ki, S\u0259bail rayon \u0259razisind\u0259 1999-cu il t\u0259v\u0259ll\u00fcdl\u00fc \u015eiriyev Tural Araz o\u011flu &#8220;Rent-a-car&#8221;-dan icar\u0259 g\u00f6t\u00fcrd\u00fcy\u00fc &#8220;Hyundai Sonata&#8221; markal\u0131 avtomobill\u0259 h\u0259r\u0259k\u0259td\u0259 olark\u0259n idar\u0259etm\u0259ni itir\u0259r\u0259k yol k\u0259nar\u0131ndak\u0131 mane\u0259y\u0259 \u00e7\u0131rp\u0131l\u0131b v\u0259 avtomobil yol k\u0259nar\u0131na a\u015f\u0131b.<\/p>\n<p>N\u0259tic\u0259d\u0259 Tural \u015eiriyev hadis\u0259 yerind\u0259 \u00f6l\u00fcb, avtomobild\u0259 s\u0259rni\u015fin qismind\u0259 olmu\u015f qarda\u015f\u0131 2000-ci il t\u0259v\u0259ll\u00fcdl\u00fc Turqay \u015eiriyev is\u0259 x\u0259sar\u0259t alaraq x\u0259st\u0259xanaya yerl\u0259\u015fdirilib.<\/p>\n<p>Faktla ba\u011fl\u0131 S\u0259bail RP\u0130-d\u0259 cinay\u0259t i\u015fi ba\u015flan\u0131l\u0131b.<\/p>\n","protected":false},"excerpt":{"rendered":"<p>Bak\u0131da avtomobil a\u015f\u0131b. ARANTV.AZ APA-ya istinad\u0259n bildirir ki, S\u0259bail rayon \u0259razisind\u0259 1999-cu il t\u0259v\u0259ll\u00fcdl\u00fc \u015eiriyev Tural Araz o\u011flu &#8220;Rent-a-car&#8221;-dan icar\u0259 g\u00f6t\u00fcrd\u00fcy\u00fc &#8220;Hyundai Sonata&#8221; markal\u0131 avtomobill\u0259 h\u0259r\u0259k\u0259td\u0259 olark\u0259n idar\u0259etm\u0259ni itir\u0259r\u0259k yol k\u0259nar\u0131ndak\u0131 mane\u0259y\u0259 \u00e7\u0131rp\u0131l\u0131b v\u0259 avtomobil yol k\u0259nar\u0131na a\u015f\u0131b. N\u0259tic\u0259d\u0259 Tural \u015eiriyev hadis\u0259 yerind\u0259 \u00f6l\u00fcb, avtomobild\u0259 s\u0259rni\u015fin qismind\u0259 olmu\u015f qarda\u015f\u0131 2000-ci il t\u0259v\u0259ll\u00fcdl\u00fc Turqay \u015eiriyev is\u0259 x\u0259sar\u0259t alaraq x\u0259st\u0259xanaya yerl\u0259\u015fdirilib. Faktla ba\u011fl\u0131 S\u0259bail RP\u0130-d\u0259 cinay\u0259t i\u015fi ba\u015flan\u0131l\u0131b.<\/p>\n","protected":false},"author":2,"featured_media":604015,"comment_status":"closed","ping_status":"closed","sticky":false,"template":"","format":"standard","meta":{"om_disable_all_campaigns":false,"_monsterinsights_skip_tracking":false,"_monsterinsights_sitenote_active":false,"_monsterinsights_sitenote_note":"","_monsterinsights_sitenote_category":0},"categories":[5],"tags":[],"aioseo_notices":[],"gutentor_comment":0,"rttpg_featured_image_url":{"full":["https:\/\/arantv.az\/wp-content\/uploads\/2023\/06\/qeza_23848.jpg",620,413,false],"landscape":["https:\/\/arantv.az\/wp-content\/uploads\/2023\/06\/qeza_23848.jpg",620,413,false],"portraits":["https:\/\/arantv.az\/wp-content\/uploads\/2023\/06\/qeza_23848.jpg",620,413,false],"thumbnail":["https:\/\/arantv.az\/wp-content\/uploads\/2023\/06\/qeza_23848-500x280.jpg",500,280,true],"medium":["https:\/\/arantv.az\/wp-content\/uploads\/2023\/06\/qeza_23848-548x365.jpg",548,365,true],"large":["https:\/\/arantv.az\/wp-content\/uploads\/2023\/06\/qeza_23848.jpg",620,413,false],"1536x1536":["https:\/\/arantv.az\/wp-content\/uploads\/2023\/06\/qeza_23848.jpg",620,413,false],"2048x2048":["https:\/\/arantv.az\/wp-content\/uploads\/2023\/06\/qeza_23848.jpg",620,413,false],"post-thumbnail":["https:\/\/arantv.az\/wp-content\/uploads\/2023\/06\/qeza_23848-240x172.jpg",240,172,true],"advps-thumb-one":["https:\/\/arantv.az\/wp-content\/uploads\/2023\/06\/qeza_23848.jpg",620,413,false]},"rttpg_author":{"display_name":"V\u00fcsal Rafiqo\u011flu","author_link":"https:\/\/arantv.az\/?author=2"},"rttpg_comment":0,"rttpg_category":"<a href=\"https:\/\/arantv.az\/?cat=5\" rel=\"category\">Hadis\u0259<\/a>","rttpg_excerpt":"Bak\u0131da avtomobil a\u015f\u0131b. ARANTV.AZ APA-ya istinad\u0259n bildirir ki, S\u0259bail rayon \u0259razisind\u0259 1999-cu il t\u0259v\u0259ll\u00fcdl\u00fc \u015eiriyev Tural Araz o\u011flu &#8220;Rent-a-car&#8221;-dan icar\u0259 g\u00f6t\u00fcrd\u00fcy\u00fc &#8220;Hyundai Sonata&#8221; markal\u0131 avtomobill\u0259 h\u0259r\u0259k\u0259td\u0259 olark\u0259n idar\u0259etm\u0259ni itir\u0259r\u0259k yol k\u0259nar\u0131ndak\u0131 mane\u0259y\u0259 \u00e7\u0131rp\u0131l\u0131b v\u0259 avtomobil yol k\u0259nar\u0131na a\u015f\u0131b. N\u0259tic\u0259d\u0259 Tural \u015eiriyev hadis\u0259 yerind\u0259 \u00f6l\u00fcb, avtomobild\u0259 s\u0259rni\u015fin qismind\u0259 olmu\u015f qarda\u015f\u0131 2000-ci il t\u0259v\u0259ll\u00fcdl\u00fc Turqay \u015eiriyev is\u0259&hellip;","_links":{"self":[{"href":"https:\/\/arantv.az\/index.php?rest_route=\/wp\/v2\/posts\/604014"}],"collection":[{"href":"https:\/\/arantv.az\/index.php?rest_route=\/wp\/v2\/posts"}],"about":[{"href":"https:\/\/arantv.az\/index.php?rest_route=\/wp\/v2\/types\/post"}],"author":[{"embeddable":true,"href":"https:\/\/arantv.az\/index.php?rest_route=\/wp\/v2\/users\/2"}],"replies":[{"embeddable":true,"href":"https:\/\/arantv.az\/index.php?rest_route=%2Fwp%2Fv2%2Fcomments&post=604014"}],"version-history":[{"count":0,"href":"https:\/\/arantv.az\/index.php?rest_route=\/wp\/v2\/posts\/604014\/revisions"}],"wp:featuredmedia":[{"embeddable":true,"href":"https:\/\/arantv.az\/index.php?rest_route=\/wp\/v2\/media\/604015"}],"wp:attachment":[{"href":"https:\/\/arantv.az\/index.php?rest_route=%2Fwp%2Fv2%2Fmedia&parent=604014"}],"wp:term":[{"taxonomy":"category","embeddable":true,"href":"https:\/\/arantv.az\/index.php?rest_route=%2Fwp%2Fv2%2Fcategories&post=604014"},{"taxonomy":"post_tag","embeddable":true,"href":"https:\/\/arantv.az\/index.php?rest_route=%2Fwp%2Fv2%2Ftags&post=604014"}],"curies":[{"name":"wp","href":"https:\/\/api.w.org\/{rel}","templated":true}]}}