{"id":604207,"date":"2023-06-05T16:38:46","date_gmt":"2023-06-05T12:38:46","guid":{"rendered":"https:\/\/arantv.az\/?p=604207"},"modified":"2023-06-05T16:38:46","modified_gmt":"2023-06-05T12:38:46","slug":"z%c9%99ng%c9%99zur-d%c9%99hlizi-il%c9%99-%c9%99laq%c9%99dar-naxcivanda-d%c9%99miryol-yenid%c9%99n-qurulacaq","status":"publish","type":"post","link":"https:\/\/arantv.az\/?p=604207","title":{"rendered":"Z\u0259ng\u0259zur d\u0259hlizi il\u0259 \u0259laq\u0259dar Nax\u00e7\u0131vanda d\u0259miryol yenid\u0259n qurulacaq"},"content":{"rendered":"<p>Z\u0259ng\u0259zur d\u0259hlizinin a\u00e7\u0131lmas\u0131 Nax\u00e7\u0131van Muxtar Respublikas\u0131nda d\u0259miryol infrastrukturunun yenil\u0259nm\u0259sini z\u0259ruri edir.<\/p>\n<p><strong>ARANTV.AZ<\/strong> <a href=\"http:\/\/az.trend.az\/\" target=\"_blank\" rel=\"noopener\">Trend<\/a>-\u0259 istinad\u0259n x\u0259b\u0259r verir ki, bu, Az\u0259rbaycan Respublikas\u0131n\u0131n Prezidenti \u0130lham \u018fliyevin t\u0259sdiql\u0259diyi &#8220;Nax\u00e7\u0131van Muxtar Respublikas\u0131n\u0131n sosial-iqtisadi inki\u015faf\u0131na dair 2023-2027-ci ill\u0259r \u00fc\u00e7\u00fcn D\u00f6vl\u0259t Proqram\u0131&#8221;nda \u00f6z \u0259ksini tap\u0131b.<\/p>\n<p>S\u0259n\u0259dd\u0259 qeyd olunub ki, bu s\u0259b\u0259bd\u0259n d\u0259miryol infrastrukturu yenid\u0259n qurulacaq, t\u0259hl\u00fck\u0259siz, s\u00fcr\u0259tli v\u0259 dayan\u0131ql\u0131 da\u015f\u0131ma xidm\u0259ti t\u0259min edil\u0259c\u0259k.<\/p>\n","protected":false},"excerpt":{"rendered":"<p>Z\u0259ng\u0259zur d\u0259hlizinin a\u00e7\u0131lmas\u0131 Nax\u00e7\u0131van Muxtar Respublikas\u0131nda d\u0259miryol infrastrukturunun yenil\u0259nm\u0259sini z\u0259ruri edir. ARANTV.AZ Trend-\u0259 istinad\u0259n x\u0259b\u0259r verir ki, bu, Az\u0259rbaycan Respublikas\u0131n\u0131n Prezidenti \u0130lham \u018fliyevin t\u0259sdiql\u0259diyi &#8220;Nax\u00e7\u0131van Muxtar Respublikas\u0131n\u0131n sosial-iqtisadi inki\u015faf\u0131na dair 2023-2027-ci ill\u0259r \u00fc\u00e7\u00fcn D\u00f6vl\u0259t Proqram\u0131&#8221;nda \u00f6z \u0259ksini tap\u0131b. S\u0259n\u0259dd\u0259 qeyd olunub ki, bu s\u0259b\u0259bd\u0259n d\u0259miryol infrastrukturu yenid\u0259n qurulacaq, t\u0259hl\u00fck\u0259siz, s\u00fcr\u0259tli v\u0259 dayan\u0131ql\u0131 da\u015f\u0131ma xidm\u0259ti t\u0259min edil\u0259c\u0259k.<\/p>\n","protected":false},"author":2,"featured_media":604208,"comment_status":"closed","ping_status":"closed","sticky":false,"template":"","format":"standard","meta":{"om_disable_all_campaigns":false,"_monsterinsights_skip_tracking":false,"_monsterinsights_sitenote_active":false,"_monsterinsights_sitenote_note":"","_monsterinsights_sitenote_category":0},"categories":[30],"tags":[],"aioseo_notices":[],"gutentor_comment":0,"rttpg_featured_image_url":{"full":["https:\/\/arantv.az\/wp-content\/uploads\/2023\/06\/zengezur_dehlizi.png",452,281,false],"landscape":["https:\/\/arantv.az\/wp-content\/uploads\/2023\/06\/zengezur_dehlizi.png",452,281,false],"portraits":["https:\/\/arantv.az\/wp-content\/uploads\/2023\/06\/zengezur_dehlizi.png",452,281,false],"thumbnail":["https:\/\/arantv.az\/wp-content\/uploads\/2023\/06\/zengezur_dehlizi.png",450,280,false],"medium":["https:\/\/arantv.az\/wp-content\/uploads\/2023\/06\/zengezur_dehlizi.png",452,281,false],"large":["https:\/\/arantv.az\/wp-content\/uploads\/2023\/06\/zengezur_dehlizi.png",452,281,false],"1536x1536":["https:\/\/arantv.az\/wp-content\/uploads\/2023\/06\/zengezur_dehlizi.png",452,281,false],"2048x2048":["https:\/\/arantv.az\/wp-content\/uploads\/2023\/06\/zengezur_dehlizi.png",452,281,false],"post-thumbnail":["https:\/\/arantv.az\/wp-content\/uploads\/2023\/06\/zengezur_dehlizi-240x172.png",240,172,true],"advps-thumb-one":["https:\/\/arantv.az\/wp-content\/uploads\/2023\/06\/zengezur_dehlizi.png",452,281,false]},"rttpg_author":{"display_name":"V\u00fcsal Rafiqo\u011flu","author_link":"https:\/\/arantv.az\/?author=2"},"rttpg_comment":0,"rttpg_category":"<a href=\"https:\/\/arantv.az\/?cat=30\" rel=\"category\">B\u00f6lg\u0259<\/a>","rttpg_excerpt":"Z\u0259ng\u0259zur d\u0259hlizinin a\u00e7\u0131lmas\u0131 Nax\u00e7\u0131van Muxtar Respublikas\u0131nda d\u0259miryol infrastrukturunun yenil\u0259nm\u0259sini z\u0259ruri edir. ARANTV.AZ Trend-\u0259 istinad\u0259n x\u0259b\u0259r verir ki, bu, Az\u0259rbaycan Respublikas\u0131n\u0131n Prezidenti \u0130lham \u018fliyevin t\u0259sdiql\u0259diyi &#8220;Nax\u00e7\u0131van Muxtar Respublikas\u0131n\u0131n sosial-iqtisadi inki\u015faf\u0131na dair 2023-2027-ci ill\u0259r \u00fc\u00e7\u00fcn D\u00f6vl\u0259t Proqram\u0131&#8221;nda \u00f6z \u0259ksini tap\u0131b. S\u0259n\u0259dd\u0259 qeyd olunub ki, bu s\u0259b\u0259bd\u0259n d\u0259miryol infrastrukturu yenid\u0259n qurulacaq, t\u0259hl\u00fck\u0259siz, s\u00fcr\u0259tli v\u0259 dayan\u0131ql\u0131 da\u015f\u0131ma xidm\u0259ti t\u0259min&hellip;","_links":{"self":[{"href":"https:\/\/arantv.az\/index.php?rest_route=\/wp\/v2\/posts\/604207"}],"collection":[{"href":"https:\/\/arantv.az\/index.php?rest_route=\/wp\/v2\/posts"}],"about":[{"href":"https:\/\/arantv.az\/index.php?rest_route=\/wp\/v2\/types\/post"}],"author":[{"embeddable":true,"href":"https:\/\/arantv.az\/index.php?rest_route=\/wp\/v2\/users\/2"}],"replies":[{"embeddable":true,"href":"https:\/\/arantv.az\/index.php?rest_route=%2Fwp%2Fv2%2Fcomments&post=604207"}],"version-history":[{"count":0,"href":"https:\/\/arantv.az\/index.php?rest_route=\/wp\/v2\/posts\/604207\/revisions"}],"wp:featuredmedia":[{"embeddable":true,"href":"https:\/\/arantv.az\/index.php?rest_route=\/wp\/v2\/media\/604208"}],"wp:attachment":[{"href":"https:\/\/arantv.az\/index.php?rest_route=%2Fwp%2Fv2%2Fmedia&parent=604207"}],"wp:term":[{"taxonomy":"category","embeddable":true,"href":"https:\/\/arantv.az\/index.php?rest_route=%2Fwp%2Fv2%2Fcategories&post=604207"},{"taxonomy":"post_tag","embeddable":true,"href":"https:\/\/arantv.az\/index.php?rest_route=%2Fwp%2Fv2%2Ftags&post=604207"}],"curies":[{"name":"wp","href":"https:\/\/api.w.org\/{rel}","templated":true}]}}