{"id":604225,"date":"2023-06-05T17:04:06","date_gmt":"2023-06-05T13:04:06","guid":{"rendered":"https:\/\/arantv.az\/?p=604225"},"modified":"2023-06-05T17:04:06","modified_gmt":"2023-06-05T13:04:06","slug":"dunya-banki-il%c9%99-az%c9%99rbaycan-uzr%c9%99-yeni-c%c9%99rciv%c9%99-s%c9%99n%c9%99dinin-novb%c9%99ti-addimlari-muzakir%c9%99-edilib-foto","status":"publish","type":"post","link":"https:\/\/arantv.az\/?p=604225","title":{"rendered":"D\u00fcnya Bank\u0131 il\u0259 Az\u0259rbaycan \u00fczr\u0259 yeni \u00c7\u0259r\u00e7iv\u0259 S\u0259n\u0259dinin n\u00f6vb\u0259ti add\u0131mlar\u0131 m\u00fczakir\u0259 edilib &#8211; FOTO"},"content":{"rendered":"<article class=\"news\">\n<div class=\"news-inner\">\n<p>2023-2028-ci ill\u0259ri \u0259hat\u0259 ed\u0259n D\u00fcnya Bank\u0131 Qrupunun Az\u0259rbaycan \u00fczr\u0259 yeni \u00d6lk\u0259 T\u0259r\u0259fda\u015fl\u0131q \u00c7\u0259r\u00e7iv\u0259 S\u0259n\u0259dinin haz\u0131rlanmas\u0131 \u00fczr\u0259 n\u00f6vb\u0259ti add\u0131mlar m\u00fczakir\u0259 edilib.<\/p>\n<p>Bu bar\u0259d\u0259 \u0130qtisadiyyat Nazirliyi m\u0259lumat yay\u0131b.<\/p>\n<p>Bildirilib ki, m\u00fczakir\u0259l\u0259r iqtisadiyyat naziri Mikay\u0131l Cabbarovun D\u00fcnya Bank\u0131n\u0131n C\u0259nubi Qafqaz \u00fczr\u0259 yeni regional direktoru Rolande Praysla ke\u00e7irtdiyi g\u00f6r\u00fc\u015fd\u0259 apar\u0131l\u0131b.<\/p>\n<p>M\u0259lumata g\u00f6r\u0259, g\u00f6r\u00fc\u015fd\u0259 D\u00fcnya Bank\u0131n\u0131n Az\u0259rbaycanda potensial g\u0259l\u0259c\u0259k f\u0259aliyy\u0259ti v\u0259 investisiya layih\u0259l\u0259rinin indikativ proqram\u0131 m\u00fczakir\u0259 olunub.<\/p>\n<p>\u0130qtisadiyyat naziri Rolande Prays\u0131 v\u0259 D\u00fcnya Bank\u0131n\u0131n Az\u0259rbaycan \u00fczr\u0259 \u00f6lk\u0259 meneceri Stefani Stallmeysteri yeni v\u0259zif\u0259l\u0259rin\u0259 t\u0259yin olunmalar\u0131 m\u00fcnasib\u0259til\u0259 t\u0259brik edib, onlara f\u0259aliyy\u0259tl\u0259rind\u0259 u\u011furlar arzulay\u0131b.<\/p>\n<p>M.Cabbarov Az\u0259rbaycan\u0131n D\u00fcnya Bank\u0131 il\u0259 u\u011furla \u0259m\u0259kda\u015fl\u0131q etdiyini, \u00f6lk\u0259mizd\u0259, Bank\u0131n g\u00f6st\u0259rdiyi texniki yard\u0131m v\u0259 maliyy\u0259 d\u0259st\u0259yi layih\u0259l\u0259rinin y\u00fcks\u0259k qiym\u0259tl\u0259ndirildiyini bildirib. Nazir qeyd edib ki, D\u00fcnya Bank\u0131 il\u0259 \u0259laq\u0259l\u0259r \u00e7ox\u015fax\u0259lidir. Bankla \u00f6z\u0259l sektorun diaqnostikas\u0131, innovasiyalar, r\u0259q\u0259msal inki\u015faf, idar\u0259etm\u0259 texnologiyalar\u0131n\u0131n inki\u015faf\u0131 v\u0259 dig\u0259r sah\u0259l\u0259rd\u0259 \u0259m\u0259kda\u015fl\u0131q Az\u0259rbaycanda qabaqc\u0131l beyn\u0259lxalq t\u0259cr\u00fcb\u0259nin t\u0259tbiqi, m\u00fcasir texnologiya v\u0259 yenilikl\u0259rin \u00f6lk\u0259miz\u0259 g\u0259tirilm\u0259si bax\u0131m\u0131ndan x\u00fcsusi \u00f6n\u0259m k\u0259sb edir.<\/p>\n<p>G\u00f6r\u00fc\u015fd\u0259 Az\u0259rbaycan iqtisadiyyat\u0131n\u0131n prioritetl\u0259ri, o c\u00fcml\u0259d\u0259n iqtisadi diversifikasiya, qeyri-neft sektorunun inki\u015faf\u0131, investisiyalar\u0131n t\u0259\u015fviqi v\u0259 biznes m\u00fchitinin davaml\u0131 olaraq yax\u015f\u0131la\u015fd\u0131r\u0131lmas\u0131 istiqam\u0259tind\u0259 h\u0259yata ke\u00e7iril\u0259n t\u0259dbirl\u0259r, \u0259ld\u0259 olunan n\u0259tic\u0259l\u0259r bar\u0259d\u0259 m\u0259lumat verilib.<\/p>\n<p>R.Prays Az\u0259rbaycan\u0131n strateji inki\u015faf m\u0259qs\u0259dl\u0259rin\u0259 nail olunmas\u0131 istiqam\u0259tind\u0259 Bank\u0131n h\u00f6kum\u0259t il\u0259 s\u0131x \u0259m\u0259kda\u015fl\u0131\u011f\u0131 davam etdir\u0259c\u0259yin\u0259 \u0259minliyini bildirib, t\u0259r\u0259fda\u015fl\u0131\u011f\u0131n yeni istiqam\u0259tl\u0259ri bar\u0259d\u0259 fikirl\u0259rini b\u00f6l\u00fc\u015f\u00fcb.<\/p>\n<p>&nbsp;<\/p>\n<div class=\"gallery\">\n<div class=\"gallery-i\"><img src=\"https:\/\/cdn.oxu.az\/uploads\/W1siZiIsIjIwMjMvMDYvMDUvMTYvNTQvMTIvMTkxN2ZjZDItNmZkYS00ZjA1LTkwNjYtZmE0NjJjOWU1NTUxLzQ0YWY1N2ExLWQzOTktMzA2ZC1hOTRjLWMwNjRlYjg2OTQ4My5qcGciXSxbInAiLCJlbmNvZGUiLCJqcGciLCItcXVhbGl0eSA4MCJdLFsicCIsInRodW1iIiwiNTkweDU5MFx1MDAzZSJdXQ?sha=f04ffedceff2e746\" alt=\"\" \/><\/p>\n<div class=\"gallery-i-caption\"><\/div>\n<\/div>\n<\/div>\n<\/div>\n<\/article>\n","protected":false},"excerpt":{"rendered":"<p>2023-2028-ci ill\u0259ri \u0259hat\u0259 ed\u0259n D\u00fcnya Bank\u0131 Qrupunun Az\u0259rbaycan \u00fczr\u0259 yeni \u00d6lk\u0259 T\u0259r\u0259fda\u015fl\u0131q \u00c7\u0259r\u00e7iv\u0259 S\u0259n\u0259dinin haz\u0131rlanmas\u0131 \u00fczr\u0259 n\u00f6vb\u0259ti add\u0131mlar m\u00fczakir\u0259 edilib. Bu bar\u0259d\u0259 \u0130qtisadiyyat Nazirliyi m\u0259lumat yay\u0131b. Bildirilib ki, m\u00fczakir\u0259l\u0259r iqtisadiyyat naziri Mikay\u0131l Cabbarovun D\u00fcnya Bank\u0131n\u0131n C\u0259nubi Qafqaz \u00fczr\u0259 yeni regional direktoru Rolande Praysla ke\u00e7irtdiyi g\u00f6r\u00fc\u015fd\u0259 apar\u0131l\u0131b. M\u0259lumata g\u00f6r\u0259, g\u00f6r\u00fc\u015fd\u0259 D\u00fcnya Bank\u0131n\u0131n Az\u0259rbaycanda potensial g\u0259l\u0259c\u0259k f\u0259aliyy\u0259ti v\u0259 investisiya layih\u0259l\u0259rinin indikativ proqram\u0131 m\u00fczakir\u0259 olunub. \u0130qtisadiyyat naziri Rolande Prays\u0131 v\u0259 D\u00fcnya Bank\u0131n\u0131n Az\u0259rbaycan \u00fczr\u0259 \u00f6lk\u0259 meneceri Stefani Stallmeysteri yeni v\u0259zif\u0259l\u0259rin\u0259 t\u0259yin olunmalar\u0131 m\u00fcnasib\u0259til\u0259 t\u0259brik edib, onlara f\u0259aliyy\u0259tl\u0259rind\u0259 u\u011furlar arzulay\u0131b. M.Cabbarov Az\u0259rbaycan\u0131n D\u00fcnya Bank\u0131&hellip;<\/p>\n","protected":false},"author":2,"featured_media":604226,"comment_status":"closed","ping_status":"closed","sticky":false,"template":"","format":"standard","meta":{"om_disable_all_campaigns":false,"_monsterinsights_skip_tracking":false,"_monsterinsights_sitenote_active":false,"_monsterinsights_sitenote_note":"","_monsterinsights_sitenote_category":0},"categories":[19],"tags":[],"aioseo_notices":[],"gutentor_comment":0,"rttpg_featured_image_url":{"full":["https:\/\/arantv.az\/wp-content\/uploads\/2023\/06\/f2a1b72c-2662-3f11-ac4e-8ce30ca60609_850.jpg",620,413,false],"landscape":["https:\/\/arantv.az\/wp-content\/uploads\/2023\/06\/f2a1b72c-2662-3f11-ac4e-8ce30ca60609_850.jpg",620,413,false],"portraits":["https:\/\/arantv.az\/wp-content\/uploads\/2023\/06\/f2a1b72c-2662-3f11-ac4e-8ce30ca60609_850.jpg",620,413,false],"thumbnail":["https:\/\/arantv.az\/wp-content\/uploads\/2023\/06\/f2a1b72c-2662-3f11-ac4e-8ce30ca60609_850-500x280.jpg",500,280,true],"medium":["https:\/\/arantv.az\/wp-content\/uploads\/2023\/06\/f2a1b72c-2662-3f11-ac4e-8ce30ca60609_850-548x365.jpg",548,365,true],"large":["https:\/\/arantv.az\/wp-content\/uploads\/2023\/06\/f2a1b72c-2662-3f11-ac4e-8ce30ca60609_850.jpg",620,413,false],"1536x1536":["https:\/\/arantv.az\/wp-content\/uploads\/2023\/06\/f2a1b72c-2662-3f11-ac4e-8ce30ca60609_850.jpg",620,413,false],"2048x2048":["https:\/\/arantv.az\/wp-content\/uploads\/2023\/06\/f2a1b72c-2662-3f11-ac4e-8ce30ca60609_850.jpg",620,413,false],"post-thumbnail":["https:\/\/arantv.az\/wp-content\/uploads\/2023\/06\/f2a1b72c-2662-3f11-ac4e-8ce30ca60609_850-240x172.jpg",240,172,true],"advps-thumb-one":["https:\/\/arantv.az\/wp-content\/uploads\/2023\/06\/f2a1b72c-2662-3f11-ac4e-8ce30ca60609_850.jpg",620,413,false]},"rttpg_author":{"display_name":"V\u00fcsal Rafiqo\u011flu","author_link":"https:\/\/arantv.az\/?author=2"},"rttpg_comment":0,"rttpg_category":"<a href=\"https:\/\/arantv.az\/?cat=19\" rel=\"category\">G\u00fcnd\u0259m<\/a>","rttpg_excerpt":"2023-2028-ci ill\u0259ri \u0259hat\u0259 ed\u0259n D\u00fcnya Bank\u0131 Qrupunun Az\u0259rbaycan \u00fczr\u0259 yeni \u00d6lk\u0259 T\u0259r\u0259fda\u015fl\u0131q \u00c7\u0259r\u00e7iv\u0259 S\u0259n\u0259dinin haz\u0131rlanmas\u0131 \u00fczr\u0259 n\u00f6vb\u0259ti add\u0131mlar m\u00fczakir\u0259 edilib. Bu bar\u0259d\u0259 \u0130qtisadiyyat Nazirliyi m\u0259lumat yay\u0131b. Bildirilib ki, m\u00fczakir\u0259l\u0259r iqtisadiyyat naziri Mikay\u0131l Cabbarovun D\u00fcnya Bank\u0131n\u0131n C\u0259nubi Qafqaz \u00fczr\u0259 yeni regional direktoru Rolande Praysla ke\u00e7irtdiyi g\u00f6r\u00fc\u015fd\u0259 apar\u0131l\u0131b. M\u0259lumata g\u00f6r\u0259, g\u00f6r\u00fc\u015fd\u0259 D\u00fcnya Bank\u0131n\u0131n Az\u0259rbaycanda potensial g\u0259l\u0259c\u0259k f\u0259aliyy\u0259ti&hellip;","_links":{"self":[{"href":"https:\/\/arantv.az\/index.php?rest_route=\/wp\/v2\/posts\/604225"}],"collection":[{"href":"https:\/\/arantv.az\/index.php?rest_route=\/wp\/v2\/posts"}],"about":[{"href":"https:\/\/arantv.az\/index.php?rest_route=\/wp\/v2\/types\/post"}],"author":[{"embeddable":true,"href":"https:\/\/arantv.az\/index.php?rest_route=\/wp\/v2\/users\/2"}],"replies":[{"embeddable":true,"href":"https:\/\/arantv.az\/index.php?rest_route=%2Fwp%2Fv2%2Fcomments&post=604225"}],"version-history":[{"count":0,"href":"https:\/\/arantv.az\/index.php?rest_route=\/wp\/v2\/posts\/604225\/revisions"}],"wp:featuredmedia":[{"embeddable":true,"href":"https:\/\/arantv.az\/index.php?rest_route=\/wp\/v2\/media\/604226"}],"wp:attachment":[{"href":"https:\/\/arantv.az\/index.php?rest_route=%2Fwp%2Fv2%2Fmedia&parent=604225"}],"wp:term":[{"taxonomy":"category","embeddable":true,"href":"https:\/\/arantv.az\/index.php?rest_route=%2Fwp%2Fv2%2Fcategories&post=604225"},{"taxonomy":"post_tag","embeddable":true,"href":"https:\/\/arantv.az\/index.php?rest_route=%2Fwp%2Fv2%2Ftags&post=604225"}],"curies":[{"name":"wp","href":"https:\/\/api.w.org\/{rel}","templated":true}]}}