{"id":605288,"date":"2023-06-08T14:44:00","date_gmt":"2023-06-08T10:44:00","guid":{"rendered":"https:\/\/arantv.az\/?p=605288"},"modified":"2023-06-08T14:44:00","modified_gmt":"2023-06-08T10:44:00","slug":"sultan-haciyev-etimadnam%c9%99sini-keniya-prezidentin%c9%99-t%c9%99qdim-edib-foto","status":"publish","type":"post","link":"https:\/\/arantv.az\/?p=605288","title":{"rendered":"Sultan Hac\u0131yev etimadnam\u0259sini Keniya Prezidentin\u0259 t\u0259qdim edib &#8211; FOTO"},"content":{"rendered":"<article class=\"news\">\n<div class=\"news-inner\">\n<p>Az\u0259rbaycan Respublikas\u0131n\u0131n Keniya Respublikas\u0131ndak\u0131 f\u00f6vq\u0259lad\u0259 v\u0259 s\u0259lahiyy\u0259tli s\u0259firi Sultan Hac\u0131yev etimadnam\u0259sini bu \u00f6lk\u0259nin Prezidenti Uilyam Rutoya t\u0259qdim edib.<\/p>\n<p>Bu bar\u0259d\u0259 Az\u0259rbaycan\u0131n Keniya Respublikas\u0131ndak\u0131 s\u0259firliyi m\u0259lumat yay\u0131b.<\/p>\n<p>Uilyam Ruto s\u0259firi salamlad\u0131qdan sonra ona yeni f\u0259aliyy\u0259tind\u0259 u\u011furlar arzulay\u0131b v\u0259 Az\u0259rbaycan Prezidenti\u00a0<strong>\u0130lham \u018fliyev\u0259<\/strong>\u00a0salamlar\u0131n\u0131 \u00e7atd\u0131rma\u011f\u0131 xahi\u015f edib.<\/p>\n<p>\u00d6z n\u00f6vb\u0259sind\u0259 Sultan Hac\u0131yev Az\u0259rbaycan Prezidenti \u0130lham \u018fliyevin Keniya Prezidentin\u0259 v\u0259 xalq\u0131na salamlar\u0131n\u0131\u00a0v\u0259 xo\u015f arzular\u0131n\u0131 \u00e7atd\u0131r\u0131b v\u0259 \u00f6lk\u0259l\u0259r aras\u0131nda ikit\u0259r\u0259fli \u0259m\u0259kda\u015fl\u0131q \u0259laq\u0259l\u0259rinin inki\u015faf etdirilm\u0259si \u00fc\u00e7\u00fcn s\u0259yl\u0259rini \u0259sirg\u0259m\u0259y\u0259c\u0259yini bildirib. Az\u0259rbaycan\u0131n Nayrobid\u0259 s\u0259firliyinin a\u00e7\u0131lmas\u0131n\u0131n \u0259lam\u0259tdar hadis\u0259 oldu\u011funu s\u00f6yl\u0259y\u0259n s\u0259fir\u00a02024-c\u00fc ilin \u00f6lk\u0259l\u0259rimiz aras\u0131nda diplomatik m\u00fcnasib\u0259tl\u0259rin qurulmas\u0131n\u0131n 20 illiyi oldu\u011funu qeyd edib.<\/p>\n<p>G\u00f6r\u00fc\u015f\u00fcn sonunda s\u0259fir S.Hac\u0131yev Prezident Uilyam Rutoya xo\u015f v\u0259 s\u0259mimi q\u0259bula g\u00f6r\u0259 t\u0259\u015f\u0259kk\u00fcr edib v\u0259 onun salamlar\u0131n\u0131n Prezident\u00a0\u0130lham \u018fliyev\u0259 \u00e7atd\u0131r\u0131laca\u011f\u0131n\u0131 bildirib.<\/p>\n<p>&nbsp;<\/p>\n<div class=\"gallery\">\n<div class=\"gallery-i\"><img src=\"https:\/\/cdn.oxu.az\/uploads\/W1siZiIsIjIwMjMvMDYvMDgvMTQvMDcvNTkvYTVjMTkzMGMtOGRhYi00ZjE5LWI3MTMtM2UwZDdiNzNjN2E1L2IxOTY2NjM3LWFiNTQtNDI4Yi1hYTkzLWIwNTU5NzkwN2RiOC5qcGciXSxbInAiLCJlbmNvZGUiLCJqcGciLCItcXVhbGl0eSA4MCJdLFsicCIsInRodW1iIiwiNTkweDU5MFx1MDAzZSJdXQ?sha=4bd93cfabb78d88c\" alt=\"\" \/><\/p>\n<div class=\"gallery-i-caption\"><\/div>\n<\/div>\n<div class=\"gallery-i\"><img src=\"https:\/\/cdn.oxu.az\/uploads\/W1siZiIsIjIwMjMvMDYvMDgvMTQvMDcvNTkvZWIzMGFlNTQtMGYxNC00MmY0LWIxYTItZDc3NmUwOGM5MzNlL2NmM2E3NTNiLTEwZWYtNDcxZi05NGM5LWZlZGJmZmJlOTA1ZS5qcGciXSxbInAiLCJlbmNvZGUiLCJqcGciLCItcXVhbGl0eSA4MCJdLFsicCIsInRodW1iIiwiNTkweDU5MFx1MDAzZSJdXQ?sha=01e81c22e73892e3\" alt=\"\" \/><\/p>\n<div class=\"gallery-i-caption\"><\/div>\n<\/div>\n<div class=\"gallery-i\"><img src=\"https:\/\/cdn.oxu.az\/uploads\/W1siZiIsIjIwMjMvMDYvMDgvMTQvMDgvMDAvYWIxNTcwZmEtYWQ5MC00NWMxLWEyM2QtMmNiNDA1NzE5YTI2Lzc4Mzg3OWNiLTQ3MjUtNDBmNy04ODViLTU4ODcwMjE1NzNlZS5qcGciXSxbInAiLCJlbmNvZGUiLCJqcGciLCItcXVhbGl0eSA4MCJdLFsicCIsInRodW1iIiwiNTkweDU5MFx1MDAzZSJdXQ?sha=030b77a6965914e8\" alt=\"\" \/><\/p>\n<div class=\"gallery-i-caption\"><\/div>\n<\/div>\n<div class=\"gallery-i\"><img src=\"https:\/\/cdn.oxu.az\/uploads\/W1siZiIsIjIwMjMvMDYvMDgvMTQvMDgvMDAvZDkyZDBmNDYtMjdmNi00M2E1LWFkNzYtOTA4NGJiYTBjMmU0L2Y5ZGI5ZjM1LTQzMWYtNGI2My05Y2NlLTg1MDgwN2MyY2YwZi5qcGciXSxbInAiLCJlbmNvZGUiLCJqcGciLCItcXVhbGl0eSA4MCJdLFsicCIsInRodW1iIiwiNTkweDU5MFx1MDAzZSJdXQ?sha=390aeeef71e10a3c\" alt=\"\" \/><\/p>\n<div class=\"gallery-i-caption\"><\/div>\n<\/div>\n<\/div>\n<\/div>\n<\/article>\n","protected":false},"excerpt":{"rendered":"<p>Az\u0259rbaycan Respublikas\u0131n\u0131n Keniya Respublikas\u0131ndak\u0131 f\u00f6vq\u0259lad\u0259 v\u0259 s\u0259lahiyy\u0259tli s\u0259firi Sultan Hac\u0131yev etimadnam\u0259sini bu \u00f6lk\u0259nin Prezidenti Uilyam Rutoya t\u0259qdim edib. Bu bar\u0259d\u0259 Az\u0259rbaycan\u0131n Keniya Respublikas\u0131ndak\u0131 s\u0259firliyi m\u0259lumat yay\u0131b. Uilyam Ruto s\u0259firi salamlad\u0131qdan sonra ona yeni f\u0259aliyy\u0259tind\u0259 u\u011furlar arzulay\u0131b v\u0259 Az\u0259rbaycan Prezidenti\u00a0\u0130lham \u018fliyev\u0259\u00a0salamlar\u0131n\u0131 \u00e7atd\u0131rma\u011f\u0131 xahi\u015f edib. \u00d6z n\u00f6vb\u0259sind\u0259 Sultan Hac\u0131yev Az\u0259rbaycan Prezidenti \u0130lham \u018fliyevin Keniya Prezidentin\u0259 v\u0259 xalq\u0131na salamlar\u0131n\u0131\u00a0v\u0259 xo\u015f arzular\u0131n\u0131 \u00e7atd\u0131r\u0131b v\u0259 \u00f6lk\u0259l\u0259r aras\u0131nda ikit\u0259r\u0259fli \u0259m\u0259kda\u015fl\u0131q \u0259laq\u0259l\u0259rinin inki\u015faf etdirilm\u0259si \u00fc\u00e7\u00fcn s\u0259yl\u0259rini \u0259sirg\u0259m\u0259y\u0259c\u0259yini bildirib. Az\u0259rbaycan\u0131n Nayrobid\u0259 s\u0259firliyinin a\u00e7\u0131lmas\u0131n\u0131n \u0259lam\u0259tdar hadis\u0259 oldu\u011funu s\u00f6yl\u0259y\u0259n s\u0259fir\u00a02024-c\u00fc ilin \u00f6lk\u0259l\u0259rimiz aras\u0131nda diplomatik m\u00fcnasib\u0259tl\u0259rin qurulmas\u0131n\u0131n 20 illiyi oldu\u011funu qeyd&hellip;<\/p>\n","protected":false},"author":2,"featured_media":605289,"comment_status":"closed","ping_status":"closed","sticky":false,"template":"","format":"standard","meta":{"om_disable_all_campaigns":false,"_monsterinsights_skip_tracking":false,"_monsterinsights_sitenote_active":false,"_monsterinsights_sitenote_note":"","_monsterinsights_sitenote_category":0},"categories":[7],"tags":[],"aioseo_notices":[],"gutentor_comment":0,"rttpg_featured_image_url":{"full":["https:\/\/arantv.az\/wp-content\/uploads\/2023\/06\/561dca49-9abf-4da2-ac6b-86245b985cea.jpg",620,413,false],"landscape":["https:\/\/arantv.az\/wp-content\/uploads\/2023\/06\/561dca49-9abf-4da2-ac6b-86245b985cea.jpg",620,413,false],"portraits":["https:\/\/arantv.az\/wp-content\/uploads\/2023\/06\/561dca49-9abf-4da2-ac6b-86245b985cea.jpg",620,413,false],"thumbnail":["https:\/\/arantv.az\/wp-content\/uploads\/2023\/06\/561dca49-9abf-4da2-ac6b-86245b985cea-500x280.jpg",500,280,true],"medium":["https:\/\/arantv.az\/wp-content\/uploads\/2023\/06\/561dca49-9abf-4da2-ac6b-86245b985cea-548x365.jpg",548,365,true],"large":["https:\/\/arantv.az\/wp-content\/uploads\/2023\/06\/561dca49-9abf-4da2-ac6b-86245b985cea.jpg",620,413,false],"1536x1536":["https:\/\/arantv.az\/wp-content\/uploads\/2023\/06\/561dca49-9abf-4da2-ac6b-86245b985cea.jpg",620,413,false],"2048x2048":["https:\/\/arantv.az\/wp-content\/uploads\/2023\/06\/561dca49-9abf-4da2-ac6b-86245b985cea.jpg",620,413,false],"post-thumbnail":["https:\/\/arantv.az\/wp-content\/uploads\/2023\/06\/561dca49-9abf-4da2-ac6b-86245b985cea-240x172.jpg",240,172,true],"advps-thumb-one":["https:\/\/arantv.az\/wp-content\/uploads\/2023\/06\/561dca49-9abf-4da2-ac6b-86245b985cea.jpg",620,413,false]},"rttpg_author":{"display_name":"V\u00fcsal Rafiqo\u011flu","author_link":"https:\/\/arantv.az\/?author=2"},"rttpg_comment":0,"rttpg_category":"<a href=\"https:\/\/arantv.az\/?cat=7\" rel=\"category\">D\u00fcnya<\/a>","rttpg_excerpt":"Az\u0259rbaycan Respublikas\u0131n\u0131n Keniya Respublikas\u0131ndak\u0131 f\u00f6vq\u0259lad\u0259 v\u0259 s\u0259lahiyy\u0259tli s\u0259firi Sultan Hac\u0131yev etimadnam\u0259sini bu \u00f6lk\u0259nin Prezidenti Uilyam Rutoya t\u0259qdim edib. Bu bar\u0259d\u0259 Az\u0259rbaycan\u0131n Keniya Respublikas\u0131ndak\u0131 s\u0259firliyi m\u0259lumat yay\u0131b. Uilyam Ruto s\u0259firi salamlad\u0131qdan sonra ona yeni f\u0259aliyy\u0259tind\u0259 u\u011furlar arzulay\u0131b v\u0259 Az\u0259rbaycan Prezidenti\u00a0\u0130lham \u018fliyev\u0259\u00a0salamlar\u0131n\u0131 \u00e7atd\u0131rma\u011f\u0131 xahi\u015f edib. \u00d6z n\u00f6vb\u0259sind\u0259 Sultan Hac\u0131yev Az\u0259rbaycan Prezidenti \u0130lham \u018fliyevin Keniya Prezidentin\u0259 v\u0259 xalq\u0131na&hellip;","_links":{"self":[{"href":"https:\/\/arantv.az\/index.php?rest_route=\/wp\/v2\/posts\/605288"}],"collection":[{"href":"https:\/\/arantv.az\/index.php?rest_route=\/wp\/v2\/posts"}],"about":[{"href":"https:\/\/arantv.az\/index.php?rest_route=\/wp\/v2\/types\/post"}],"author":[{"embeddable":true,"href":"https:\/\/arantv.az\/index.php?rest_route=\/wp\/v2\/users\/2"}],"replies":[{"embeddable":true,"href":"https:\/\/arantv.az\/index.php?rest_route=%2Fwp%2Fv2%2Fcomments&post=605288"}],"version-history":[{"count":0,"href":"https:\/\/arantv.az\/index.php?rest_route=\/wp\/v2\/posts\/605288\/revisions"}],"wp:featuredmedia":[{"embeddable":true,"href":"https:\/\/arantv.az\/index.php?rest_route=\/wp\/v2\/media\/605289"}],"wp:attachment":[{"href":"https:\/\/arantv.az\/index.php?rest_route=%2Fwp%2Fv2%2Fmedia&parent=605288"}],"wp:term":[{"taxonomy":"category","embeddable":true,"href":"https:\/\/arantv.az\/index.php?rest_route=%2Fwp%2Fv2%2Fcategories&post=605288"},{"taxonomy":"post_tag","embeddable":true,"href":"https:\/\/arantv.az\/index.php?rest_route=%2Fwp%2Fv2%2Ftags&post=605288"}],"curies":[{"name":"wp","href":"https:\/\/api.w.org\/{rel}","templated":true}]}}