{"id":605291,"date":"2023-06-08T14:45:54","date_gmt":"2023-06-08T10:45:54","guid":{"rendered":"https:\/\/arantv.az\/?p=605291"},"modified":"2023-06-08T14:45:54","modified_gmt":"2023-06-08T10:45:54","slug":"h%c9%99ms%c9%99dr-nizami-g%c9%99nc%c9%99vi-beyn%c9%99lxalq-m%c9%99rk%c9%99zi-dahi-sairin-ideallari-%c9%99sasinda-qurulub","status":"publish","type":"post","link":"https:\/\/arantv.az\/?p=605291","title":{"rendered":"H\u0259ms\u0259dr: \u201cNizami G\u0259nc\u0259vi Beyn\u0259lxalq M\u0259rk\u0259zi dahi \u015fairin ideallar\u0131 \u0259sas\u0131nda qurulub\u201d"},"content":{"rendered":"<p>\u201cDahi Nizami \u0259s\u0259rl\u0259rind\u0259 zorak\u0131l\u0131\u011f\u0131 deyil, s\u00fclh\u00fc \u00fcst\u00fcn tutma\u011f\u0131, s\u0259birli, \u0259dal\u0259tli olma\u011f\u0131, c\u0259miyy\u0259tl\u0259rin xo\u015fb\u0259xt ya\u015famalar\u0131n\u0131 t\u0259bli\u011f edib. H\u0259tta bir \u00e7ox \u0259s\u0259rl\u0259ri bu g\u00fcn\u00fcm\u00fczd\u0259 d\u0259 aktuald\u0131r\u201d.<\/p>\n<p>APA x\u0259b\u0259r verir ki, bunu Nizami G\u0259nc\u0259vi Beyn\u0259lxalq M\u0259rk\u0259zinin G\u0259nc\u0259d\u0259 t\u0259\u015fkil edil\u0259n \u201cYenid\u0259nqurma, su\u0308lh v\u0259 inteqrasiya: Enerji, iqtisadiyyat, \u0259traf mu\u0308hit v\u0259 kapital\u201d t\u0259dbirind\u0259 m\u0259rk\u0259zin h\u0259ms\u0259dri \u0130smail Serageldin deyib.<\/p>\n<p>H\u0259ms\u0259dr vur\u011fulay\u0131b ki, Nizami G\u0259nc\u0259vinin \u0259s\u0259rl\u0259ri insan\u0131 m\u00fcdrikl\u0259\u015fdirir.<\/p>\n<p>\u201cBizim m\u0259rk\u0259zin f\u0259aliyy\u0259ti onun ideallar\u0131 \u0259sas\u0131nda qurulub v\u0259 d\u00fc\u015f\u00fcn\u00fcr\u0259m ki, poeziyaya Nizami G\u0259nc\u0259vi kimi r\u0259ng qata bil\u0259c\u0259k ba\u015fqa birisi yoxdur\u201d, &#8211; \u0130smail Serageldin vur\u011fulay\u0131b.<\/p>\n<p>G\u0259nc\u0259y\u0259 g\u0259ldiyin\u0259 g\u00f6r\u0259 \u00e7ox xo\u015fb\u0259xt oldu\u011funu dey\u0259n ISESCO-nun 1991-2019-cu ill\u0259rd\u0259 ba\u015f direktoru olmu\u015f Abdulaziz Altvayri \u0259lav\u0259 edib ki, m\u0259rk\u0259zd\u0259 sabiq d\u00f6vl\u0259t v\u0259 h\u00f6kum\u0259t r\u0259hb\u0259rl\u0259ri t\u0259msil olunmaqla Nizami G\u0259nc\u0259vinin t\u0259bli\u011f etdiyi birliyi ya\u015fad\u0131rlar:<\/p>\n<p>\u201cBiz bu ideyan\u0131 d\u00fc\u015f\u00fcn\u0259nl\u0259ri alq\u0131\u015flay\u0131r\u0131q. G\u0259nc\u0259d\u0259 ya\u015fayanlara qibt\u0259 edir\u0259m. \u00c7\u00fcnki onlar Nizami G\u0259nc\u0259vinin yurdunda ya\u015fay\u0131rlar\u201d.<\/p>\n<p>BMT Ba\u015f Assambleyas\u0131n\u0131n 75-ci prezidenti Volkan Bozk\u0131r deyib ki, Az\u0259rbaycan bu g\u00fcn layiq oldu\u011fu zirv\u0259d\u0259dir:<\/p>\n<p>\u201cBMT-d\u0259ki s\u0259drliyim d\u00f6vr\u00fcnd\u0259 h\u0259m T\u00fcrkiy\u0259, h\u0259m d\u0259 Az\u0259rbaycan\u0131 t\u0259msil etmi\u015f\u0259m v\u0259 buna g\u00f6r\u0259 \u00e7ox q\u00fcrurluyam. Nizami G\u0259nc\u0259vinin yarad\u0131c\u0131l\u0131\u011f\u0131 haqda is\u0259 onu dey\u0259 bil\u0259r\u0259m ki, onun inqilabi ideyalar\u0131 v\u0259 \u0259s\u0259rl\u0259ri daim ya\u015fayacaq. M\u0259rk\u0259zd\u0259 400-d\u0259n \u00e7ox sabiq d\u00f6vl\u0259t v\u0259 h\u00f6kum\u0259t r\u0259hb\u0259ri t\u0259msil olunub. M\u0259n d\u0259 m\u0259rk\u0259zin yarad\u0131lmas\u0131na g\u00f6r\u0259 ideya m\u00fc\u0259llifl\u0259rin\u0259 minn\u0259tdarl\u0131\u011f\u0131m\u0131 bildirir\u0259m. Bu m\u0259rk\u0259z h\u0259m d\u0259 Nizami G\u0259nc\u0259vi ideyalar\u0131n\u0131n t\u0259bli\u011fi v\u0259 g\u0259l\u0259c\u0259y\u0259 \u00e7atd\u0131r\u0131lmas\u0131 dem\u0259kdir\u201d.<\/p>\n<p>2012-17-ci ill\u0259rd\u0259 Bolqar\u0131stan\u0131n prezidenti olmu\u015f Rosen Plevneliyev \u00e7\u0131x\u0131\u015f\u0131nda m\u0259rk\u0259zin ad\u0131n\u0131 da\u015f\u0131yan Nizami G\u0259nc\u0259vi yurduna g\u0259ldiyi \u00fc\u00e7\u00fcn xo\u015fb\u0259xt oldu\u011funu bildirib.<\/p>\n<p>\u201cBak\u0131da ke\u00e7iril\u0259n Nizami forumlar\u0131 d\u00fcnyan\u0131n \u0259n vacib t\u0259dbirl\u0259rind\u0259n biridir. Bu g\u00fcn Bak\u0131, el\u0259c\u0259 d\u0259 G\u0259nc\u0259 d\u00fcnyan\u0131n siyasi, iqtisadi m\u0259rk\u0259zin\u0259 \u00e7evrilibl\u0259r. Biz Nyu-Yorkda, Tokioda Nizami G\u0259nc\u0259vi M\u0259rk\u0259zini t\u0259msil ed\u0259c\u0259yik\u201d, &#8211; Rosen Plevneliyev vur\u011fulay\u0131b.<\/p>\n","protected":false},"excerpt":{"rendered":"<p>\u201cDahi Nizami \u0259s\u0259rl\u0259rind\u0259 zorak\u0131l\u0131\u011f\u0131 deyil, s\u00fclh\u00fc \u00fcst\u00fcn tutma\u011f\u0131, s\u0259birli, \u0259dal\u0259tli olma\u011f\u0131, c\u0259miyy\u0259tl\u0259rin xo\u015fb\u0259xt ya\u015famalar\u0131n\u0131 t\u0259bli\u011f edib. H\u0259tta bir \u00e7ox \u0259s\u0259rl\u0259ri bu g\u00fcn\u00fcm\u00fczd\u0259 d\u0259 aktuald\u0131r\u201d. APA x\u0259b\u0259r verir ki, bunu Nizami G\u0259nc\u0259vi Beyn\u0259lxalq M\u0259rk\u0259zinin G\u0259nc\u0259d\u0259 t\u0259\u015fkil edil\u0259n \u201cYenid\u0259nqurma, su\u0308lh v\u0259 inteqrasiya: Enerji, iqtisadiyyat, \u0259traf mu\u0308hit v\u0259 kapital\u201d t\u0259dbirind\u0259 m\u0259rk\u0259zin h\u0259ms\u0259dri \u0130smail Serageldin deyib. H\u0259ms\u0259dr vur\u011fulay\u0131b ki, Nizami G\u0259nc\u0259vinin \u0259s\u0259rl\u0259ri insan\u0131 m\u00fcdrikl\u0259\u015fdirir. \u201cBizim m\u0259rk\u0259zin f\u0259aliyy\u0259ti onun ideallar\u0131 \u0259sas\u0131nda qurulub v\u0259 d\u00fc\u015f\u00fcn\u00fcr\u0259m ki, poeziyaya Nizami G\u0259nc\u0259vi kimi r\u0259ng qata bil\u0259c\u0259k ba\u015fqa birisi yoxdur\u201d, &#8211; \u0130smail Serageldin vur\u011fulay\u0131b. G\u0259nc\u0259y\u0259 g\u0259ldiyin\u0259 g\u00f6r\u0259 \u00e7ox xo\u015fb\u0259xt oldu\u011funu&hellip;<\/p>\n","protected":false},"author":2,"featured_media":605292,"comment_status":"closed","ping_status":"closed","sticky":false,"template":"","format":"standard","meta":{"om_disable_all_campaigns":false,"_monsterinsights_skip_tracking":false,"_monsterinsights_sitenote_active":false,"_monsterinsights_sitenote_note":"","_monsterinsights_sitenote_category":0},"categories":[19],"tags":[],"aioseo_notices":[],"gutentor_comment":0,"rttpg_featured_image_url":{"full":["https:\/\/arantv.az\/wp-content\/uploads\/2023\/06\/k0O6DVEfUDAyuNfcN9TznotupMrxx9lgknXJwHAB.jpg",620,413,false],"landscape":["https:\/\/arantv.az\/wp-content\/uploads\/2023\/06\/k0O6DVEfUDAyuNfcN9TznotupMrxx9lgknXJwHAB.jpg",620,413,false],"portraits":["https:\/\/arantv.az\/wp-content\/uploads\/2023\/06\/k0O6DVEfUDAyuNfcN9TznotupMrxx9lgknXJwHAB.jpg",620,413,false],"thumbnail":["https:\/\/arantv.az\/wp-content\/uploads\/2023\/06\/k0O6DVEfUDAyuNfcN9TznotupMrxx9lgknXJwHAB-500x280.jpg",500,280,true],"medium":["https:\/\/arantv.az\/wp-content\/uploads\/2023\/06\/k0O6DVEfUDAyuNfcN9TznotupMrxx9lgknXJwHAB-548x365.jpg",548,365,true],"large":["https:\/\/arantv.az\/wp-content\/uploads\/2023\/06\/k0O6DVEfUDAyuNfcN9TznotupMrxx9lgknXJwHAB.jpg",620,413,false],"1536x1536":["https:\/\/arantv.az\/wp-content\/uploads\/2023\/06\/k0O6DVEfUDAyuNfcN9TznotupMrxx9lgknXJwHAB.jpg",620,413,false],"2048x2048":["https:\/\/arantv.az\/wp-content\/uploads\/2023\/06\/k0O6DVEfUDAyuNfcN9TznotupMrxx9lgknXJwHAB.jpg",620,413,false],"post-thumbnail":["https:\/\/arantv.az\/wp-content\/uploads\/2023\/06\/k0O6DVEfUDAyuNfcN9TznotupMrxx9lgknXJwHAB-240x172.jpg",240,172,true],"advps-thumb-one":["https:\/\/arantv.az\/wp-content\/uploads\/2023\/06\/k0O6DVEfUDAyuNfcN9TznotupMrxx9lgknXJwHAB.jpg",620,413,false]},"rttpg_author":{"display_name":"V\u00fcsal Rafiqo\u011flu","author_link":"https:\/\/arantv.az\/?author=2"},"rttpg_comment":0,"rttpg_category":"<a href=\"https:\/\/arantv.az\/?cat=19\" rel=\"category\">G\u00fcnd\u0259m<\/a>","rttpg_excerpt":"\u201cDahi Nizami \u0259s\u0259rl\u0259rind\u0259 zorak\u0131l\u0131\u011f\u0131 deyil, s\u00fclh\u00fc \u00fcst\u00fcn tutma\u011f\u0131, s\u0259birli, \u0259dal\u0259tli olma\u011f\u0131, c\u0259miyy\u0259tl\u0259rin xo\u015fb\u0259xt ya\u015famalar\u0131n\u0131 t\u0259bli\u011f edib. H\u0259tta bir \u00e7ox \u0259s\u0259rl\u0259ri bu g\u00fcn\u00fcm\u00fczd\u0259 d\u0259 aktuald\u0131r\u201d. APA x\u0259b\u0259r verir ki, bunu Nizami G\u0259nc\u0259vi Beyn\u0259lxalq M\u0259rk\u0259zinin G\u0259nc\u0259d\u0259 t\u0259\u015fkil edil\u0259n \u201cYenid\u0259nqurma, su\u0308lh v\u0259 inteqrasiya: Enerji, iqtisadiyyat, \u0259traf mu\u0308hit v\u0259 kapital\u201d t\u0259dbirind\u0259 m\u0259rk\u0259zin h\u0259ms\u0259dri \u0130smail Serageldin deyib. H\u0259ms\u0259dr vur\u011fulay\u0131b ki,&hellip;","_links":{"self":[{"href":"https:\/\/arantv.az\/index.php?rest_route=\/wp\/v2\/posts\/605291"}],"collection":[{"href":"https:\/\/arantv.az\/index.php?rest_route=\/wp\/v2\/posts"}],"about":[{"href":"https:\/\/arantv.az\/index.php?rest_route=\/wp\/v2\/types\/post"}],"author":[{"embeddable":true,"href":"https:\/\/arantv.az\/index.php?rest_route=\/wp\/v2\/users\/2"}],"replies":[{"embeddable":true,"href":"https:\/\/arantv.az\/index.php?rest_route=%2Fwp%2Fv2%2Fcomments&post=605291"}],"version-history":[{"count":0,"href":"https:\/\/arantv.az\/index.php?rest_route=\/wp\/v2\/posts\/605291\/revisions"}],"wp:featuredmedia":[{"embeddable":true,"href":"https:\/\/arantv.az\/index.php?rest_route=\/wp\/v2\/media\/605292"}],"wp:attachment":[{"href":"https:\/\/arantv.az\/index.php?rest_route=%2Fwp%2Fv2%2Fmedia&parent=605291"}],"wp:term":[{"taxonomy":"category","embeddable":true,"href":"https:\/\/arantv.az\/index.php?rest_route=%2Fwp%2Fv2%2Fcategories&post=605291"},{"taxonomy":"post_tag","embeddable":true,"href":"https:\/\/arantv.az\/index.php?rest_route=%2Fwp%2Fv2%2Ftags&post=605291"}],"curies":[{"name":"wp","href":"https:\/\/api.w.org\/{rel}","templated":true}]}}