{"id":605608,"date":"2023-06-09T17:05:41","date_gmt":"2023-06-09T13:05:41","guid":{"rendered":"https:\/\/arantv.az\/?p=605608"},"modified":"2023-06-09T17:05:41","modified_gmt":"2023-06-09T13:05:41","slug":"ceyhun-bayramov-tovio-klaarla-erm%c9%99nistanla-normallasma-prosesini-muzakir%c9%99-edib-foto","status":"publish","type":"post","link":"https:\/\/arantv.az\/?p=605608","title":{"rendered":"Ceyhun Bayramov Tovio Klaarla Erm\u0259nistanla normalla\u015fma prosesini m\u00fczakir\u0259 edib &#8211; FOTO"},"content":{"rendered":"<article class=\"news\">\n<div class=\"news-inner\">\n<p>9 iyun 2023-c\u00fc il tarixind\u0259 nazir Ceyhun Bayramov Avropa \u0130ttifaq\u0131n\u0131n C\u0259nubi Qafqaz \u00fczr\u0259 x\u00fcsusi n\u00fcmay\u0259nd\u0259si Tovio Klaar il\u0259 g\u00f6r\u00fc\u015f\u00fcb.<\/p>\n<p>Xarici \u0130\u015fl\u0259r Nazirliyind\u0259n\u00a0veril\u0259n x\u0259b\u0259r\u0259 g\u00f6r\u0259, g\u00f6r\u00fc\u015f zaman\u0131 t\u0259r\u0259fl\u0259r Az\u0259rbaycan-Erm\u0259nistan m\u00fcnasib\u0259tl\u0259rinin normalla\u015fma prosesi, Avropa \u0130ttifaq\u0131 da daxil olmaqla beyn\u0259lxalq t\u0259r\u0259fda\u015flar\u0131n vasit\u0259\u00e7iliyi il\u0259 h\u0259yata ke\u00e7iril\u0259n dan\u0131\u015f\u0131qlar\u0131n cari v\u0259ziyy\u0259ti, regional t\u0259hl\u00fck\u0259sizlik m\u0259s\u0259l\u0259l\u0259ri \u0259traf\u0131nda fikir m\u00fcbadil\u0259si apar\u0131blar.<\/p>\n<p>Nazir Ceyhun Bayramov s\u00fclh sazi\u015fi \u00fczr\u0259 cari v\u0259ziyy\u0259t, \u00f6hd\u0259likl\u0259r\u0259 uy\u011fun olaraq n\u0259qliyyat-kommunikasiyalar\u0131n a\u00e7\u0131lmas\u0131 \u00fczr\u0259 apar\u0131lm\u0131\u015f m\u00fczakir\u0259l\u0259r, el\u0259c\u0259 d\u0259 delimitasiya m\u0259s\u0259l\u0259si \u00fczr\u0259 Az\u0259rbaycan t\u0259r\u0259finin m\u00f6vqeyini bir daha diqq\u0259t\u0259 \u00e7atd\u0131r\u0131b.<\/p>\n<p>Qar\u015f\u0131 t\u0259r\u0259f A\u0130-nin Az\u0259rbaycan-Erm\u0259nistan m\u00fcnasib\u0259tl\u0259rinin normalla\u015fd\u0131r\u0131lmas\u0131 prosesin\u0259 d\u0259st\u0259yini v\u0259 bu istiqam\u0259td\u0259 g\u0259l\u0259c\u0259kd\u0259 h\u0259r iki \u00f6lk\u0259nin siyasi r\u0259hb\u0259rlikl\u0259ri aras\u0131nda t\u0259maslar\u0131n davam etdirilm\u0259si \u00fc\u00e7\u00fcn s\u0259yl\u0259rini \u0259sirg\u0259m\u0259y\u0259c\u0259kl\u0259rini bildirib.<\/p>\n<p>T\u0259r\u0259fl\u0259r\u00a0eyni zamanda Az\u0259rbaycanla Avropa \u0130ttifaq\u0131 aras\u0131nda \u0259m\u0259kda\u015fl\u0131\u011f\u0131n perspektivl\u0259ri bar\u0259d\u0259 fikir m\u00fcbadil\u0259si apar\u0131blar.<\/p>\n<p>&nbsp;<\/p>\n<div class=\"gallery\">\n<div class=\"gallery-i\"><img src=\"https:\/\/cdn.oxu.az\/uploads\/W1siZiIsIjIwMjMvMDYvMDkvMTYvNTIvMTUvZjA5NWM1MGEtODk2OC00ZjZlLWFmYWQtZTQzYmRmYWQ4MzNlL1RBR181MjE0IGNvcHkuanBnIl0sWyJwIiwiZW5jb2RlIiwianBnIiwiLXF1YWxpdHkgODAiXSxbInAiLCJ0aHVtYiIsIjU5MHg1OTBcdTAwM2UiXV0?sha=6b78c6d8e06665f3\" alt=\"\" \/><\/p>\n<div class=\"gallery-i-caption\"><\/div>\n<\/div>\n<div class=\"gallery-i\"><img src=\"https:\/\/cdn.oxu.az\/uploads\/W1siZiIsIjIwMjMvMDYvMDkvMTYvNTIvMjQvMTQyOWMwMGQtMGQyZS00NWZmLTlkNjctNTNhMjFkNmJlZjc3L1RBR181MjA5IGNvcHkuanBnIl0sWyJwIiwiZW5jb2RlIiwianBnIiwiLXF1YWxpdHkgODAiXSxbInAiLCJ0aHVtYiIsIjU5MHg1OTBcdTAwM2UiXV0?sha=98d64595f04fef11\" alt=\"\" \/><\/p>\n<div class=\"gallery-i-caption\"><\/div>\n<\/div>\n<\/div>\n<\/div>\n<\/article>\n","protected":false},"excerpt":{"rendered":"<p>9 iyun 2023-c\u00fc il tarixind\u0259 nazir Ceyhun Bayramov Avropa \u0130ttifaq\u0131n\u0131n C\u0259nubi Qafqaz \u00fczr\u0259 x\u00fcsusi n\u00fcmay\u0259nd\u0259si Tovio Klaar il\u0259 g\u00f6r\u00fc\u015f\u00fcb. Xarici \u0130\u015fl\u0259r Nazirliyind\u0259n\u00a0veril\u0259n x\u0259b\u0259r\u0259 g\u00f6r\u0259, g\u00f6r\u00fc\u015f zaman\u0131 t\u0259r\u0259fl\u0259r Az\u0259rbaycan-Erm\u0259nistan m\u00fcnasib\u0259tl\u0259rinin normalla\u015fma prosesi, Avropa \u0130ttifaq\u0131 da daxil olmaqla beyn\u0259lxalq t\u0259r\u0259fda\u015flar\u0131n vasit\u0259\u00e7iliyi il\u0259 h\u0259yata ke\u00e7iril\u0259n dan\u0131\u015f\u0131qlar\u0131n cari v\u0259ziyy\u0259ti, regional t\u0259hl\u00fck\u0259sizlik m\u0259s\u0259l\u0259l\u0259ri \u0259traf\u0131nda fikir m\u00fcbadil\u0259si apar\u0131blar. Nazir Ceyhun Bayramov s\u00fclh sazi\u015fi \u00fczr\u0259 cari v\u0259ziyy\u0259t, \u00f6hd\u0259likl\u0259r\u0259 uy\u011fun olaraq n\u0259qliyyat-kommunikasiyalar\u0131n a\u00e7\u0131lmas\u0131 \u00fczr\u0259 apar\u0131lm\u0131\u015f m\u00fczakir\u0259l\u0259r, el\u0259c\u0259 d\u0259 delimitasiya m\u0259s\u0259l\u0259si \u00fczr\u0259 Az\u0259rbaycan t\u0259r\u0259finin m\u00f6vqeyini bir daha diqq\u0259t\u0259 \u00e7atd\u0131r\u0131b. Qar\u015f\u0131 t\u0259r\u0259f A\u0130-nin Az\u0259rbaycan-Erm\u0259nistan m\u00fcnasib\u0259tl\u0259rinin normalla\u015fd\u0131r\u0131lmas\u0131 prosesin\u0259 d\u0259st\u0259yini v\u0259 bu&hellip;<\/p>\n","protected":false},"author":2,"featured_media":605609,"comment_status":"closed","ping_status":"closed","sticky":false,"template":"","format":"standard","meta":{"om_disable_all_campaigns":false,"_monsterinsights_skip_tracking":false,"_monsterinsights_sitenote_active":false,"_monsterinsights_sitenote_note":"","_monsterinsights_sitenote_category":0},"categories":[19],"tags":[],"aioseo_notices":[],"gutentor_comment":0,"rttpg_featured_image_url":{"full":["https:\/\/arantv.az\/wp-content\/uploads\/2023\/06\/64831f936c93c64831f936c93d168631489964831f936c93764831f936c939.jpg",620,413,false],"landscape":["https:\/\/arantv.az\/wp-content\/uploads\/2023\/06\/64831f936c93c64831f936c93d168631489964831f936c93764831f936c939.jpg",620,413,false],"portraits":["https:\/\/arantv.az\/wp-content\/uploads\/2023\/06\/64831f936c93c64831f936c93d168631489964831f936c93764831f936c939.jpg",620,413,false],"thumbnail":["https:\/\/arantv.az\/wp-content\/uploads\/2023\/06\/64831f936c93c64831f936c93d168631489964831f936c93764831f936c939-500x280.jpg",500,280,true],"medium":["https:\/\/arantv.az\/wp-content\/uploads\/2023\/06\/64831f936c93c64831f936c93d168631489964831f936c93764831f936c939-548x365.jpg",548,365,true],"large":["https:\/\/arantv.az\/wp-content\/uploads\/2023\/06\/64831f936c93c64831f936c93d168631489964831f936c93764831f936c939.jpg",620,413,false],"1536x1536":["https:\/\/arantv.az\/wp-content\/uploads\/2023\/06\/64831f936c93c64831f936c93d168631489964831f936c93764831f936c939.jpg",620,413,false],"2048x2048":["https:\/\/arantv.az\/wp-content\/uploads\/2023\/06\/64831f936c93c64831f936c93d168631489964831f936c93764831f936c939.jpg",620,413,false],"post-thumbnail":["https:\/\/arantv.az\/wp-content\/uploads\/2023\/06\/64831f936c93c64831f936c93d168631489964831f936c93764831f936c939-240x172.jpg",240,172,true],"advps-thumb-one":["https:\/\/arantv.az\/wp-content\/uploads\/2023\/06\/64831f936c93c64831f936c93d168631489964831f936c93764831f936c939.jpg",620,413,false]},"rttpg_author":{"display_name":"V\u00fcsal Rafiqo\u011flu","author_link":"https:\/\/arantv.az\/?author=2"},"rttpg_comment":0,"rttpg_category":"<a href=\"https:\/\/arantv.az\/?cat=19\" rel=\"category\">G\u00fcnd\u0259m<\/a>","rttpg_excerpt":"9 iyun 2023-c\u00fc il tarixind\u0259 nazir Ceyhun Bayramov Avropa \u0130ttifaq\u0131n\u0131n C\u0259nubi Qafqaz \u00fczr\u0259 x\u00fcsusi n\u00fcmay\u0259nd\u0259si Tovio Klaar il\u0259 g\u00f6r\u00fc\u015f\u00fcb. Xarici \u0130\u015fl\u0259r Nazirliyind\u0259n\u00a0veril\u0259n x\u0259b\u0259r\u0259 g\u00f6r\u0259, g\u00f6r\u00fc\u015f zaman\u0131 t\u0259r\u0259fl\u0259r Az\u0259rbaycan-Erm\u0259nistan m\u00fcnasib\u0259tl\u0259rinin normalla\u015fma prosesi, Avropa \u0130ttifaq\u0131 da daxil olmaqla beyn\u0259lxalq t\u0259r\u0259fda\u015flar\u0131n vasit\u0259\u00e7iliyi il\u0259 h\u0259yata ke\u00e7iril\u0259n dan\u0131\u015f\u0131qlar\u0131n cari v\u0259ziyy\u0259ti, regional t\u0259hl\u00fck\u0259sizlik m\u0259s\u0259l\u0259l\u0259ri \u0259traf\u0131nda fikir m\u00fcbadil\u0259si apar\u0131blar. Nazir Ceyhun Bayramov&hellip;","_links":{"self":[{"href":"https:\/\/arantv.az\/index.php?rest_route=\/wp\/v2\/posts\/605608"}],"collection":[{"href":"https:\/\/arantv.az\/index.php?rest_route=\/wp\/v2\/posts"}],"about":[{"href":"https:\/\/arantv.az\/index.php?rest_route=\/wp\/v2\/types\/post"}],"author":[{"embeddable":true,"href":"https:\/\/arantv.az\/index.php?rest_route=\/wp\/v2\/users\/2"}],"replies":[{"embeddable":true,"href":"https:\/\/arantv.az\/index.php?rest_route=%2Fwp%2Fv2%2Fcomments&post=605608"}],"version-history":[{"count":0,"href":"https:\/\/arantv.az\/index.php?rest_route=\/wp\/v2\/posts\/605608\/revisions"}],"wp:featuredmedia":[{"embeddable":true,"href":"https:\/\/arantv.az\/index.php?rest_route=\/wp\/v2\/media\/605609"}],"wp:attachment":[{"href":"https:\/\/arantv.az\/index.php?rest_route=%2Fwp%2Fv2%2Fmedia&parent=605608"}],"wp:term":[{"taxonomy":"category","embeddable":true,"href":"https:\/\/arantv.az\/index.php?rest_route=%2Fwp%2Fv2%2Fcategories&post=605608"},{"taxonomy":"post_tag","embeddable":true,"href":"https:\/\/arantv.az\/index.php?rest_route=%2Fwp%2Fv2%2Ftags&post=605608"}],"curies":[{"name":"wp","href":"https:\/\/api.w.org\/{rel}","templated":true}]}}