{"id":608481,"date":"2023-06-25T10:51:24","date_gmt":"2023-06-25T06:51:24","guid":{"rendered":"https:\/\/arantv.az\/?p=608481"},"modified":"2023-06-25T10:51:24","modified_gmt":"2023-06-25T06:51:24","slug":"putin-yen%c9%99-soyquya-etibar-edir-peskov","status":"publish","type":"post","link":"https:\/\/arantv.az\/?p=608481","title":{"rendered":"Putin yen\u0259 \u015eoyquya etibar edir? &#8211; Peskov"},"content":{"rendered":"<p>Rusiya Prezidenti Vladimir Putinin m\u00fcdafi\u0259 naziri Sergey \u015eoyquya inam\u0131 il\u0259 ba\u011fl\u0131 h\u0259r hans\u0131 d\u0259yi\u015fiklikd\u0259n x\u0259b\u0259rim yoxdur.<\/p>\n<p><strong>ARANTV.AZ<\/strong> axar.az-a istinad\u0259n bildirir ki, bu bar\u0259d\u0259 Kremlin m\u0259tbuat katibi Dmitri Peskov deyib.<\/p>\n<p>Peskov onu da vur\u011fulay\u0131b ki, M\u00fcdafi\u0259 Nazirliyind\u0259 kadr d\u0259yi\u015fiklikl\u0259ri prezidentin s\u0259lahiyy\u0259tind\u0259dir v\u0259 \u00fcsyan\u0131n yat\u0131r\u0131lmas\u0131 il\u0259 ba\u011fl\u0131 Belarusun r\u0259hb\u0259ri Aleksandr Luka\u015fenko il\u0259 &#8220;Vaqner&#8221; \u015firk\u0259tinin t\u0259sis\u00e7isi Yevgeni Priqojin aras\u0131nda t\u0259maslar zaman\u0131 m\u00fczakir\u0259 oluna bilm\u0259z.<\/p>\n<p>Qeyd ed\u0259k ki, iyunun 23-\u00fc ax\u015fam saatlar\u0131nda \u00fcsyan\u0131n ba\u015flad\u0131\u011f\u0131 elan edildikd\u0259n sonra Rusiya m\u00fcdafi\u0259 naziri \u015eoyqu he\u00e7 bir a\u00e7\u0131qlama verm\u0259yib.<\/p>\n<p>Xat\u0131rladaq ki, Luka\u015fenkonun apard\u0131\u011f\u0131 dan\u0131\u015f\u0131qlar\u0131n n\u0259tic\u0259sind\u0259 Priqojin qiyamdan imtina edib v\u0259 d\u00f6y\u00fc\u015f\u00e7\u00fcl\u0259ri il\u0259 s\u0259hra d\u00fc\u015f\u0259rg\u0259sin\u0259 geri qay\u0131d\u0131b.<\/p>\n","protected":false},"excerpt":{"rendered":"<p>Rusiya Prezidenti Vladimir Putinin m\u00fcdafi\u0259 naziri Sergey \u015eoyquya inam\u0131 il\u0259 ba\u011fl\u0131 h\u0259r hans\u0131 d\u0259yi\u015fiklikd\u0259n x\u0259b\u0259rim yoxdur. ARANTV.AZ axar.az-a istinad\u0259n bildirir ki, bu bar\u0259d\u0259 Kremlin m\u0259tbuat katibi Dmitri Peskov deyib. Peskov onu da vur\u011fulay\u0131b ki, M\u00fcdafi\u0259 Nazirliyind\u0259 kadr d\u0259yi\u015fiklikl\u0259ri prezidentin s\u0259lahiyy\u0259tind\u0259dir v\u0259 \u00fcsyan\u0131n yat\u0131r\u0131lmas\u0131 il\u0259 ba\u011fl\u0131 Belarusun r\u0259hb\u0259ri Aleksandr Luka\u015fenko il\u0259 &#8220;Vaqner&#8221; \u015firk\u0259tinin t\u0259sis\u00e7isi Yevgeni Priqojin aras\u0131nda t\u0259maslar zaman\u0131 m\u00fczakir\u0259 oluna bilm\u0259z. Qeyd ed\u0259k ki, iyunun 23-\u00fc ax\u015fam saatlar\u0131nda \u00fcsyan\u0131n ba\u015flad\u0131\u011f\u0131 elan edildikd\u0259n sonra Rusiya m\u00fcdafi\u0259 naziri \u015eoyqu he\u00e7 bir a\u00e7\u0131qlama verm\u0259yib. Xat\u0131rladaq ki, Luka\u015fenkonun apard\u0131\u011f\u0131 dan\u0131\u015f\u0131qlar\u0131n n\u0259tic\u0259sind\u0259 Priqojin qiyamdan imtina&hellip;<\/p>\n","protected":false},"author":2,"featured_media":608483,"comment_status":"closed","ping_status":"closed","sticky":false,"template":"","format":"standard","meta":{"om_disable_all_campaigns":false,"_monsterinsights_skip_tracking":false,"_monsterinsights_sitenote_active":false,"_monsterinsights_sitenote_note":"","_monsterinsights_sitenote_category":0},"categories":[7],"tags":[],"aioseo_notices":[],"gutentor_comment":0,"rttpg_featured_image_url":{"full":["https:\/\/arantv.az\/wp-content\/uploads\/2023\/06\/1129660.jpg",660,396,false],"landscape":["https:\/\/arantv.az\/wp-content\/uploads\/2023\/06\/1129660.jpg",660,396,false],"portraits":["https:\/\/arantv.az\/wp-content\/uploads\/2023\/06\/1129660.jpg",660,396,false],"thumbnail":["https:\/\/arantv.az\/wp-content\/uploads\/2023\/06\/1129660-500x280.jpg",500,280,true],"medium":["https:\/\/arantv.az\/wp-content\/uploads\/2023\/06\/1129660-608x365.jpg",608,365,true],"large":["https:\/\/arantv.az\/wp-content\/uploads\/2023\/06\/1129660.jpg",640,384,false],"1536x1536":["https:\/\/arantv.az\/wp-content\/uploads\/2023\/06\/1129660.jpg",660,396,false],"2048x2048":["https:\/\/arantv.az\/wp-content\/uploads\/2023\/06\/1129660.jpg",660,396,false],"post-thumbnail":["https:\/\/arantv.az\/wp-content\/uploads\/2023\/06\/1129660-240x172.jpg",240,172,true],"advps-thumb-one":["https:\/\/arantv.az\/wp-content\/uploads\/2023\/06\/1129660.jpg",660,396,false]},"rttpg_author":{"display_name":"V\u00fcsal Rafiqo\u011flu","author_link":"https:\/\/arantv.az\/?author=2"},"rttpg_comment":0,"rttpg_category":"<a href=\"https:\/\/arantv.az\/?cat=7\" rel=\"category\">D\u00fcnya<\/a>","rttpg_excerpt":"Rusiya Prezidenti Vladimir Putinin m\u00fcdafi\u0259 naziri Sergey \u015eoyquya inam\u0131 il\u0259 ba\u011fl\u0131 h\u0259r hans\u0131 d\u0259yi\u015fiklikd\u0259n x\u0259b\u0259rim yoxdur. ARANTV.AZ axar.az-a istinad\u0259n bildirir ki, bu bar\u0259d\u0259 Kremlin m\u0259tbuat katibi Dmitri Peskov deyib. Peskov onu da vur\u011fulay\u0131b ki, M\u00fcdafi\u0259 Nazirliyind\u0259 kadr d\u0259yi\u015fiklikl\u0259ri prezidentin s\u0259lahiyy\u0259tind\u0259dir v\u0259 \u00fcsyan\u0131n yat\u0131r\u0131lmas\u0131 il\u0259 ba\u011fl\u0131 Belarusun r\u0259hb\u0259ri Aleksandr Luka\u015fenko il\u0259 &#8220;Vaqner&#8221; \u015firk\u0259tinin t\u0259sis\u00e7isi Yevgeni Priqojin&hellip;","_links":{"self":[{"href":"https:\/\/arantv.az\/index.php?rest_route=\/wp\/v2\/posts\/608481"}],"collection":[{"href":"https:\/\/arantv.az\/index.php?rest_route=\/wp\/v2\/posts"}],"about":[{"href":"https:\/\/arantv.az\/index.php?rest_route=\/wp\/v2\/types\/post"}],"author":[{"embeddable":true,"href":"https:\/\/arantv.az\/index.php?rest_route=\/wp\/v2\/users\/2"}],"replies":[{"embeddable":true,"href":"https:\/\/arantv.az\/index.php?rest_route=%2Fwp%2Fv2%2Fcomments&post=608481"}],"version-history":[{"count":0,"href":"https:\/\/arantv.az\/index.php?rest_route=\/wp\/v2\/posts\/608481\/revisions"}],"wp:featuredmedia":[{"embeddable":true,"href":"https:\/\/arantv.az\/index.php?rest_route=\/wp\/v2\/media\/608483"}],"wp:attachment":[{"href":"https:\/\/arantv.az\/index.php?rest_route=%2Fwp%2Fv2%2Fmedia&parent=608481"}],"wp:term":[{"taxonomy":"category","embeddable":true,"href":"https:\/\/arantv.az\/index.php?rest_route=%2Fwp%2Fv2%2Fcategories&post=608481"},{"taxonomy":"post_tag","embeddable":true,"href":"https:\/\/arantv.az\/index.php?rest_route=%2Fwp%2Fv2%2Ftags&post=608481"}],"curies":[{"name":"wp","href":"https:\/\/api.w.org\/{rel}","templated":true}]}}