{"id":608522,"date":"2023-06-25T12:29:40","date_gmt":"2023-06-25T08:29:40","guid":{"rendered":"https:\/\/arantv.az\/?p=608522"},"modified":"2023-06-25T12:29:40","modified_gmt":"2023-06-25T08:29:40","slug":"xalqin-ur%c9%99yinin-s%c9%99si","status":"publish","type":"post","link":"https:\/\/arantv.az\/?p=608522","title":{"rendered":"Xalq\u0131n \u00fcr\u0259yinin s\u0259si"},"content":{"rendered":"<p>&nbsp;<\/p>\n<p><strong><span lang=\"EN-US\"><a href=\"https:\/\/www.sozler.im\/q\/11H94\/xalq-dovlet-ucun-yox-dovlet-xalq-ucun-olmalidir\" target=\"_blank\" rel=\"noopener noreferrer\"><span lang=\"AZ-LATIN\">Xalq d\u00f6vl\u0259t \u00fc\u00e7\u00fcn yox, d\u00f6vl\u0259t xalq \u00fc\u00e7\u00fcn olmal\u0131d\u0131r<i>.<\/i><\/span><\/a><\/span><\/strong><\/p>\n<p><strong><span lang=\"AZ-LATIN\">\u00dcmummilli Lider: Heyd\u0259r \u018fliyev<\/span><\/strong><\/p>\n<p>\u200b<\/p>\n<p><span lang=\"AZ-LATIN\">Az\u0259rbaycan tarixin\u0259 Milli Qurtulu\u015f G\u00fcn\u00fc kimi daxil olmu\u015f 1993-c\u00fc ilin 15 iyun g\u00fcn\u00fc xalq\u0131m\u0131z \u00fc\u00e7\u00fcn \u00e7ox \u0259zizdir. Bu tarixi yaradan is\u0259 Az\u0259rbaycan\u0131n inki\u015faf\u0131nda, m\u00fcst\u0259qilliyind\u0259\u200b m\u00fcst\u0259sna rol oynayan, daim xalq\u0131na arxalanan v\u0259 xalqa arxa-dayaq \u200b olan bir insan &#8211; Heyd\u0259r \u018fliyevdir.<\/span><\/p>\n<p><span lang=\"AZ-LATIN\">Bildiyimiz kimi, 1991-1993-c\u00fc ill\u0259r \u00f6lk\u0259mizin tarixind\u0259 h\u0259rc-m\u0259rclik, \u00f6zba\u015f\u0131nal\u0131q d\u00f6vr\u00fc kimi xat\u0131rlan\u0131r. G\u00fcnd\u0259n\u2013g\u00fcn\u0259 g\u0259rginl\u0259\u015f\u0259n siyasi v\u0259ziyy\u0259t, getdikc\u0259 a\u011f\u0131rla\u015fan sosial durumu \u00f6lk\u0259ni bu b\u0259lalardan xilas ed\u0259 bil\u0259c\u0259k, xalq\u0131 \u00f6z arxas\u0131nca aparma\u011fa qadir lider\u0259 ehtiyac oldu\u011funu \u015f\u0259rtl\u0259ndirirdi. H\u0259r k\u0259s \u0259min idi ki, \u00f6lk\u0259mizi\u200b bu a\u011f\u0131r v\u0259 d\u00f6z\u00fclm\u0259z v\u0259ziyy\u0259td\u0259n \u00e7\u0131xarma\u011fa qadir yegan\u0259 \u015f\u0259xsiyy\u0259t m\u0259hz Heyd\u0259r \u018fliyev idi. \u018fslind\u0259, bu, b\u00fct\u00fcn xalq\u0131n \u00fcr\u0259yinin s\u0259si idi.<\/span><\/p>\n<p><span lang=\"AZ-LATIN\">Bel\u0259likl\u0259, xalq\u0131m\u0131z \u00e7\u0259tin g\u00fcnl\u0259rd\u0259 U<\/span><span lang=\"AZ-LATIN\">lu \u00d6nd\u0259rimizi k\u00f6m\u0259y\u0259 \u00e7a\u011f\u0131rd\u0131 v\u0259 onun \u0259tra<\/span><span lang=\"AZ-LATIN\">f\u0131nda s\u0131x birl\u0259\u015fm\u0259kl\u0259 \u00f6z g\u0259l\u0259c\u0259k taleyini h\u0259ll etdi.<\/span><\/p>\n<p><span lang=\"AZ-LATIN\">1993-c\u00fc il iyunun 9-da Ulu \u00d6nd\u0259r Heyd\u0259r \u018fliyev xalq\u0131n \u00e7a\u011f\u0131r\u0131\u015f\u0131na s\u0259s ver\u0259r\u0259k Bak\u0131ya qay\u0131td\u0131 v\u0259 \u00f6lk\u0259mizi b\u0259lalardan, m\u00fcsib\u0259tl\u0259rd\u0259n xilas etdi.\u00a0<\/span><span lang=\"AZ-LATIN\">\u0130yunun 15-d\u0259 is\u0259 \u00dcmummilli Lider Heyd\u0259r \u018fliyev Az\u0259rbaycan Ali Sovetinin s\u0259dri se\u00e7ildi v\u0259 b\u00f6y\u00fck riskl\u0259r\u0259 baxmayaraq, xalq\u0131n qurtulu\u015fu missiyas\u0131n\u0131 c\u0259sar\u0259tl\u0259 \u00f6z \u00fcz\u0259rin\u0259 g\u00f6t\u00fcrd\u00fc.<\/span><\/p>\n<p><span lang=\"AZ-LATIN\">\u200b \u200b \u200b \u200b \u200b \u201cM\u0259nim h\u0259yat\u0131m da, f\u0259aliyy\u0259tim d\u0259 yaln\u0131z v\u0259 yaln\u0131z Az\u0259rbaycan\u0131n m\u00fcst\u0259qilliyinin qorunub saxlanmas\u0131na, \u00f6lk\u0259mizin bu a\u011f\u0131r v\u0259ziyy\u0259td\u0259n qalxmas\u0131na h\u0259sr olunacaqd\u0131r\u201d, \u2013 dey\u0259n \u00dcmummilli Liderimiz \u00f6lk\u0259d\u0259 v\u0259t\u0259nda\u015f h\u0259mr\u0259yliyini son d\u0259r\u0259c\u0259 vacib say\u0131rd\u0131.<\/span><\/p>\n<p><span lang=\"AZ-LATIN\">Bu qay\u0131d\u0131\u015f Az\u0259rbaycan\u0131n m\u00fcst\u0259qilliyini, xalq\u0131m\u0131z\u0131n q\u00fcrurunu, tarixini, bug\u00fcn\u00fcn\u00fc \u00f6z\u00fcn\u0259 qaytard\u0131.\u00a0Heyd\u0259r \u018fliyevin Ali Sovetin s\u0259dri kimi 1993-c\u00fc il 24 iyunda Prezident s\u0259lahiyy\u0259tl\u0259rini icra etm\u0259y\u0259 ba\u015flamas\u0131 is\u0259 ayr\u0131ca bir tarix idi !<\/span><\/p>\n<p><span lang=\"AZ-LATIN\">Qar\u015f\u0131da duran \u0259n m\u00fch\u00fcm m\u0259s\u0259l\u0259 m\u00fcst\u0259qilliyi qoruyub saxlamaq idi. Bu, \u00dcmummilli Liderin irad\u0259si say\u0259sind\u0259 reall\u0131\u011fa \u00e7evrildi.\u200b B\u00fct\u00fcn mane\u0259l\u0259r\u0259 baxmayaraq \u0259n q\u0131sa m\u00fcdd\u0259td\u0259 \u00f6lk\u0259d\u0259 ictimai-siyasi sabitlik b\u0259rpa olundu.<\/span><\/p>\n<p><span lang=\"AZ-LATIN\">B\u00fct\u00fcn h\u0259yat\u0131n\u0131 can\u0131ndan art\u0131q sevdiyi xalq\u0131na, \u00f6lk\u0259sin\u0259 h\u0259sr etmi\u015f bu m\u00fcdrik siyasi v\u0259 d\u00f6vl\u0259t xadimi tariximizd\u0259 m\u00fcst\u0259qilliyimizin memar\u0131 v\u0259 qurucusu kimi yer tutub.\u200b<\/span><\/p>\n<p><span lang=\"AZ-LATIN\">Bel\u0259likl\u0259, Az\u0259rbaycan Heyd\u0259r \u018fliyevin yorulmaz f\u0259aliyy\u0259ti n\u0259tic\u0259sind\u0259 g\u0259l\u0259c\u0259y\u0259 inamla baxan q\u00fcdr\u0259tli bir d\u00f6vl\u0259t\u0259 \u00e7evrildi. 1993-c\u00fc il oktyabr\u0131n 3-d\u0259 \u00dcmummilli Lider xalq\u0131m\u0131z\u0131n b\u00f6y\u00fck \u0259ks\u0259riyy\u0259ti t\u0259r\u0259find\u0259n Prezident se\u00e7ildi.<\/span><\/p>\n<p><span lang=\"AZ-LATIN\">\u00dcmummilli\u200b Lider\u200b Heyd\u0259r \u018fliyev xalq\u0131n t\u0259kidi il\u0259 hakimiyy\u0259t\u0259 qay\u0131d\u0131\u015f\u0131ndan sonra g\u0259ncl\u0259rl\u0259 ba\u011fl\u0131 m\u0259s\u0259l\u0259l\u0259ri h\u0259yata ke\u00e7irdiyi siyas\u0259tin \u0259sas t\u0259rkib hiss\u0259l\u0259rind\u0259n biri hesab etmi\u015fdir. D\u00f6vl\u0259t g\u0259ncl\u0259r siyas\u0259ti g\u0259nc n\u0259slin m\u0259n\u0259vi-\u0259xlaqi t\u0259rbiy\u0259sinin g\u00fccl\u0259ndirilm\u0259sin\u0259, v\u0259t\u0259np\u0259rv\u0259r yeti\u015fdirilm\u0259sin\u0259, z\u0259ngin elmi potensial\u0131n yarad\u0131lmas\u0131na xidm\u0259t etmi\u015fdi.<\/span><\/p>\n<p><span lang=\"AZ-LATIN\">X\u00fcsusil\u0259 qeyd etm\u0259k ist\u0259yir\u0259m ki, \u00dcmumilli Liderimiz Heyd\u0259r \u018fliyevin qa\u00e7q\u0131n v\u0259 m\u0259cburi k\u00f6\u00e7k\u00fcn g\u0259ncl\u0259r\u0259 qay\u011f\u0131s\u0131 onun b\u00fct\u00fcn \u00f6lk\u0259 v\u0259t\u0259nda\u015flar\u0131 qar\u015f\u0131s\u0131nda \u0259v\u0259zolunmaz xidm\u0259tl\u0259rinin g\u00f6st\u0259ricisidir.<\/span><\/p>\n<p><span lang=\"AZ-LATIN\">Dahi \u015f\u0259xsiyy\u0259t Heyd\u0259r \u018fliyevin g\u0259ncl\u0259r\u0259 g\u00f6st\u0259rdiyi etimad art\u0131q bu g\u00fcn \u00f6z t\u0259sdiqini tapmaqdad\u0131r.<\/span><\/p>\n<p><span lang=\"AZ-LATIN\">B\u00f6y\u00fck\u200b f\u0259r\u0259h hissi il\u0259 dey\u0259 bil\u0259rik ki, bu g\u00fcn d\u0259 d\u00f6vl\u0259timiz g\u0259ncl\u0259r\u0259 x\u00fcsusi diqq\u0259t v\u0259 qay\u011f\u0131 g\u00f6st\u0259rir. C\u0259nab Prezidentimiz \u0130lham \u018fliyev b\u00fct\u00fcn sah\u0259l\u0259rd\u0259 oldu\u011fu kimi, g\u0259ncl\u0259r siyas\u0259ti sah\u0259sind\u0259 d\u0259 Ulu \u00d6nd\u0259rimizin siyasi kursunu layiqinc\u0259 davam etdirir. Bu bar\u0259d\u0259 Az\u0259rbaycan Respublikas\u0131n\u0131n Prezidenti \u0130lham \u018fliyev demi\u015fdir:<br \/>\n\u200b \u201cM\u0259nim g\u0259ncl\u0259r\u0259 x\u00fcsusi m\u00fcnasib\u0259tim var, m\u0259nim \u00fcr\u0259yim sizinl\u0259dir. Siz b\u00fct\u00fcn i\u015fl\u0259rd\u0259 m\u0259n\u0259 arxalana bil\u0259rsiniz. M\u0259n d\u0259 siz\u0259 arxalan\u0131ram\u201d.<\/span><\/p>\n<p><span lang=\"AZ-LATIN\">B\u0259li, 44 g\u00fcnl\u00fck \u0130kinci Qaraba\u011f m\u00fcharib\u0259si Az\u0259rbaycan g\u0259ncl\u0259rind\u0259 torpaq, V\u0259t\u0259n sevgisinin n\u0259 q\u0259d\u0259r b\u00f6y\u00fck oldu\u011funu ortaya qoydu. G\u0259ncl\u0259rimiz h\u0259m \u00f6n, h\u0259m arxa c\u0259bh\u0259d\u0259 y\u00fcks\u0259k v\u0259t\u0259np\u0259rv\u0259rlik hissl\u0259rini n\u00fcmayi\u015f etdirdil\u0259r.<\/span><\/p>\n<p><span lang=\"AZ-LATIN\">Ali Ba\u015f Komandan\u0131m\u0131z \u0130lham \u018fliyevin \u201c\u0130r\u0259li, Az\u0259rbaycan \u0259sg\u0259ri!\u201d \u00e7a\u011f\u0131r\u0131\u015f\u0131na cavab ver\u0259n g\u0259ncl\u0259rimiz, idman\u00e7\u0131lar\u0131m\u0131z b\u00f6y\u00fck ruh y\u00fcks\u0259kliyi il\u0259 silaha sar\u0131laraq torpaqlar\u0131m\u0131z\u0131 i\u015f\u011faldan azad etdi, xalq\u0131m\u0131z\u0131n torpaq h\u0259sr\u0259tin\u0259 son qoyaraq, \u00fc\u00e7r\u0259ngli bayra\u011f\u0131m\u0131z\u0131 do\u011fma Qaraba\u011f\u0131m\u0131zda dal\u011faland\u0131rd\u0131lar.<\/span><\/p>\n<p><span lang=\"AZ-LATIN\">D\u00f6vl\u0259t G\u0259ncl\u0259r siyas\u0259tinin banisi, \u00dcmumilli Lider Heyd\u0259r \u018fliyevin \u0259ziz xatir\u0259si daim q\u0259lbl\u0259rd\u0259 ya\u015fayacaq !<\/span><\/p>\n<p>\u200b<\/p>\n<p><span lang=\"AZ-LATIN\">\u200b <strong>Fidan N\u0259sirli &#8211; B\u0259rd\u0259 rayon G\u0259ncl\u0259r v\u0259 \u0130dman \u0130dar\u0259sinin ba\u015f m\u0259sl\u0259h\u0259t\u00e7isi<\/strong><\/span><\/p>\n","protected":false},"excerpt":{"rendered":"<p>&nbsp; Xalq d\u00f6vl\u0259t \u00fc\u00e7\u00fcn yox, d\u00f6vl\u0259t xalq \u00fc\u00e7\u00fcn olmal\u0131d\u0131r. \u00dcmummilli Lider: Heyd\u0259r \u018fliyev \u200b Az\u0259rbaycan tarixin\u0259 Milli Qurtulu\u015f G\u00fcn\u00fc kimi daxil olmu\u015f 1993-c\u00fc ilin 15 iyun g\u00fcn\u00fc xalq\u0131m\u0131z \u00fc\u00e7\u00fcn \u00e7ox \u0259zizdir. Bu tarixi yaradan is\u0259 Az\u0259rbaycan\u0131n inki\u015faf\u0131nda, m\u00fcst\u0259qilliyind\u0259\u200b m\u00fcst\u0259sna rol oynayan, daim xalq\u0131na arxalanan v\u0259 xalqa arxa-dayaq \u200b olan bir insan &#8211; Heyd\u0259r \u018fliyevdir. Bildiyimiz kimi, 1991-1993-c\u00fc ill\u0259r \u00f6lk\u0259mizin tarixind\u0259 h\u0259rc-m\u0259rclik, \u00f6zba\u015f\u0131nal\u0131q d\u00f6vr\u00fc kimi xat\u0131rlan\u0131r. G\u00fcnd\u0259n\u2013g\u00fcn\u0259 g\u0259rginl\u0259\u015f\u0259n siyasi v\u0259ziyy\u0259t, getdikc\u0259 a\u011f\u0131rla\u015fan sosial durumu \u00f6lk\u0259ni bu b\u0259lalardan xilas ed\u0259 bil\u0259c\u0259k, xalq\u0131 \u00f6z arxas\u0131nca aparma\u011fa qadir lider\u0259 ehtiyac oldu\u011funu \u015f\u0259rtl\u0259ndirirdi. H\u0259r k\u0259s&hellip;<\/p>\n","protected":false},"author":2,"featured_media":608523,"comment_status":"closed","ping_status":"closed","sticky":false,"template":"","format":"standard","meta":{"om_disable_all_campaigns":false,"_monsterinsights_skip_tracking":false,"_monsterinsights_sitenote_active":false,"_monsterinsights_sitenote_note":"","_monsterinsights_sitenote_category":0},"categories":[19],"tags":[],"aioseo_notices":[],"gutentor_comment":0,"rttpg_featured_image_url":{"full":["https:\/\/arantv.az\/wp-content\/uploads\/2023\/06\/d00ba764-fb30-30bf-80e8-dcc06365243c.jpg",924,630,false],"landscape":["https:\/\/arantv.az\/wp-content\/uploads\/2023\/06\/d00ba764-fb30-30bf-80e8-dcc06365243c.jpg",924,630,false],"portraits":["https:\/\/arantv.az\/wp-content\/uploads\/2023\/06\/d00ba764-fb30-30bf-80e8-dcc06365243c.jpg",924,630,false],"thumbnail":["https:\/\/arantv.az\/wp-content\/uploads\/2023\/06\/d00ba764-fb30-30bf-80e8-dcc06365243c-500x280.jpg",500,280,true],"medium":["https:\/\/arantv.az\/wp-content\/uploads\/2023\/06\/d00ba764-fb30-30bf-80e8-dcc06365243c-535x365.jpg",535,365,true],"large":["https:\/\/arantv.az\/wp-content\/uploads\/2023\/06\/d00ba764-fb30-30bf-80e8-dcc06365243c-840x573.jpg",640,437,true],"1536x1536":["https:\/\/arantv.az\/wp-content\/uploads\/2023\/06\/d00ba764-fb30-30bf-80e8-dcc06365243c.jpg",924,630,false],"2048x2048":["https:\/\/arantv.az\/wp-content\/uploads\/2023\/06\/d00ba764-fb30-30bf-80e8-dcc06365243c.jpg",924,630,false],"post-thumbnail":["https:\/\/arantv.az\/wp-content\/uploads\/2023\/06\/d00ba764-fb30-30bf-80e8-dcc06365243c-240x172.jpg",240,172,true],"advps-thumb-one":["https:\/\/arantv.az\/wp-content\/uploads\/2023\/06\/d00ba764-fb30-30bf-80e8-dcc06365243c-924x620.jpg",924,620,true]},"rttpg_author":{"display_name":"V\u00fcsal Rafiqo\u011flu","author_link":"https:\/\/arantv.az\/?author=2"},"rttpg_comment":0,"rttpg_category":"<a href=\"https:\/\/arantv.az\/?cat=19\" rel=\"category\">G\u00fcnd\u0259m<\/a>","rttpg_excerpt":"&nbsp; Xalq d\u00f6vl\u0259t \u00fc\u00e7\u00fcn yox, d\u00f6vl\u0259t xalq \u00fc\u00e7\u00fcn olmal\u0131d\u0131r. \u00dcmummilli Lider: Heyd\u0259r \u018fliyev \u200b Az\u0259rbaycan tarixin\u0259 Milli Qurtulu\u015f G\u00fcn\u00fc kimi daxil olmu\u015f 1993-c\u00fc ilin 15 iyun g\u00fcn\u00fc xalq\u0131m\u0131z \u00fc\u00e7\u00fcn \u00e7ox \u0259zizdir. Bu tarixi yaradan is\u0259 Az\u0259rbaycan\u0131n inki\u015faf\u0131nda, m\u00fcst\u0259qilliyind\u0259\u200b m\u00fcst\u0259sna rol oynayan, daim xalq\u0131na arxalanan v\u0259 xalqa arxa-dayaq \u200b olan bir insan &#8211; Heyd\u0259r \u018fliyevdir. Bildiyimiz&hellip;","_links":{"self":[{"href":"https:\/\/arantv.az\/index.php?rest_route=\/wp\/v2\/posts\/608522"}],"collection":[{"href":"https:\/\/arantv.az\/index.php?rest_route=\/wp\/v2\/posts"}],"about":[{"href":"https:\/\/arantv.az\/index.php?rest_route=\/wp\/v2\/types\/post"}],"author":[{"embeddable":true,"href":"https:\/\/arantv.az\/index.php?rest_route=\/wp\/v2\/users\/2"}],"replies":[{"embeddable":true,"href":"https:\/\/arantv.az\/index.php?rest_route=%2Fwp%2Fv2%2Fcomments&post=608522"}],"version-history":[{"count":0,"href":"https:\/\/arantv.az\/index.php?rest_route=\/wp\/v2\/posts\/608522\/revisions"}],"wp:featuredmedia":[{"embeddable":true,"href":"https:\/\/arantv.az\/index.php?rest_route=\/wp\/v2\/media\/608523"}],"wp:attachment":[{"href":"https:\/\/arantv.az\/index.php?rest_route=%2Fwp%2Fv2%2Fmedia&parent=608522"}],"wp:term":[{"taxonomy":"category","embeddable":true,"href":"https:\/\/arantv.az\/index.php?rest_route=%2Fwp%2Fv2%2Fcategories&post=608522"},{"taxonomy":"post_tag","embeddable":true,"href":"https:\/\/arantv.az\/index.php?rest_route=%2Fwp%2Fv2%2Ftags&post=608522"}],"curies":[{"name":"wp","href":"https:\/\/api.w.org\/{rel}","templated":true}]}}