{"id":608581,"date":"2023-06-25T17:39:49","date_gmt":"2023-06-25T13:39:49","guid":{"rendered":"https:\/\/arantv.az\/?p=608581"},"modified":"2023-06-25T17:39:49","modified_gmt":"2023-06-25T13:39:49","slug":"s%c9%99rnisinl%c9%99rin-n%c9%99z%c9%99rin%c9%99-bu-nomr%c9%99li-avtobuslar-basqa-yollardan-kec%c9%99c%c9%99k","status":"publish","type":"post","link":"https:\/\/arantv.az\/?p=608581","title":{"rendered":"S\u0259rni\u015finl\u0259rin n\u0259z\u0259rin\u0259 &#8211; Bu n\u00f6mr\u0259li avtobuslar ba\u015fqa yollardan ke\u00e7\u0259c\u0259k"},"content":{"rendered":"<p>Bak\u0131da 4, 6, 10, 31, 77, 85, 88 n\u00f6mr\u0259li m\u00fcnt\u0259z\u0259m mar\u015frut x\u0259tl\u0259ri \u00fczr\u0259 avtobuslar\u0131n h\u0259r\u0259k\u0259t sxemi m\u00fcv\u0259qq\u0259ti d\u0259yi\u015fdiril\u0259c\u0259k.<\/p>\n<p>Bu bar\u0259d\u0259 Bak\u0131 N\u0259qliyyat Agentliyind\u0259n bildirilib.<\/p>\n<p>Bel\u0259 ki, bu g\u00fcn saat 23:00-dan iyunun 27-i saat 20:00-d\u0259k Bak\u0131 \u015f\u0259h\u0259ri, Yasamal rayonunun Mikay\u0131l M\u00fc\u015ffiq k\u00fc\u00e7\u0259sind\u0259 (Parlament prospektind\u0259n \u0130smay\u0131l b\u0259y Qutqa\u015f\u0131nl\u0131 k\u00fc\u00e7\u0259sin\u0259 q\u0259d\u0259r olan hiss\u0259) v\u0259 iyunun 26-\u0131 saat 23:00-dan iyunun 27-i saat 06:00-d\u0259k Azadl\u0131q prospektind\u0259 (N\u0259simi rayonu, Mixail Kavero\u00e7kin k\u00fc\u00e7\u0259sind\u0259n \u0130zz\u0259t H\u0259midov k\u00fc\u00e7\u0259sin\u0259 q\u0259d\u0259r olan hiss\u0259) yolun h\u0259r\u0259k\u0259t hiss\u0259sind\u0259 t\u0259mir-tikinti i\u015fl\u0259rinin apar\u0131lacaq v\u0259 yolda h\u0259r\u0259k\u0259t tam m\u0259hdudla\u015fd\u0131r\u0131lacaq.<\/p>\n<p>T\u0259tbiq edil\u0259n m\u0259hdudiyy\u0259t\u0259 uy\u011fun olaraq s\u00f6z\u00fcged\u0259n m\u00fcnt\u0259z\u0259m mar\u015frut x\u0259tl\u0259ri \u00fczr\u0259 avtobuslar\u0131n f\u0259aliyy\u0259ti alternativ k\u00fc\u00e7\u0259l\u0259rd\u0259n t\u0259\u015fkil edil\u0259c\u0259k.<\/p>\n","protected":false},"excerpt":{"rendered":"<p>Bak\u0131da 4, 6, 10, 31, 77, 85, 88 n\u00f6mr\u0259li m\u00fcnt\u0259z\u0259m mar\u015frut x\u0259tl\u0259ri \u00fczr\u0259 avtobuslar\u0131n h\u0259r\u0259k\u0259t sxemi m\u00fcv\u0259qq\u0259ti d\u0259yi\u015fdiril\u0259c\u0259k. Bu bar\u0259d\u0259 Bak\u0131 N\u0259qliyyat Agentliyind\u0259n bildirilib. Bel\u0259 ki, bu g\u00fcn saat 23:00-dan iyunun 27-i saat 20:00-d\u0259k Bak\u0131 \u015f\u0259h\u0259ri, Yasamal rayonunun Mikay\u0131l M\u00fc\u015ffiq k\u00fc\u00e7\u0259sind\u0259 (Parlament prospektind\u0259n \u0130smay\u0131l b\u0259y Qutqa\u015f\u0131nl\u0131 k\u00fc\u00e7\u0259sin\u0259 q\u0259d\u0259r olan hiss\u0259) v\u0259 iyunun 26-\u0131 saat 23:00-dan iyunun 27-i saat 06:00-d\u0259k Azadl\u0131q prospektind\u0259 (N\u0259simi rayonu, Mixail Kavero\u00e7kin k\u00fc\u00e7\u0259sind\u0259n \u0130zz\u0259t H\u0259midov k\u00fc\u00e7\u0259sin\u0259 q\u0259d\u0259r olan hiss\u0259) yolun h\u0259r\u0259k\u0259t hiss\u0259sind\u0259 t\u0259mir-tikinti i\u015fl\u0259rinin apar\u0131lacaq v\u0259 yolda h\u0259r\u0259k\u0259t tam m\u0259hdudla\u015fd\u0131r\u0131lacaq. T\u0259tbiq edil\u0259n m\u0259hdudiyy\u0259t\u0259 uy\u011fun olaraq s\u00f6z\u00fcged\u0259n m\u00fcnt\u0259z\u0259m&hellip;<\/p>\n","protected":false},"author":2,"featured_media":608587,"comment_status":"closed","ping_status":"closed","sticky":false,"template":"","format":"standard","meta":{"om_disable_all_campaigns":false,"_monsterinsights_skip_tracking":false,"_monsterinsights_sitenote_active":false,"_monsterinsights_sitenote_note":"","_monsterinsights_sitenote_category":0},"categories":[19],"tags":[],"aioseo_notices":[],"gutentor_comment":0,"rttpg_featured_image_url":{"full":["https:\/\/arantv.az\/wp-content\/uploads\/2023\/06\/avtobus_bakubus_baki.jpg",800,600,false],"landscape":["https:\/\/arantv.az\/wp-content\/uploads\/2023\/06\/avtobus_bakubus_baki.jpg",800,600,false],"portraits":["https:\/\/arantv.az\/wp-content\/uploads\/2023\/06\/avtobus_bakubus_baki.jpg",800,600,false],"thumbnail":["https:\/\/arantv.az\/wp-content\/uploads\/2023\/06\/avtobus_bakubus_baki-500x280.jpg",500,280,true],"medium":["https:\/\/arantv.az\/wp-content\/uploads\/2023\/06\/avtobus_bakubus_baki-487x365.jpg",487,365,true],"large":["https:\/\/arantv.az\/wp-content\/uploads\/2023\/06\/avtobus_bakubus_baki.jpg",640,480,false],"1536x1536":["https:\/\/arantv.az\/wp-content\/uploads\/2023\/06\/avtobus_bakubus_baki.jpg",800,600,false],"2048x2048":["https:\/\/arantv.az\/wp-content\/uploads\/2023\/06\/avtobus_bakubus_baki.jpg",800,600,false],"post-thumbnail":["https:\/\/arantv.az\/wp-content\/uploads\/2023\/06\/avtobus_bakubus_baki-240x172.jpg",240,172,true],"advps-thumb-one":["https:\/\/arantv.az\/wp-content\/uploads\/2023\/06\/avtobus_bakubus_baki.jpg",800,600,false]},"rttpg_author":{"display_name":"V\u00fcsal Rafiqo\u011flu","author_link":"https:\/\/arantv.az\/?author=2"},"rttpg_comment":0,"rttpg_category":"<a href=\"https:\/\/arantv.az\/?cat=19\" rel=\"category\">G\u00fcnd\u0259m<\/a>","rttpg_excerpt":"Bak\u0131da 4, 6, 10, 31, 77, 85, 88 n\u00f6mr\u0259li m\u00fcnt\u0259z\u0259m mar\u015frut x\u0259tl\u0259ri \u00fczr\u0259 avtobuslar\u0131n h\u0259r\u0259k\u0259t sxemi m\u00fcv\u0259qq\u0259ti d\u0259yi\u015fdiril\u0259c\u0259k. Bu bar\u0259d\u0259 Bak\u0131 N\u0259qliyyat Agentliyind\u0259n bildirilib. Bel\u0259 ki, bu g\u00fcn saat 23:00-dan iyunun 27-i saat 20:00-d\u0259k Bak\u0131 \u015f\u0259h\u0259ri, Yasamal rayonunun Mikay\u0131l M\u00fc\u015ffiq k\u00fc\u00e7\u0259sind\u0259 (Parlament prospektind\u0259n \u0130smay\u0131l b\u0259y Qutqa\u015f\u0131nl\u0131 k\u00fc\u00e7\u0259sin\u0259 q\u0259d\u0259r olan hiss\u0259) v\u0259 iyunun 26-\u0131 saat 23:00-dan&hellip;","_links":{"self":[{"href":"https:\/\/arantv.az\/index.php?rest_route=\/wp\/v2\/posts\/608581"}],"collection":[{"href":"https:\/\/arantv.az\/index.php?rest_route=\/wp\/v2\/posts"}],"about":[{"href":"https:\/\/arantv.az\/index.php?rest_route=\/wp\/v2\/types\/post"}],"author":[{"embeddable":true,"href":"https:\/\/arantv.az\/index.php?rest_route=\/wp\/v2\/users\/2"}],"replies":[{"embeddable":true,"href":"https:\/\/arantv.az\/index.php?rest_route=%2Fwp%2Fv2%2Fcomments&post=608581"}],"version-history":[{"count":0,"href":"https:\/\/arantv.az\/index.php?rest_route=\/wp\/v2\/posts\/608581\/revisions"}],"wp:featuredmedia":[{"embeddable":true,"href":"https:\/\/arantv.az\/index.php?rest_route=\/wp\/v2\/media\/608587"}],"wp:attachment":[{"href":"https:\/\/arantv.az\/index.php?rest_route=%2Fwp%2Fv2%2Fmedia&parent=608581"}],"wp:term":[{"taxonomy":"category","embeddable":true,"href":"https:\/\/arantv.az\/index.php?rest_route=%2Fwp%2Fv2%2Fcategories&post=608581"},{"taxonomy":"post_tag","embeddable":true,"href":"https:\/\/arantv.az\/index.php?rest_route=%2Fwp%2Fv2%2Ftags&post=608581"}],"curies":[{"name":"wp","href":"https:\/\/api.w.org\/{rel}","templated":true}]}}