{"id":608589,"date":"2023-06-25T17:41:13","date_gmt":"2023-06-25T13:41:13","guid":{"rendered":"https:\/\/arantv.az\/?p=608589"},"modified":"2023-06-25T17:41:13","modified_gmt":"2023-06-25T13:41:13","slug":"artiq-od%c9%99nilmis-%c9%99m%c9%99k-pensiyasinin-tutulmasi-qaydasi-mu%c9%99yy%c9%99nl%c9%99sdi","status":"publish","type":"post","link":"https:\/\/arantv.az\/?p=608589","title":{"rendered":"Art\u0131q \u00f6d\u0259nilmi\u015f \u0259m\u0259k pensiyas\u0131n\u0131n tutulmas\u0131 qaydas\u0131 m\u00fc\u0259yy\u0259nl\u0259\u015fdi"},"content":{"rendered":"<p>Nazirl\u0259r Kabineti &#8220;\u018fm\u0259k pensiyalar\u0131n\u0131n t\u0259yin edilm\u0259si, hesablanmas\u0131, yenid\u0259n hesablanmas\u0131, bir n\u00f6vd\u0259n ba\u015fqa n\u00f6v\u0259 ke\u00e7irilm\u0259si v\u0259 \u00f6d\u0259nilm\u0259si Qaydas\u0131&#8221;nda d\u0259yi\u015fiklik edib.<\/p>\n<p>D\u0259yi\u015fikliy\u0259 \u0259sas\u0259n, \u0259m\u0259k pensiyas\u0131n\u0131n v\u0259 \u0259m\u0259k pensiyas\u0131na \u0259lav\u0259nin art\u0131q \u00f6d\u0259nilmi\u015f m\u0259bl\u0259\u011fi art\u0131q \u00f6d\u0259m\u0259nin a\u015fkar olundu\u011fu tarixd\u0259n \u0259m\u0259k pensiya\u00e7\u0131s\u0131ndan son \u00fc\u00e7 il \u00fc\u00e7\u00fcn hesablanaraq tutulacaq.<\/p>\n<p>Bu Q\u0259rar 2023-c\u00fc il yanvar\u0131n 1-d\u0259n t\u0259tbiq edilir.<\/p>\n<p>Qeyd ed\u0259k ki, &#8220;\u018fm\u0259k pensiyalar\u0131n\u0131n t\u0259yin edilm\u0259si, hesablanmas\u0131, yenid\u0259n hesablanmas\u0131, bir n\u00f6vd\u0259n ba\u015fqa n\u00f6v\u0259 ke\u00e7irilm\u0259si v\u0259 \u00f6d\u0259nilm\u0259si Qaydas\u0131&#8221;nda d\u0259yi\u015fiklik &#8220;\u018fm\u0259k pensiyalar\u0131 haqq\u0131nda&#8221; Az\u0259rbaycan Respublikas\u0131n\u0131n Qanununda d\u0259yi\u015fiklik edilm\u0259si bar\u0259d\u0259&#8221; Az\u0259rbaycan Respublikas\u0131n\u0131n 2022-ci il 30 dekabr tarixli 793-VIQD n\u00f6mr\u0259li Qanununun icras\u0131n\u0131 t\u0259min etm\u0259k m\u0259qs\u0259dil\u0259 q\u0259bul edilib.<\/p>\n","protected":false},"excerpt":{"rendered":"<p>Nazirl\u0259r Kabineti &#8220;\u018fm\u0259k pensiyalar\u0131n\u0131n t\u0259yin edilm\u0259si, hesablanmas\u0131, yenid\u0259n hesablanmas\u0131, bir n\u00f6vd\u0259n ba\u015fqa n\u00f6v\u0259 ke\u00e7irilm\u0259si v\u0259 \u00f6d\u0259nilm\u0259si Qaydas\u0131&#8221;nda d\u0259yi\u015fiklik edib. D\u0259yi\u015fikliy\u0259 \u0259sas\u0259n, \u0259m\u0259k pensiyas\u0131n\u0131n v\u0259 \u0259m\u0259k pensiyas\u0131na \u0259lav\u0259nin art\u0131q \u00f6d\u0259nilmi\u015f m\u0259bl\u0259\u011fi art\u0131q \u00f6d\u0259m\u0259nin a\u015fkar olundu\u011fu tarixd\u0259n \u0259m\u0259k pensiya\u00e7\u0131s\u0131ndan son \u00fc\u00e7 il \u00fc\u00e7\u00fcn hesablanaraq tutulacaq. Bu Q\u0259rar 2023-c\u00fc il yanvar\u0131n 1-d\u0259n t\u0259tbiq edilir. Qeyd ed\u0259k ki, &#8220;\u018fm\u0259k pensiyalar\u0131n\u0131n t\u0259yin edilm\u0259si, hesablanmas\u0131, yenid\u0259n hesablanmas\u0131, bir n\u00f6vd\u0259n ba\u015fqa n\u00f6v\u0259 ke\u00e7irilm\u0259si v\u0259 \u00f6d\u0259nilm\u0259si Qaydas\u0131&#8221;nda d\u0259yi\u015fiklik &#8220;\u018fm\u0259k pensiyalar\u0131 haqq\u0131nda&#8221; Az\u0259rbaycan Respublikas\u0131n\u0131n Qanununda d\u0259yi\u015fiklik edilm\u0259si bar\u0259d\u0259&#8221; Az\u0259rbaycan Respublikas\u0131n\u0131n 2022-ci il 30 dekabr tarixli 793-VIQD n\u00f6mr\u0259li Qanununun icras\u0131n\u0131&hellip;<\/p>\n","protected":false},"author":2,"featured_media":608591,"comment_status":"closed","ping_status":"closed","sticky":false,"template":"","format":"standard","meta":{"om_disable_all_campaigns":false,"_monsterinsights_skip_tracking":false,"_monsterinsights_sitenote_active":false,"_monsterinsights_sitenote_note":"","_monsterinsights_sitenote_category":0},"categories":[26],"tags":[],"aioseo_notices":[],"gutentor_comment":0,"rttpg_featured_image_url":{"full":["https:\/\/arantv.az\/wp-content\/uploads\/2023\/06\/maas_pul_manat.png",647,428,false],"landscape":["https:\/\/arantv.az\/wp-content\/uploads\/2023\/06\/maas_pul_manat.png",647,428,false],"portraits":["https:\/\/arantv.az\/wp-content\/uploads\/2023\/06\/maas_pul_manat.png",647,428,false],"thumbnail":["https:\/\/arantv.az\/wp-content\/uploads\/2023\/06\/maas_pul_manat-500x280.png",500,280,true],"medium":["https:\/\/arantv.az\/wp-content\/uploads\/2023\/06\/maas_pul_manat-552x365.png",552,365,true],"large":["https:\/\/arantv.az\/wp-content\/uploads\/2023\/06\/maas_pul_manat.png",640,423,false],"1536x1536":["https:\/\/arantv.az\/wp-content\/uploads\/2023\/06\/maas_pul_manat.png",647,428,false],"2048x2048":["https:\/\/arantv.az\/wp-content\/uploads\/2023\/06\/maas_pul_manat.png",647,428,false],"post-thumbnail":["https:\/\/arantv.az\/wp-content\/uploads\/2023\/06\/maas_pul_manat-240x172.png",240,172,true],"advps-thumb-one":["https:\/\/arantv.az\/wp-content\/uploads\/2023\/06\/maas_pul_manat.png",647,428,false]},"rttpg_author":{"display_name":"V\u00fcsal Rafiqo\u011flu","author_link":"https:\/\/arantv.az\/?author=2"},"rttpg_comment":0,"rttpg_category":"<a href=\"https:\/\/arantv.az\/?cat=26\" rel=\"category\">Sosial<\/a>","rttpg_excerpt":"Nazirl\u0259r Kabineti &#8220;\u018fm\u0259k pensiyalar\u0131n\u0131n t\u0259yin edilm\u0259si, hesablanmas\u0131, yenid\u0259n hesablanmas\u0131, bir n\u00f6vd\u0259n ba\u015fqa n\u00f6v\u0259 ke\u00e7irilm\u0259si v\u0259 \u00f6d\u0259nilm\u0259si Qaydas\u0131&#8221;nda d\u0259yi\u015fiklik edib. D\u0259yi\u015fikliy\u0259 \u0259sas\u0259n, \u0259m\u0259k pensiyas\u0131n\u0131n v\u0259 \u0259m\u0259k pensiyas\u0131na \u0259lav\u0259nin art\u0131q \u00f6d\u0259nilmi\u015f m\u0259bl\u0259\u011fi art\u0131q \u00f6d\u0259m\u0259nin a\u015fkar olundu\u011fu tarixd\u0259n \u0259m\u0259k pensiya\u00e7\u0131s\u0131ndan son \u00fc\u00e7 il \u00fc\u00e7\u00fcn hesablanaraq tutulacaq. Bu Q\u0259rar 2023-c\u00fc il yanvar\u0131n 1-d\u0259n t\u0259tbiq edilir. Qeyd ed\u0259k ki, &#8220;\u018fm\u0259k&hellip;","_links":{"self":[{"href":"https:\/\/arantv.az\/index.php?rest_route=\/wp\/v2\/posts\/608589"}],"collection":[{"href":"https:\/\/arantv.az\/index.php?rest_route=\/wp\/v2\/posts"}],"about":[{"href":"https:\/\/arantv.az\/index.php?rest_route=\/wp\/v2\/types\/post"}],"author":[{"embeddable":true,"href":"https:\/\/arantv.az\/index.php?rest_route=\/wp\/v2\/users\/2"}],"replies":[{"embeddable":true,"href":"https:\/\/arantv.az\/index.php?rest_route=%2Fwp%2Fv2%2Fcomments&post=608589"}],"version-history":[{"count":0,"href":"https:\/\/arantv.az\/index.php?rest_route=\/wp\/v2\/posts\/608589\/revisions"}],"wp:featuredmedia":[{"embeddable":true,"href":"https:\/\/arantv.az\/index.php?rest_route=\/wp\/v2\/media\/608591"}],"wp:attachment":[{"href":"https:\/\/arantv.az\/index.php?rest_route=%2Fwp%2Fv2%2Fmedia&parent=608589"}],"wp:term":[{"taxonomy":"category","embeddable":true,"href":"https:\/\/arantv.az\/index.php?rest_route=%2Fwp%2Fv2%2Fcategories&post=608589"},{"taxonomy":"post_tag","embeddable":true,"href":"https:\/\/arantv.az\/index.php?rest_route=%2Fwp%2Fv2%2Ftags&post=608589"}],"curies":[{"name":"wp","href":"https:\/\/api.w.org\/{rel}","templated":true}]}}