{"id":608596,"date":"2023-06-25T17:42:56","date_gmt":"2023-06-25T13:42:56","guid":{"rendered":"https:\/\/arantv.az\/?p=608596"},"modified":"2023-06-25T17:42:56","modified_gmt":"2023-06-25T13:42:56","slug":"x%c9%99tai-rayonunda-silahli-quvv%c9%99l%c9%99r-gunun%c9%99-h%c9%99sr-olunan-t%c9%99dbir-kecirildi-foto","status":"publish","type":"post","link":"https:\/\/arantv.az\/?p=608596","title":{"rendered":"X\u0259tai rayonunda Silahl\u0131 Q\u00fcvv\u0259l\u0259r G\u00fcn\u00fcn\u0259 h\u0259sr olunan t\u0259dbir ke\u00e7irildi &#8211; FOTO"},"content":{"rendered":"<div class=\"text-content\" data-id=\"\" data-url=\"\">\n<p>\u0130yunun 25-d\u0259 X\u0259tai Rayon \u0130cra Hakimiyy\u0259tinin v\u0259 Yeni Az\u0259rbaycan Partiyas\u0131 (YAP) X\u0259tai rayon t\u0259\u015fkilat\u0131n\u0131n birg\u0259 t\u0259\u015fkilat\u00e7\u0131l\u0131\u011f\u0131 il\u0259 26 \u0130yun-Az\u0259rbaycan Silahl\u0131 Q\u00fcvv\u0259l\u0259ri G\u00fcn\u00fcn\u0259 h\u0259sr edilmi\u015f t\u0259dbir ke\u00e7irildi.<\/p>\n<p>M\u00fcasir m\u00fcst\u0259qil Az\u0259rbaycan d\u00f6vl\u0259tinin qurucusu, Ulu \u00d6nd\u0259r Heyd\u0259r \u018fliyevin v\u0259 torpaqlar\u0131m\u0131z\u0131n azadl\u0131\u011f\u0131 u\u011frunda d\u00f6y\u00fc\u015fl\u0259rd\u0259 \u015f\u0259hidlik zirv\u0259sin\u0259 ucalan V\u0259t\u0259n o\u011fullar\u0131n\u0131n xatir\u0259si bir d\u0259qiq\u0259lik s\u00fckutla yad edildi.<\/p>\n<p>T\u0259dbiri giri\u015f s\u00f6z\u00fc il\u0259 a\u00e7an YAP X\u0259tai rayon t\u0259\u015fkiat\u0131n\u0131n s\u0259dri V\u00fcqar R\u0259himzad\u0259 bildirdi ki, r\u0259\u015fad\u0259tli Az\u0259rbaycan Ordusu 105 ya\u015f\u0131n\u0131 qeyd edir. 105 ild\u0259 ke\u00e7il\u0259n yolun t\u0259hlilinin \u00fcmumil\u0259\u015fdirilmi\u015f ifad\u0259si tarixi Z\u0259f\u0259rimizdir. Art\u0131q \u00fc\u00e7\u00fcnc\u00fc ildir ki, tarixi g\u00fcnl\u0259rimizi, bayramlar\u0131 Z\u0259f\u0259r ruhunda qeyd edirik. Az\u0259rbaycan \u0259sg\u0259ri v\u0259 zabiti bu g\u00fcn\u00fc iki qat bayram edir. Bu bax\u0131mdan ki, 30 illik i\u015f\u011fala son qoyan r\u0259\u015fqad\u0259tli ordumuz xalq\u0131m\u0131za Z\u0259f\u0259r sevincini ya\u015fatd\u0131\u011f\u0131, soyda\u015flar\u0131m\u0131z\u0131n torpaq h\u0259sr\u0259tin\u0259 son qoydu\u011fu \u00fc\u00e7\u00fcn q\u00fcrurludur. Milli Ordumuzun h\u0259rb tarixin\u0259 yazd\u0131\u011f\u0131 Z\u0259f\u0259r s\u0259hif\u0259si fa\u015fist xisl\u0259tli erm\u0259nil\u0259rin son iki \u0259srd\u0259 az\u0259rbaycanl\u0131lara qar\u015f\u0131 apard\u0131qlar\u0131 soyq\u0131r\u0131mlara, siyasi, h\u0259rbi terrorlara cavab oldu. D\u00fc\u015fm\u0259n \u00fcz\u0259rind\u0259 Q\u0259l\u0259b\u0259mizin m\u00fcjd\u0259si olan \u015eu\u015fan\u0131n i\u015f\u011faldan azad olunmas\u0131 Az\u0259rbaycan Ordusunun yenilm\u0259zliyini b\u00fct\u00fcn d\u00fcnyaya b\u0259yan etdi. Bu Q\u0259l\u0259b\u0259 xalq\u0131m\u0131z\u0131n M\u00fcz\u0259ff\u0259r S\u0259rk\u0259rd\u0259si, Prezident \u0130lham \u018fliyevin \u0259traf\u0131nda d\u0259mir yumruq kimi birl\u0259\u015fm\u0259sinin ifad\u0259si idi. Az\u0259rbaycan Silahl\u0131 Q\u00fcvv\u0259l\u0259rinin d\u00fcnyan\u0131n \u0259n g\u00fcclu ordular\u0131 s\u0131ras\u0131nda q\u0259rarla\u015fmas\u0131 h\u0259m d\u0259 iqtisadi q\u00fcdr\u0259timizin g\u00f6st\u0259ricisidir. T\u0259sad\u00fcfi deyil ki, ordumuzun 44 g\u00fcnl\u00fck \u0130kinci Qaraba\u011f m\u00fcharib\u0259sind\u0259 apard\u0131\u011f\u0131 d\u00f6y\u00fc\u015f \u0259m\u0259liyyatlar\u0131 beyn\u0259lxalq s\u0259viyy\u0259d\u0259 diqq\u0259tl\u0259 ara\u015fd\u0131r\u0131l\u0131r, m\u00fcharib\u0259 taktikam\u0131z \u00f6yr\u0259nilir.<\/p>\n<p>V\u00fcqar R\u0259himzad\u0259 qeyd etdi ki, Az\u0259rbaycanda ordu quruculu\u011fu istiqam\u0259tind\u0259 apar\u0131lan islahatlar\u0131n m\u0259ntiqi n\u0259tic\u0259si beyn\u0259lxalq t\u0259\u015fkilatlar\u0131n a\u00e7\u0131qlad\u0131\u011f\u0131 statistik r\u0259q\u0259ml\u0259rl\u0259 d\u0259 ifad\u0259 olunur. Az\u0259rbaycan Ordusunun g\u00fcc\u00fc, q\u00fcdr\u0259ti etiraf edilir. Ordumuz d\u00fcnyan\u0131n \u0259n g\u00fccl\u00fc 50 ordusu s\u0131ras\u0131nda q\u0259rarla\u015f\u0131r. Az\u0259rbaycan\u0131n tarixi Z\u0259f\u0259rinin d\u00fcnyaya t\u0259qdimat\u0131nda \u0259h\u0259miyy\u0259tli rol oynayan Z\u0259f\u0259r parad\u0131, onun ard\u0131nca d\u00f6vl\u0259t ba\u015f\u00e7\u0131s\u0131 \u0130lham \u018fliyevin t\u0259\u015f\u0259bb\u00fcs\u00fc il\u0259 a\u00e7\u0131q s\u0259ma alt\u0131nda sal\u0131nan H\u0259rbi Q\u0259nim\u0259tl\u0259r Park\u0131 Az\u0259rbaycan Ordusunun g\u00fcc\u00fcn\u00fcn, imkanlar\u0131n\u0131n t\u0259qdimat\u0131 oldu.<\/p>\n<p>YAP X\u0259tai rayon t\u0259\u015fkilat\u0131n\u0131n s\u0259dri bildirdi ki, Ulu \u00d6nd\u0259r Heyd\u0259r \u018fliyevin orduya diqq\u0259t v\u0259 qay\u011f\u0131s\u0131n\u0131n bariz n\u00fcmun\u0259si 22 may 1998-ci il tarixli F\u0259rman\u0131na \u0259sas\u0259n, \u018flahidd\u0259 Az\u0259rbaycan Korpusunun yarand\u0131\u011f\u0131 g\u00fcn\u00fcn- 26 iyun tarixinin Az\u0259rbaycan Respublikas\u0131n\u0131n Silahl\u0131 Q\u00fcvv\u0259l\u0259r G\u00fcn\u00fc elan olunmas\u0131 v\u0259 h\u0259r il bu tarixin r\u0259smi d\u00f6vl\u0259t bayram\u0131 kimi qeyd edilm\u0259sidir. \u00dcmummilli Lider h\u0259rbi t\u0259hsil sisteminin daha da inki\u015faf etdirilm\u0259si m\u0259qs\u0259di il\u0259 H\u0259rbi Akademiyan\u0131n yarad\u0131lmas\u0131 haqq\u0131nda F\u0259rman imzalam\u0131\u015fd\u0131r. Bu m\u00fch\u00fcm m\u0259qam\u0131 da qeyd ed\u0259k ki, h\u0259l\u0259 sovet d\u00f6vr\u00fcnd\u0259 C\u0259m\u015fid Nax\u00e7\u0131vanski ad\u0131na h\u0259rbi m\u0259kt\u0259bin yarad\u0131lmas\u0131 m\u0259hz bu m\u0259qs\u0259di g\u00fcd\u00fcrd\u00fc ki, Az\u0259rbaycanda pe\u015f\u0259kar zabit t\u0259b\u0259q\u0259si yarans\u0131n. \u00dcmummilli Liderin siyasi kursunu u\u011furla davam etdir\u0259n Prezident \u0130lham \u018fliyevin ordu quruculu\u011funa, h\u0259rbi qulluq\u00e7ulara diqq\u0259t v\u0259 qay\u011f\u0131s\u0131 davaml\u0131l\u0131\u011f\u0131 il\u0259 diqq\u0259td\u0259dir. C\u0259nab \u0130lham \u018fliyevin 25 iyun 2023-c\u00fc il tarixli \u201cAz\u0259rbaycan Respublikas\u0131 M\u00fcdafi\u0259 Nazirliyinin h\u0259rbi qulluq\u00e7ular\u0131na \u201cgeneral-mayor\u201d ali h\u0259rbi r\u00fctb\u0259sinin verilm\u0259si haqq\u0131nda\u201d, \u201cAz\u0259rbaycan Respublikas\u0131 M\u00fcdafi\u0259 Nazirliyinin h\u0259rbi qulluq\u00e7ular\u0131n\u0131n t\u0259ltif edilm\u0259si haqq\u0131nda\u201d s\u0259r\u0259ncamlar\u0131 da bir daha bunun bariz n\u00fcmun\u0259sidir.<\/p>\n<p>X\u0259tai Rayon \u0130cra Hakimiyy\u0259tinin V\u0259t\u0259n m\u00fcharib\u0259si i\u015ftirak\u00e7\u0131lar\u0131 v\u0259 \u015f\u0259hid ail\u0259l\u0259ri il\u0259 i\u015fin t\u0259\u015fkili \u015f\u00f6b\u0259sinin m\u00fcdiri Anar M\u0259mm\u0259dov Az\u0259rbaycan Ordusunun ke\u00e7diyi inki\u015faf yolundan, m\u00fcst\u0259qilliyimizin b\u0259rpas\u0131n\u0131n ilk ill\u0259rind\u0259 Silahl\u0131 Q\u00fcvv\u0259l\u0259rin torpaqlar\u0131m\u0131z\u0131n deyil, ayr\u0131-ayr\u0131 qruplar\u0131n maraqlar\u0131n\u0131n m\u00fcdafi\u0259sin\u0259 xidm\u0259t etm\u0259sind\u0259n b\u0259hs etdi. Bildirdi ki, \u00dcmummilli Lider Heyd\u0259r \u018fliyev h\u0259l\u0259 hakimiyy\u0259tinin birinci d\u00f6vr\u00fcnd\u0259 Az\u0259rbayca\u0131n m\u00fcst\u0259qil g\u0259l\u0259c\u0259yini d\u00fc\u015f\u00fcn\u0259r\u0259k h\u0259rbi kadrlar\u0131n haz\u0131rlanmas\u0131 \u00fc\u00e7\u00fcn m\u00fch\u00fcm add\u0131mlar atm\u0131\u015f, C\u0259m\u015fid Nax\u00e7\u0131vanski ad\u0131na h\u0259rbi m\u0259kt\u0259bi yaratm\u0131\u015fd\u0131r. Ulu \u00d6nd\u0259r 1993-c\u00fc ild\u0259 xalq\u0131n t\u0259kidli t\u0259l\u0259bi il\u0259 hakimiyy\u0259t\u0259 qay\u0131td\u0131qdan sonra ordu quruculu\u011fu sah\u0259sind\u0259 at\u0131lan add\u0131mlar Az\u0259rbaycan\u0131n beyn\u0259lxalq standartlara cavab ver\u0259n Silahl\u0131 Q\u00fcvv\u0259l\u0259rinin formala\u015fmas\u0131na imkanlar yaratd\u0131. Nizami ordu formala\u015fd\u0131r\u0131ld\u0131, \u0259sg\u0259r v\u0259 zabitl\u0259rimizin d\u00f6y\u00fc\u015f ruhu art\u0131r\u0131ld\u0131.<\/p>\n<p>Anar M\u0259mm\u0259dov g\u00f6r\u00fcl\u0259n i\u015fl\u0259rin zirv\u0259sind\u0259 dayanan tarixi Z\u0259f\u0259rimizin Az\u0259rbaycan\u0131n d\u00fcnyaya t\u0259qdimat\u0131nda oynad\u0131\u011f\u0131 rola diqq\u0259ti y\u00f6n\u0259ld\u0259r\u0259k bildirdi ki, bu g\u00fcn qailb \u00f6lk\u0259 Az\u0259rbaycand\u0131r, g\u00fccl\u00fc ordu Az\u0259rbaycan Ordusudur, yenilm\u0259z, m\u0259\u011frur xalq Az\u0259rbaycan xalq\u0131d\u0131r. M\u00f6ht\u0259\u015f\u0259m Q\u0259l\u0259b\u0259miz Erm\u0259nistan\u0131n uzun ill\u0259r \u0259rzind\u0259 yaratd\u0131\u011f\u0131 mifl\u0259ri da\u011f\u0131td\u0131. D\u00fcnya ordumuzun imkanlar\u0131n\u0131n \u015fahidin\u0259 \u00e7evrildi. Az\u0259rbaycan\u0131n bug\u00fcn\u00fcn\u0259 v\u0259 g\u0259l\u0259c\u0259k yoluna daim i\u015f\u0131q salan, Z\u0259f\u0259r tariximizin unudulmaz q\u0259hr\u0259manlar\u0131n\u0131 bir daha d\u0259rin ehtiramla yad edir, \u015f\u0259hidl\u0259rin h\u0259r birinin ruhu qar\u015f\u0131s\u0131nda ba\u015f \u0259yirik.<\/p>\n<p>Qazil\u0259rd\u0259n Tariyel \u015e\u0131xbalayev, Teymur M\u0259likov, Orxan \u0130manov v\u0259 A\u015f\u0131r G\u00fclg\u0259zov \u00e7\u0131x\u0131\u015f ed\u0259r\u0259k bildirdil\u0259r ki, torpaq, \u0259g\u0259r u\u011frunda \u00f6l\u0259n varsa, V\u0259t\u0259ndir. Az\u0259raycan Ordusu M\u00fcz\u0259ff\u0259r Ali Ba\u015f Komandan\u0131n daim \u00abH\u00fccum!\u00bb \u0259mrini g\u00f6zl\u0259yirdi v\u0259 h\u0259min an 2020-ci ild\u0259 yeti\u015fdi. \u201cV\u0259t\u0259n bizi \u00e7a\u011f\u0131r\u0131r\u201d k\u0259lm\u0259l\u0259ri il\u0259 c\u0259bh\u0259y\u0259 k\u00f6n\u00fcll\u00fc yollanan V\u0259t\u0259n o\u011fullar\u0131n\u0131n \u00fczl\u0259rind\u0259 sevinc, g\u00f6zl\u0259rind\u0259 qisas hissi var idi. Yurdu ya\u015fatmaq \u00fc\u00e7\u00fcn Az\u0259rbaycan o\u011fullar\u0131 V\u0259t\u0259n borcunu verm\u0259y\u0259 nec\u0259 haz\u0131r olduqlar\u0131n\u0131 44 g\u00fcn \u0259rzind\u0259 n\u00fcmayi\u015f etdirdil\u0259r. H\u0259min g\u00fcnl\u0259rd\u0259 d\u00f6y\u00fc\u015f meydan\u0131nda vuru\u015fanlar da, arxa c\u0259bh\u0259d\u0259 \u00e7al\u0131\u015fanlar da, bir s\u00f6zl\u0259, h\u0259r k\u0259s bir h\u0259d\u0259f\u0259 vururdu. Prezident-Ordu-Xalq birliyi V\u0259t\u0259n m\u00fcharib\u0259sind\u0259 tarixi Q\u0259l\u0259b\u0259mizi \u015f\u0259rtl\u0259ndir\u0259n \u0259n ba\u015fl\u0131ca amil oldu.<\/p>\n<p>Sonda Yeni Az\u0259rbaycan Partiyas\u0131n\u0131n s\u0131ralar\u0131na daxil olan qazil\u0259rimiz\u0259 partiyan\u0131n \u00fczvl\u00fck v\u0259siq\u0259si t\u0259qdim edildi.<\/p>\n<p>&nbsp;<\/p>\n<\/div>\n<div>\n<div class=\"form-group\"><img class=\"img-responsive\" src=\"https:\/\/cdn.musavat.com\/news\/images\/ali\/-6e4621af168769776438925269411027754.jpg\" \/><\/div>\n<div class=\"form-group\"><img class=\"img-responsive\" src=\"https:\/\/cdn.musavat.com\/news\/images\/ali\/-8e77b37616876977647944472531006910.jpg\" \/><\/div>\n<div class=\"form-group\"><img class=\"img-responsive\" src=\"https:\/\/cdn.musavat.com\/news\/images\/ali\/-a8240cb8168769776483488616011021171.jpg\" \/><\/div>\n<div class=\"form-group\"><img class=\"img-responsive\" src=\"https:\/\/cdn.musavat.com\/news\/images\/ali\/-ad06720216876977644112728811110292.jpg\" \/><\/div>\n<div class=\"form-group\"><img class=\"img-responsive\" src=\"https:\/\/cdn.musavat.com\/news\/images\/ali\/-e8d92f99168769776428213176410331397.jpg\" \/><\/div>\n<\/div>\n<div class=\"inner-social-box\">\n<div class=\"subs-in-social subs-instagram\"><\/div>\n<\/div>\n","protected":false},"excerpt":{"rendered":"<p>\u0130yunun 25-d\u0259 X\u0259tai Rayon \u0130cra Hakimiyy\u0259tinin v\u0259 Yeni Az\u0259rbaycan Partiyas\u0131 (YAP) X\u0259tai rayon t\u0259\u015fkilat\u0131n\u0131n birg\u0259 t\u0259\u015fkilat\u00e7\u0131l\u0131\u011f\u0131 il\u0259 26 \u0130yun-Az\u0259rbaycan Silahl\u0131 Q\u00fcvv\u0259l\u0259ri G\u00fcn\u00fcn\u0259 h\u0259sr edilmi\u015f t\u0259dbir ke\u00e7irildi. M\u00fcasir m\u00fcst\u0259qil Az\u0259rbaycan d\u00f6vl\u0259tinin qurucusu, Ulu \u00d6nd\u0259r Heyd\u0259r \u018fliyevin v\u0259 torpaqlar\u0131m\u0131z\u0131n azadl\u0131\u011f\u0131 u\u011frunda d\u00f6y\u00fc\u015fl\u0259rd\u0259 \u015f\u0259hidlik zirv\u0259sin\u0259 ucalan V\u0259t\u0259n o\u011fullar\u0131n\u0131n xatir\u0259si bir d\u0259qiq\u0259lik s\u00fckutla yad edildi. T\u0259dbiri giri\u015f s\u00f6z\u00fc il\u0259 a\u00e7an YAP X\u0259tai rayon t\u0259\u015fkiat\u0131n\u0131n s\u0259dri V\u00fcqar R\u0259himzad\u0259 bildirdi ki, r\u0259\u015fad\u0259tli Az\u0259rbaycan Ordusu 105 ya\u015f\u0131n\u0131 qeyd edir. 105 ild\u0259 ke\u00e7il\u0259n yolun t\u0259hlilinin \u00fcmumil\u0259\u015fdirilmi\u015f ifad\u0259si tarixi Z\u0259f\u0259rimizdir. Art\u0131q \u00fc\u00e7\u00fcnc\u00fc ildir ki, tarixi g\u00fcnl\u0259rimizi, bayramlar\u0131 Z\u0259f\u0259r ruhunda&hellip;<\/p>\n","protected":false},"author":2,"featured_media":608597,"comment_status":"closed","ping_status":"closed","sticky":false,"template":"","format":"standard","meta":{"om_disable_all_campaigns":false,"_monsterinsights_skip_tracking":false,"_monsterinsights_sitenote_active":false,"_monsterinsights_sitenote_note":"","_monsterinsights_sitenote_category":0},"categories":[19],"tags":[],"aioseo_notices":[],"gutentor_comment":0,"rttpg_featured_image_url":{"full":["https:\/\/arantv.az\/wp-content\/uploads\/2023\/06\/8b4527d49184d571639a932e79688f6a.jpg",870,500,false],"landscape":["https:\/\/arantv.az\/wp-content\/uploads\/2023\/06\/8b4527d49184d571639a932e79688f6a.jpg",870,500,false],"portraits":["https:\/\/arantv.az\/wp-content\/uploads\/2023\/06\/8b4527d49184d571639a932e79688f6a.jpg",870,500,false],"thumbnail":["https:\/\/arantv.az\/wp-content\/uploads\/2023\/06\/8b4527d49184d571639a932e79688f6a-500x280.jpg",500,280,true],"medium":["https:\/\/arantv.az\/wp-content\/uploads\/2023\/06\/8b4527d49184d571639a932e79688f6a-635x365.jpg",635,365,true],"large":["https:\/\/arantv.az\/wp-content\/uploads\/2023\/06\/8b4527d49184d571639a932e79688f6a-840x483.jpg",640,368,true],"1536x1536":["https:\/\/arantv.az\/wp-content\/uploads\/2023\/06\/8b4527d49184d571639a932e79688f6a.jpg",870,500,false],"2048x2048":["https:\/\/arantv.az\/wp-content\/uploads\/2023\/06\/8b4527d49184d571639a932e79688f6a.jpg",870,500,false],"post-thumbnail":["https:\/\/arantv.az\/wp-content\/uploads\/2023\/06\/8b4527d49184d571639a932e79688f6a-240x172.jpg",240,172,true],"advps-thumb-one":["https:\/\/arantv.az\/wp-content\/uploads\/2023\/06\/8b4527d49184d571639a932e79688f6a.jpg",870,500,false]},"rttpg_author":{"display_name":"V\u00fcsal Rafiqo\u011flu","author_link":"https:\/\/arantv.az\/?author=2"},"rttpg_comment":0,"rttpg_category":"<a href=\"https:\/\/arantv.az\/?cat=19\" rel=\"category\">G\u00fcnd\u0259m<\/a>","rttpg_excerpt":"\u0130yunun 25-d\u0259 X\u0259tai Rayon \u0130cra Hakimiyy\u0259tinin v\u0259 Yeni Az\u0259rbaycan Partiyas\u0131 (YAP) X\u0259tai rayon t\u0259\u015fkilat\u0131n\u0131n birg\u0259 t\u0259\u015fkilat\u00e7\u0131l\u0131\u011f\u0131 il\u0259 26 \u0130yun-Az\u0259rbaycan Silahl\u0131 Q\u00fcvv\u0259l\u0259ri G\u00fcn\u00fcn\u0259 h\u0259sr edilmi\u015f t\u0259dbir ke\u00e7irildi. M\u00fcasir m\u00fcst\u0259qil Az\u0259rbaycan d\u00f6vl\u0259tinin qurucusu, Ulu \u00d6nd\u0259r Heyd\u0259r \u018fliyevin v\u0259 torpaqlar\u0131m\u0131z\u0131n azadl\u0131\u011f\u0131 u\u011frunda d\u00f6y\u00fc\u015fl\u0259rd\u0259 \u015f\u0259hidlik zirv\u0259sin\u0259 ucalan V\u0259t\u0259n o\u011fullar\u0131n\u0131n xatir\u0259si bir d\u0259qiq\u0259lik s\u00fckutla yad edildi. T\u0259dbiri giri\u015f s\u00f6z\u00fc il\u0259&hellip;","_links":{"self":[{"href":"https:\/\/arantv.az\/index.php?rest_route=\/wp\/v2\/posts\/608596"}],"collection":[{"href":"https:\/\/arantv.az\/index.php?rest_route=\/wp\/v2\/posts"}],"about":[{"href":"https:\/\/arantv.az\/index.php?rest_route=\/wp\/v2\/types\/post"}],"author":[{"embeddable":true,"href":"https:\/\/arantv.az\/index.php?rest_route=\/wp\/v2\/users\/2"}],"replies":[{"embeddable":true,"href":"https:\/\/arantv.az\/index.php?rest_route=%2Fwp%2Fv2%2Fcomments&post=608596"}],"version-history":[{"count":0,"href":"https:\/\/arantv.az\/index.php?rest_route=\/wp\/v2\/posts\/608596\/revisions"}],"wp:featuredmedia":[{"embeddable":true,"href":"https:\/\/arantv.az\/index.php?rest_route=\/wp\/v2\/media\/608597"}],"wp:attachment":[{"href":"https:\/\/arantv.az\/index.php?rest_route=%2Fwp%2Fv2%2Fmedia&parent=608596"}],"wp:term":[{"taxonomy":"category","embeddable":true,"href":"https:\/\/arantv.az\/index.php?rest_route=%2Fwp%2Fv2%2Fcategories&post=608596"},{"taxonomy":"post_tag","embeddable":true,"href":"https:\/\/arantv.az\/index.php?rest_route=%2Fwp%2Fv2%2Ftags&post=608596"}],"curies":[{"name":"wp","href":"https:\/\/api.w.org\/{rel}","templated":true}]}}