{"id":608602,"date":"2023-06-25T17:45:40","date_gmt":"2023-06-25T13:45:40","guid":{"rendered":"https:\/\/arantv.az\/?p=608602"},"modified":"2023-06-25T17:45:40","modified_gmt":"2023-06-25T13:45:40","slug":"bu-s%c9%99xsl%c9%99rin-maaslari-artirildi","status":"publish","type":"post","link":"https:\/\/arantv.az\/?p=608602","title":{"rendered":"Bu \u015f\u0259xsl\u0259rin maa\u015flar\u0131 art\u0131r\u0131ld\u0131"},"content":{"rendered":"<p>Nazirl\u0259r Kabineti &#8220;D\u00f6vl\u0259t G\u00f6mr\u00fck Komit\u0259sinin d\u00f6vl\u0259t b\u00fcdc\u0259sind\u0259n maliyy\u0259l\u0259\u015fdiril\u0259n x\u00fcsusi r\u00fctb\u0259si olan \u0259m\u0259kda\u015flar\u0131n\u0131n ayl\u0131q v\u0259zif\u0259 maa\u015flar\u0131n\u0131n m\u0259bl\u0259\u011fl\u0259ri&#8221;nd\u0259 d\u0259yi\u015fikliyi t\u0259sdiq edib.<\/p>\n<p>Bununla ba\u011fl\u0131 Ba\u015f nazir \u018fli \u018fs\u0259dov q\u0259rar imzalay\u0131b.<\/p>\n<p>Q\u0259rarla Maliyy\u0259 Nazirliyin\u0259 tap\u015f\u0131r\u0131l\u0131b ki, ayl\u0131q v\u0259zif\u0259 maa\u015flar\u0131 il\u0259 \u0259laq\u0259dar t\u0259l\u0259b olunan \u0259lav\u0259 v\u0259saitin maliyy\u0259l\u0259\u015fdirilm\u0259sini 2023-c\u00fc ilin d\u00f6vl\u0259t b\u00fcdc\u0259sind\u0259 m\u00fcvafiq m\u0259qs\u0259dl\u0259r \u00fc\u00e7\u00fcn n\u0259z\u0259rd\u0259 tutulmu\u015f v\u0259sait hesab\u0131na h\u0259yata ke\u00e7irsin.<\/p>\n<p>Q\u0259rar iyunun 1-d\u0259n t\u0259tbiq edilir.<\/p>\n","protected":false},"excerpt":{"rendered":"<p>Nazirl\u0259r Kabineti &#8220;D\u00f6vl\u0259t G\u00f6mr\u00fck Komit\u0259sinin d\u00f6vl\u0259t b\u00fcdc\u0259sind\u0259n maliyy\u0259l\u0259\u015fdiril\u0259n x\u00fcsusi r\u00fctb\u0259si olan \u0259m\u0259kda\u015flar\u0131n\u0131n ayl\u0131q v\u0259zif\u0259 maa\u015flar\u0131n\u0131n m\u0259bl\u0259\u011fl\u0259ri&#8221;nd\u0259 d\u0259yi\u015fikliyi t\u0259sdiq edib. Bununla ba\u011fl\u0131 Ba\u015f nazir \u018fli \u018fs\u0259dov q\u0259rar imzalay\u0131b. Q\u0259rarla Maliyy\u0259 Nazirliyin\u0259 tap\u015f\u0131r\u0131l\u0131b ki, ayl\u0131q v\u0259zif\u0259 maa\u015flar\u0131 il\u0259 \u0259laq\u0259dar t\u0259l\u0259b olunan \u0259lav\u0259 v\u0259saitin maliyy\u0259l\u0259\u015fdirilm\u0259sini 2023-c\u00fc ilin d\u00f6vl\u0259t b\u00fcdc\u0259sind\u0259 m\u00fcvafiq m\u0259qs\u0259dl\u0259r \u00fc\u00e7\u00fcn n\u0259z\u0259rd\u0259 tutulmu\u015f v\u0259sait hesab\u0131na h\u0259yata ke\u00e7irsin. Q\u0259rar iyunun 1-d\u0259n t\u0259tbiq edilir.<\/p>\n","protected":false},"author":2,"featured_media":608603,"comment_status":"closed","ping_status":"closed","sticky":false,"template":"","format":"standard","meta":{"om_disable_all_campaigns":false,"_monsterinsights_skip_tracking":false,"_monsterinsights_sitenote_active":false,"_monsterinsights_sitenote_note":"","_monsterinsights_sitenote_category":0},"categories":[26],"tags":[],"aioseo_notices":[],"gutentor_comment":0,"rttpg_featured_image_url":{"full":["https:\/\/arantv.az\/wp-content\/uploads\/2023\/06\/maas_manat_pul.jpg",800,600,false],"landscape":["https:\/\/arantv.az\/wp-content\/uploads\/2023\/06\/maas_manat_pul.jpg",800,600,false],"portraits":["https:\/\/arantv.az\/wp-content\/uploads\/2023\/06\/maas_manat_pul.jpg",800,600,false],"thumbnail":["https:\/\/arantv.az\/wp-content\/uploads\/2023\/06\/maas_manat_pul-500x280.jpg",500,280,true],"medium":["https:\/\/arantv.az\/wp-content\/uploads\/2023\/06\/maas_manat_pul-487x365.jpg",487,365,true],"large":["https:\/\/arantv.az\/wp-content\/uploads\/2023\/06\/maas_manat_pul.jpg",640,480,false],"1536x1536":["https:\/\/arantv.az\/wp-content\/uploads\/2023\/06\/maas_manat_pul.jpg",800,600,false],"2048x2048":["https:\/\/arantv.az\/wp-content\/uploads\/2023\/06\/maas_manat_pul.jpg",800,600,false],"post-thumbnail":["https:\/\/arantv.az\/wp-content\/uploads\/2023\/06\/maas_manat_pul-240x172.jpg",240,172,true],"advps-thumb-one":["https:\/\/arantv.az\/wp-content\/uploads\/2023\/06\/maas_manat_pul.jpg",800,600,false]},"rttpg_author":{"display_name":"V\u00fcsal Rafiqo\u011flu","author_link":"https:\/\/arantv.az\/?author=2"},"rttpg_comment":0,"rttpg_category":"<a href=\"https:\/\/arantv.az\/?cat=26\" rel=\"category\">Sosial<\/a>","rttpg_excerpt":"Nazirl\u0259r Kabineti &#8220;D\u00f6vl\u0259t G\u00f6mr\u00fck Komit\u0259sinin d\u00f6vl\u0259t b\u00fcdc\u0259sind\u0259n maliyy\u0259l\u0259\u015fdiril\u0259n x\u00fcsusi r\u00fctb\u0259si olan \u0259m\u0259kda\u015flar\u0131n\u0131n ayl\u0131q v\u0259zif\u0259 maa\u015flar\u0131n\u0131n m\u0259bl\u0259\u011fl\u0259ri&#8221;nd\u0259 d\u0259yi\u015fikliyi t\u0259sdiq edib. Bununla ba\u011fl\u0131 Ba\u015f nazir \u018fli \u018fs\u0259dov q\u0259rar imzalay\u0131b. Q\u0259rarla Maliyy\u0259 Nazirliyin\u0259 tap\u015f\u0131r\u0131l\u0131b ki, ayl\u0131q v\u0259zif\u0259 maa\u015flar\u0131 il\u0259 \u0259laq\u0259dar t\u0259l\u0259b olunan \u0259lav\u0259 v\u0259saitin maliyy\u0259l\u0259\u015fdirilm\u0259sini 2023-c\u00fc ilin d\u00f6vl\u0259t b\u00fcdc\u0259sind\u0259 m\u00fcvafiq m\u0259qs\u0259dl\u0259r \u00fc\u00e7\u00fcn n\u0259z\u0259rd\u0259 tutulmu\u015f v\u0259sait hesab\u0131na h\u0259yata ke\u00e7irsin.&hellip;","_links":{"self":[{"href":"https:\/\/arantv.az\/index.php?rest_route=\/wp\/v2\/posts\/608602"}],"collection":[{"href":"https:\/\/arantv.az\/index.php?rest_route=\/wp\/v2\/posts"}],"about":[{"href":"https:\/\/arantv.az\/index.php?rest_route=\/wp\/v2\/types\/post"}],"author":[{"embeddable":true,"href":"https:\/\/arantv.az\/index.php?rest_route=\/wp\/v2\/users\/2"}],"replies":[{"embeddable":true,"href":"https:\/\/arantv.az\/index.php?rest_route=%2Fwp%2Fv2%2Fcomments&post=608602"}],"version-history":[{"count":0,"href":"https:\/\/arantv.az\/index.php?rest_route=\/wp\/v2\/posts\/608602\/revisions"}],"wp:featuredmedia":[{"embeddable":true,"href":"https:\/\/arantv.az\/index.php?rest_route=\/wp\/v2\/media\/608603"}],"wp:attachment":[{"href":"https:\/\/arantv.az\/index.php?rest_route=%2Fwp%2Fv2%2Fmedia&parent=608602"}],"wp:term":[{"taxonomy":"category","embeddable":true,"href":"https:\/\/arantv.az\/index.php?rest_route=%2Fwp%2Fv2%2Fcategories&post=608602"},{"taxonomy":"post_tag","embeddable":true,"href":"https:\/\/arantv.az\/index.php?rest_route=%2Fwp%2Fv2%2Ftags&post=608602"}],"curies":[{"name":"wp","href":"https:\/\/api.w.org\/{rel}","templated":true}]}}