{"id":608640,"date":"2023-06-26T10:18:56","date_gmt":"2023-06-26T06:18:56","guid":{"rendered":"https:\/\/arantv.az\/?p=608640"},"modified":"2023-06-26T10:18:56","modified_gmt":"2023-06-26T06:18:56","slug":"qalib-ordunun-bayram-sevinci-sozumuzu-doyus-meydaninda-demisik-foto","status":"publish","type":"post","link":"https:\/\/arantv.az\/?p=608640","title":{"rendered":"Qalib ordunun bayram sevinci: \u201cS\u00f6z\u00fcm\u00fcz\u00fc d\u00f6y\u00fc\u015f meydan\u0131nda demi\u015fik\u201d &#8211; FOTO"},"content":{"rendered":"<p>\u201cAz\u0259rbaycan g\u00fccl\u00fc d\u00f6vl\u0259tdir, q\u00fcdr\u0259tli ordumuz var\u201d.<\/p>\n<p>Bunu \u201cReport\u201da a\u00e7\u0131qlamas\u0131nda H\u0259rbi D\u0259niz Q\u00fcvv\u0259l\u0259rinin x\u00fcsusi t\u0259yinatl\u0131 m\u0259nsubu, ba\u015f leytenant Ruslan Abayev deyib.<\/p>\n<p>O qeyd edib ki, d\u00f6vl\u0259tin q\u00fcdr\u0259tini \u015f\u0259rtl\u0259ndir\u0259n amill\u0259r s\u0131ras\u0131nda iqtisadi y\u00fcks\u0259li\u015f v\u0259 g\u00fccl\u00fc ordu daha b\u00f6y\u00fck rola malikdir:<\/p>\n<p>\u201cBu g\u00fcn q\u00fcrurla dey\u0259 bil\u0259rik ki, \u00f6lk\u0259miz iqtisadi v\u0259 siyasi nailiyy\u0259tl\u0259r\u0259 imza atmaqla yana\u015f\u0131, ordu quruculu\u011fu prosesind\u0259 d\u0259 b\u00f6y\u00fck u\u011furlar qazan\u0131b. Beyn\u0259lxalq reytinql\u0259r\u0259 g\u00f6r\u0259, Az\u0259rbaycan Ordusu C\u0259nubi Qafqaz\u0131n \u0259n g\u00fccl\u00fc ordusudur. Ulu \u00f6nd\u0259r Heyd\u0259r \u018fliyevin 22 may 1998-ci il tarixli F\u0259rman\u0131na \u0259sas\u0259n, \u018flahidd\u0259 Az\u0259rbaycan Korpusunun yarand\u0131\u011f\u0131 g\u00fcn &#8211; 26 iyun Az\u0259rbaycan Respublikas\u0131 Silahl\u0131 Q\u00fcvv\u0259l\u0259ri G\u00fcn\u00fc elan edildi. Bu tarix h\u0259r il r\u0259smi d\u00f6vl\u0259t bayram\u0131 kimi qeyd olunur. Bu g\u00fcn \u0259sas\u0131 Az\u0259rbaycan Xalq C\u00fcmhuriyy\u0259ti d\u00f6vr\u00fcnd\u0259 qoyulmu\u015f Az\u0259rbaycan Ordusunun tarixi \u0259n\u0259n\u0259l\u0259ri yeni m\u00fcst\u0259vid\u0259 qorunub saxlan\u0131l\u0131r, inki\u015faf etdirilir. Bu g\u0259r\u0259kli i\u015f \u00fcmummilli liderimiz Heyd\u0259r \u018fliyevin ciddi s\u0259yl\u0259ri n\u0259tic\u0259sind\u0259 m\u00fcmk\u00fcn oldu v\u0259 Ali Ba\u015f Komandan \u0130lham \u018fliyev t\u0259r\u0259find\u0259n u\u011furla davam etdirilir\u201d.<\/p>\n<p><img src=\"https:\/\/cdn.oxu.az\/uploads\/W1siZiIsIjIwMjMvMDYvMjYvMDkvMDYvMzQvYTE2YjIzMjYtNDJhNy00NDExLWEyY2EtNjBjYTkzOGIwY2IyL2I5NDVjNTAwLTI4M2EtMzU0ZS1iMDQ3LTA2ODNiNjkxNjFiYS5qcGciXSxbInAiLCJlbmNvZGUiLCJqcGciLCItcXVhbGl0eSA4MCJdLFsicCIsInRodW1iIiwiNTkweDU5MFx1MDAzZSJdXQ?sha=3d63104a7e0ad19f\" alt=\"\" \/><\/p>\n<p>XTQ m\u0259nsubu bildirib ki, d\u00fcnya ictimaiyy\u0259ti Az\u0259rbaycan Ordusunun g\u00fcc\u00fcn\u00fc ilk d\u0259f\u0259 2016-c\u0131 ilin aprel ay\u0131nda, q\u00fcdr\u0259tini is\u0259 44 g\u00fcnl\u00fck V\u0259t\u0259n m\u00fcharib\u0259sind\u0259 g\u00f6rd\u00fc:<\/p>\n<p>\u201c105 ya\u015f\u0131n\u0131 qeyd etdiyimiz ordumuz torpaqlar\u0131m\u0131z\u0131 i\u015f\u011faldan azad etdi. Bu tarixi q\u0259l\u0259b\u0259, ilk n\u00f6vb\u0259d\u0259, M\u00fcz\u0259ff\u0259r Ali Ba\u015f Komandan \u0130lham \u018fliyevin azad irad\u0259si v\u0259 r\u0259\u015fad\u0259tli ordumuzun d\u00f6y\u00fc\u015f meydan\u0131nda s\u0259rgil\u0259diyi \u015f\u00fcca\u0259ti il\u0259 qazan\u0131ld\u0131. 2020-ci il dekabr\u0131n 10-da Bak\u0131da ke\u00e7iril\u0259n Z\u0259f\u0259r parad\u0131 d\u00fc\u015fm\u0259n\u0259 d\u0259, onun havadarlar\u0131na da xat\u0131rlatd\u0131 ki, Az\u0259rbaycan Ordusu g\u00fccl\u00fc ordudur\u201d.<\/p>\n<p>H\u0259rbi ekspert, ehtiyatda olan polkovnik Sahib \u015eahverdiyev is\u0259 qeyd edib ki, son ill\u0259r Az\u0259rbaycan h\u0259rbi potensial\u0131n\u0131 xeyli art\u0131r\u0131b, \u00f6lk\u0259miz\u0259 \u0259n m\u00fcasir silah-sursat, texnika, avadanl\u0131q g\u0259tirilib. O vur\u011fulay\u0131b ki, haz\u0131rda maddi-texniki t\u0259chizat v\u0259 d\u00f6y\u00fc\u015f qabiliyy\u0259ti bax\u0131m\u0131ndan Az\u0259rbaycan Silahl\u0131 Q\u00fcvv\u0259l\u0259ri d\u00fcnyan\u0131n \u0259n g\u00fccl\u00fc ordular\u0131 s\u0131ras\u0131ndad\u0131r:<br \/>\n<img src=\"https:\/\/cdn.oxu.az\/uploads\/W1siZiIsIjIwMjMvMDYvMjYvMDkvMDYvMzQvY2M2MjgyMDEtZmE4Ni00ZTk0LThmOTctYTAxYmM5MDRiYTdlLzIwYmYwYzhlLTI0M2QtM2I1Yy1iOGYzLTA3YjZlNDE0OTIwNC5qcGciXSxbInAiLCJlbmNvZGUiLCJqcGciLCItcXVhbGl0eSA4MCJdLFsicCIsInRodW1iIiwiNTkweDU5MFx1MDAzZSJdXQ?sha=74d4d2c8d068cc65\" alt=\"\" \/><\/p>\n<p>\u201cD\u00fcnya Az\u0259rbaycan Ordusunun g\u00fcc\u00fcn\u0259 ist\u0259r Aprel d\u00f6y\u00fc\u015fl\u0259ri, ist\u0259rs\u0259 d\u0259 G\u00fcnn\u00fct \u0259m\u0259liyyat\u0131nda \u015fahid olub. 44 g\u00fcnl\u00fck V\u0259t\u0259n m\u00fcharib\u0259sinin h\u0259r an\u0131nda qarda\u015f, dost v\u0259 m\u00fctt\u0259fiq T\u00fcrkiy\u0259 il\u0259 Pakistan Az\u0259rbaycan\u0131n yan\u0131nda oldu\u011funu g\u00f6st\u0259rdi. Az\u0259rbaycan, T\u00fcrkiy\u0259 v\u0259 Pakistan d\u00f6vl\u0259t r\u0259hb\u0259rl\u0259rinin iyunun 13-\u00fc v\u0259 15-i birg\u0259 b\u0259yanatlar\u0131 dostlu\u011fumuz v\u0259 qarda\u015fl\u0131\u011f\u0131m\u0131z\u0131n g\u00fcc\u00fcn\u00fcn bariz n\u00fcmun\u0259sidir\u201d.<\/p>\n<p>Az\u0259rbaycan Ordusunun giziri Qafar Bahad\u0131rov diqq\u0259t\u0259 \u00e7atd\u0131r\u0131b ki, 30 illik h\u0259sr\u0259td\u0259n sonra \u00f6z \u0259z\u0259li torpaqlar\u0131m\u0131za aln\u0131a\u00e7\u0131q, \u00fcz\u00fca\u011f, z\u0259f\u0259r bayra\u011f\u0131 il\u0259 qay\u0131tmaqdan b\u00f6y\u00fck xo\u015fb\u0259xtlik ola bilm\u0259z. O s\u00f6yl\u0259yib ki, V\u0259t\u0259n m\u00fcharib\u0259sind\u0259n sonra \u015f\u0259rti d\u00f6vl\u0259t s\u0259rh\u0259dind\u0259 v\u0259 Qaraba\u011f iqtisadi rayonunda ke\u00e7iril\u0259n \u0259m\u0259liyyatlar Az\u0259rbaycan Ordusunun pe\u015f\u0259karl\u0131\u011f\u0131n\u0131n bariz n\u00fcmun\u0259sidir:<br \/>\n<img src=\"https:\/\/cdn.oxu.az\/uploads\/W1siZiIsIjIwMjMvMDYvMjYvMDkvMDYvMzQvZDA4MjY5NGMtMzFjYS00NmFmLTgyMzctNzU5MjA2Mjc4Y2Y4Lzk2NzEyMWZmLTJiMGMtMzYzMS1hMWIwLTM1ZTQzODdiMDgwNy5qcGciXSxbInAiLCJlbmNvZGUiLCJqcGciLCItcXVhbGl0eSA4MCJdLFsicCIsInRodW1iIiwiNTkweDU5MFx1MDAzZSJdXQ?sha=f7c99ce0b7179080\" alt=\"\" \/><\/p>\n<p>\u201cBel\u0259 bir deyim var &#8211; torpaq su il\u0259 qar\u0131\u015fanda pal\u00e7\u0131q, qanla qar\u0131\u015fanda V\u0259t\u0259n. Allah \u015f\u0259hidl\u0259rimiz\u0259 r\u0259hm\u0259t el\u0259sin, qazil\u0259rimiz\u0259 cansa\u011fl\u0131\u011f\u0131 arzulay\u0131ram. 44 g\u00fcnl\u00fck V\u0259t\u0259n m\u00fcharib\u0259si d\u00f6y\u00fc\u015fl\u0259rinin birind\u0259 d\u00f6y\u00fc\u015f yolda\u015f\u0131m ki\u00e7ik \u00e7avu\u015f Araz C\u0259f\u0259rov qollar\u0131mda \u015f\u0259hidlik zirv\u0259sin\u0259 ucald\u0131. Biz h\u0259r bir \u015f\u0259hidimizin, Az\u0259rbaycan xalq\u0131n\u0131n qisas\u0131n\u0131 alma\u011f\u0131 bacard\u0131q. Torpaq h\u0259sr\u0259tin\u0259 son qoyan z\u0259f\u0259r bizi i\u015f\u011fal alt\u0131ndak\u0131 b\u00fct\u00fcn \u0259razil\u0259rin \u00fcz\u0259rind\u0259 suverenliyin b\u0259rq\u0259rar olundu\u011fu b\u00f6y\u00fck g\u00fcn\u0259 \u00e7atd\u0131rd\u0131. Ordumuzun maddi-texniki bazas\u0131, d\u00f6y\u00fc\u015f ruhu, sosial, texniki t\u0259chizat\u0131, pe\u015f\u0259karl\u0131\u011f\u0131, g\u00fccl\u00fc ordular\u0131n reytinql\u0259rind\u0259 \u00e7ox y\u00fcks\u0259k yeri var. \u0130ndi h\u0259r bir Az\u0259rbaycan v\u0259t\u0259nda\u015f\u0131 onu xarici v\u0259 dig\u0259r t\u0259hl\u00fck\u0259l\u0259rd\u0259n layiqinc\u0259 hifz ed\u0259c\u0259k ordunun olmas\u0131na tam arxay\u0131nd\u0131r\u201d.<\/p>\n","protected":false},"excerpt":{"rendered":"<p>\u201cAz\u0259rbaycan g\u00fccl\u00fc d\u00f6vl\u0259tdir, q\u00fcdr\u0259tli ordumuz var\u201d. Bunu \u201cReport\u201da a\u00e7\u0131qlamas\u0131nda H\u0259rbi D\u0259niz Q\u00fcvv\u0259l\u0259rinin x\u00fcsusi t\u0259yinatl\u0131 m\u0259nsubu, ba\u015f leytenant Ruslan Abayev deyib. O qeyd edib ki, d\u00f6vl\u0259tin q\u00fcdr\u0259tini \u015f\u0259rtl\u0259ndir\u0259n amill\u0259r s\u0131ras\u0131nda iqtisadi y\u00fcks\u0259li\u015f v\u0259 g\u00fccl\u00fc ordu daha b\u00f6y\u00fck rola malikdir: \u201cBu g\u00fcn q\u00fcrurla dey\u0259 bil\u0259rik ki, \u00f6lk\u0259miz iqtisadi v\u0259 siyasi nailiyy\u0259tl\u0259r\u0259 imza atmaqla yana\u015f\u0131, ordu quruculu\u011fu prosesind\u0259 d\u0259 b\u00f6y\u00fck u\u011furlar qazan\u0131b. Beyn\u0259lxalq reytinql\u0259r\u0259 g\u00f6r\u0259, Az\u0259rbaycan Ordusu C\u0259nubi Qafqaz\u0131n \u0259n g\u00fccl\u00fc ordusudur. Ulu \u00f6nd\u0259r Heyd\u0259r \u018fliyevin 22 may 1998-ci il tarixli F\u0259rman\u0131na \u0259sas\u0259n, \u018flahidd\u0259 Az\u0259rbaycan Korpusunun yarand\u0131\u011f\u0131 g\u00fcn &#8211; 26 iyun Az\u0259rbaycan Respublikas\u0131&hellip;<\/p>\n","protected":false},"author":2,"featured_media":608641,"comment_status":"closed","ping_status":"closed","sticky":false,"template":"","format":"standard","meta":{"om_disable_all_campaigns":false,"_monsterinsights_skip_tracking":false,"_monsterinsights_sitenote_active":false,"_monsterinsights_sitenote_note":"","_monsterinsights_sitenote_category":0},"categories":[19],"tags":[],"aioseo_notices":[],"gutentor_comment":0,"rttpg_featured_image_url":{"full":["https:\/\/arantv.az\/wp-content\/uploads\/2023\/06\/3f0f0ebd-3e22-31a4-80ce-7d3f4e752792_850.jpg",620,413,false],"landscape":["https:\/\/arantv.az\/wp-content\/uploads\/2023\/06\/3f0f0ebd-3e22-31a4-80ce-7d3f4e752792_850.jpg",620,413,false],"portraits":["https:\/\/arantv.az\/wp-content\/uploads\/2023\/06\/3f0f0ebd-3e22-31a4-80ce-7d3f4e752792_850.jpg",620,413,false],"thumbnail":["https:\/\/arantv.az\/wp-content\/uploads\/2023\/06\/3f0f0ebd-3e22-31a4-80ce-7d3f4e752792_850-500x280.jpg",500,280,true],"medium":["https:\/\/arantv.az\/wp-content\/uploads\/2023\/06\/3f0f0ebd-3e22-31a4-80ce-7d3f4e752792_850-548x365.jpg",548,365,true],"large":["https:\/\/arantv.az\/wp-content\/uploads\/2023\/06\/3f0f0ebd-3e22-31a4-80ce-7d3f4e752792_850.jpg",620,413,false],"1536x1536":["https:\/\/arantv.az\/wp-content\/uploads\/2023\/06\/3f0f0ebd-3e22-31a4-80ce-7d3f4e752792_850.jpg",620,413,false],"2048x2048":["https:\/\/arantv.az\/wp-content\/uploads\/2023\/06\/3f0f0ebd-3e22-31a4-80ce-7d3f4e752792_850.jpg",620,413,false],"post-thumbnail":["https:\/\/arantv.az\/wp-content\/uploads\/2023\/06\/3f0f0ebd-3e22-31a4-80ce-7d3f4e752792_850-240x172.jpg",240,172,true],"advps-thumb-one":["https:\/\/arantv.az\/wp-content\/uploads\/2023\/06\/3f0f0ebd-3e22-31a4-80ce-7d3f4e752792_850.jpg",620,413,false]},"rttpg_author":{"display_name":"V\u00fcsal Rafiqo\u011flu","author_link":"https:\/\/arantv.az\/?author=2"},"rttpg_comment":0,"rttpg_category":"<a href=\"https:\/\/arantv.az\/?cat=19\" rel=\"category\">G\u00fcnd\u0259m<\/a>","rttpg_excerpt":"\u201cAz\u0259rbaycan g\u00fccl\u00fc d\u00f6vl\u0259tdir, q\u00fcdr\u0259tli ordumuz var\u201d. Bunu \u201cReport\u201da a\u00e7\u0131qlamas\u0131nda H\u0259rbi D\u0259niz Q\u00fcvv\u0259l\u0259rinin x\u00fcsusi t\u0259yinatl\u0131 m\u0259nsubu, ba\u015f leytenant Ruslan Abayev deyib. O qeyd edib ki, d\u00f6vl\u0259tin q\u00fcdr\u0259tini \u015f\u0259rtl\u0259ndir\u0259n amill\u0259r s\u0131ras\u0131nda iqtisadi y\u00fcks\u0259li\u015f v\u0259 g\u00fccl\u00fc ordu daha b\u00f6y\u00fck rola malikdir: \u201cBu g\u00fcn q\u00fcrurla dey\u0259 bil\u0259rik ki, \u00f6lk\u0259miz iqtisadi v\u0259 siyasi nailiyy\u0259tl\u0259r\u0259 imza atmaqla yana\u015f\u0131, ordu quruculu\u011fu prosesind\u0259&hellip;","_links":{"self":[{"href":"https:\/\/arantv.az\/index.php?rest_route=\/wp\/v2\/posts\/608640"}],"collection":[{"href":"https:\/\/arantv.az\/index.php?rest_route=\/wp\/v2\/posts"}],"about":[{"href":"https:\/\/arantv.az\/index.php?rest_route=\/wp\/v2\/types\/post"}],"author":[{"embeddable":true,"href":"https:\/\/arantv.az\/index.php?rest_route=\/wp\/v2\/users\/2"}],"replies":[{"embeddable":true,"href":"https:\/\/arantv.az\/index.php?rest_route=%2Fwp%2Fv2%2Fcomments&post=608640"}],"version-history":[{"count":0,"href":"https:\/\/arantv.az\/index.php?rest_route=\/wp\/v2\/posts\/608640\/revisions"}],"wp:featuredmedia":[{"embeddable":true,"href":"https:\/\/arantv.az\/index.php?rest_route=\/wp\/v2\/media\/608641"}],"wp:attachment":[{"href":"https:\/\/arantv.az\/index.php?rest_route=%2Fwp%2Fv2%2Fmedia&parent=608640"}],"wp:term":[{"taxonomy":"category","embeddable":true,"href":"https:\/\/arantv.az\/index.php?rest_route=%2Fwp%2Fv2%2Fcategories&post=608640"},{"taxonomy":"post_tag","embeddable":true,"href":"https:\/\/arantv.az\/index.php?rest_route=%2Fwp%2Fv2%2Ftags&post=608640"}],"curies":[{"name":"wp","href":"https:\/\/api.w.org\/{rel}","templated":true}]}}