{"id":608646,"date":"2023-06-26T10:20:52","date_gmt":"2023-06-26T06:20:52","guid":{"rendered":"https:\/\/arantv.az\/?p=608646"},"modified":"2023-06-26T10:20:52","modified_gmt":"2023-06-26T06:20:52","slug":"liverpulun-yarimmudafi%c9%99cisi-leypsiqd%c9%99-cixis-ed%c9%99c%c9%99k","status":"publish","type":"post","link":"https:\/\/arantv.az\/?p=608646","title":{"rendered":"\u201cLiverpul\u201dun yar\u0131mm\u00fcdafi\u0259\u00e7isi \u201cLeypsiq\u201dd\u0259 \u00e7\u0131x\u0131\u015f ed\u0259c\u0259k"},"content":{"rendered":"<p>\u0130ngilt\u0259r\u0259nin \u201cLiverpul\u201d klubu yar\u0131mm\u00fcdafi\u0259\u00e7i Fabio Karvalyo il\u0259 m\u00fcv\u0259qq\u0259ti ayr\u0131lmaq q\u0259rar\u0131na g\u0259lib.<\/p>\n<p>Bu bar\u0259d\u0259 insayder Fabrizio Romano x\u0259b\u0259r verib.<\/p>\n<p>M\u0259lumata g\u00f6r\u0259, portuqaliyal\u0131 icar\u0259 \u0259sas\u0131nda \u201cLeypsiq\u201dd\u0259 \u00e7\u0131x\u0131\u015f ed\u0259c\u0259k. G\u0259l\u0259n h\u0259ft\u0259 onunla bir il m\u00fcdd\u0259tin\u0259 m\u00fcqavil\u0259 imzalanacaq. Eyni zamanda tibbi m\u00fcayin\u0259 t\u0259yin olunacaq.<\/p>\n<p>Qeyd ed\u0259k ki, 20 ya\u015fl\u0131 Fabio 2022-ci ilin yay\u0131nda \u201cLiverpul\u201da ke\u00e7ib. Mersisaydl\u0131lar yar\u0131mm\u00fcdafi\u0259\u00e7inin transferi \u00fc\u00e7\u00fcn \u201cFulhem\u201d\u0259 5,9 milyon avro \u00f6d\u0259yibl\u0259r.<\/p>\n<p>M\u0259nb\u0259: ua-football.com<\/p>\n","protected":false},"excerpt":{"rendered":"<p>\u0130ngilt\u0259r\u0259nin \u201cLiverpul\u201d klubu yar\u0131mm\u00fcdafi\u0259\u00e7i Fabio Karvalyo il\u0259 m\u00fcv\u0259qq\u0259ti ayr\u0131lmaq q\u0259rar\u0131na g\u0259lib. Bu bar\u0259d\u0259 insayder Fabrizio Romano x\u0259b\u0259r verib. M\u0259lumata g\u00f6r\u0259, portuqaliyal\u0131 icar\u0259 \u0259sas\u0131nda \u201cLeypsiq\u201dd\u0259 \u00e7\u0131x\u0131\u015f ed\u0259c\u0259k. G\u0259l\u0259n h\u0259ft\u0259 onunla bir il m\u00fcdd\u0259tin\u0259 m\u00fcqavil\u0259 imzalanacaq. Eyni zamanda tibbi m\u00fcayin\u0259 t\u0259yin olunacaq. Qeyd ed\u0259k ki, 20 ya\u015fl\u0131 Fabio 2022-ci ilin yay\u0131nda \u201cLiverpul\u201da ke\u00e7ib. Mersisaydl\u0131lar yar\u0131mm\u00fcdafi\u0259\u00e7inin transferi \u00fc\u00e7\u00fcn \u201cFulhem\u201d\u0259 5,9 milyon avro \u00f6d\u0259yibl\u0259r. M\u0259nb\u0259: ua-football.com<\/p>\n","protected":false},"author":2,"featured_media":608647,"comment_status":"closed","ping_status":"closed","sticky":false,"template":"","format":"standard","meta":{"om_disable_all_campaigns":false,"_monsterinsights_skip_tracking":false,"_monsterinsights_sitenote_active":false,"_monsterinsights_sitenote_note":"","_monsterinsights_sitenote_category":0},"categories":[6],"tags":[],"aioseo_notices":[],"gutentor_comment":0,"rttpg_featured_image_url":{"full":["https:\/\/arantv.az\/wp-content\/uploads\/2023\/06\/1420580885.0.jpg",620,413,false],"landscape":["https:\/\/arantv.az\/wp-content\/uploads\/2023\/06\/1420580885.0.jpg",620,413,false],"portraits":["https:\/\/arantv.az\/wp-content\/uploads\/2023\/06\/1420580885.0.jpg",620,413,false],"thumbnail":["https:\/\/arantv.az\/wp-content\/uploads\/2023\/06\/1420580885.0-500x280.jpg",500,280,true],"medium":["https:\/\/arantv.az\/wp-content\/uploads\/2023\/06\/1420580885.0-548x365.jpg",548,365,true],"large":["https:\/\/arantv.az\/wp-content\/uploads\/2023\/06\/1420580885.0.jpg",620,413,false],"1536x1536":["https:\/\/arantv.az\/wp-content\/uploads\/2023\/06\/1420580885.0.jpg",620,413,false],"2048x2048":["https:\/\/arantv.az\/wp-content\/uploads\/2023\/06\/1420580885.0.jpg",620,413,false],"post-thumbnail":["https:\/\/arantv.az\/wp-content\/uploads\/2023\/06\/1420580885.0-240x172.jpg",240,172,true],"advps-thumb-one":["https:\/\/arantv.az\/wp-content\/uploads\/2023\/06\/1420580885.0.jpg",620,413,false]},"rttpg_author":{"display_name":"V\u00fcsal Rafiqo\u011flu","author_link":"https:\/\/arantv.az\/?author=2"},"rttpg_comment":0,"rttpg_category":"<a href=\"https:\/\/arantv.az\/?cat=6\" rel=\"category\">\u0130dman<\/a>","rttpg_excerpt":"\u0130ngilt\u0259r\u0259nin \u201cLiverpul\u201d klubu yar\u0131mm\u00fcdafi\u0259\u00e7i Fabio Karvalyo il\u0259 m\u00fcv\u0259qq\u0259ti ayr\u0131lmaq q\u0259rar\u0131na g\u0259lib. Bu bar\u0259d\u0259 insayder Fabrizio Romano x\u0259b\u0259r verib. M\u0259lumata g\u00f6r\u0259, portuqaliyal\u0131 icar\u0259 \u0259sas\u0131nda \u201cLeypsiq\u201dd\u0259 \u00e7\u0131x\u0131\u015f ed\u0259c\u0259k. G\u0259l\u0259n h\u0259ft\u0259 onunla bir il m\u00fcdd\u0259tin\u0259 m\u00fcqavil\u0259 imzalanacaq. Eyni zamanda tibbi m\u00fcayin\u0259 t\u0259yin olunacaq. Qeyd ed\u0259k ki, 20 ya\u015fl\u0131 Fabio 2022-ci ilin yay\u0131nda \u201cLiverpul\u201da ke\u00e7ib. Mersisaydl\u0131lar yar\u0131mm\u00fcdafi\u0259\u00e7inin transferi \u00fc\u00e7\u00fcn&hellip;","_links":{"self":[{"href":"https:\/\/arantv.az\/index.php?rest_route=\/wp\/v2\/posts\/608646"}],"collection":[{"href":"https:\/\/arantv.az\/index.php?rest_route=\/wp\/v2\/posts"}],"about":[{"href":"https:\/\/arantv.az\/index.php?rest_route=\/wp\/v2\/types\/post"}],"author":[{"embeddable":true,"href":"https:\/\/arantv.az\/index.php?rest_route=\/wp\/v2\/users\/2"}],"replies":[{"embeddable":true,"href":"https:\/\/arantv.az\/index.php?rest_route=%2Fwp%2Fv2%2Fcomments&post=608646"}],"version-history":[{"count":0,"href":"https:\/\/arantv.az\/index.php?rest_route=\/wp\/v2\/posts\/608646\/revisions"}],"wp:featuredmedia":[{"embeddable":true,"href":"https:\/\/arantv.az\/index.php?rest_route=\/wp\/v2\/media\/608647"}],"wp:attachment":[{"href":"https:\/\/arantv.az\/index.php?rest_route=%2Fwp%2Fv2%2Fmedia&parent=608646"}],"wp:term":[{"taxonomy":"category","embeddable":true,"href":"https:\/\/arantv.az\/index.php?rest_route=%2Fwp%2Fv2%2Fcategories&post=608646"},{"taxonomy":"post_tag","embeddable":true,"href":"https:\/\/arantv.az\/index.php?rest_route=%2Fwp%2Fv2%2Ftags&post=608646"}],"curies":[{"name":"wp","href":"https:\/\/api.w.org\/{rel}","templated":true}]}}