{"id":608649,"date":"2023-06-26T10:21:55","date_gmt":"2023-06-26T06:21:55","guid":{"rendered":"https:\/\/arantv.az\/?p=608649"},"modified":"2023-06-26T10:21:55","modified_gmt":"2023-06-26T06:21:55","slug":"taliban-qadinlarin-azad-insanlar-statusunu-b%c9%99rpa-edib","status":"publish","type":"post","link":"https:\/\/arantv.az\/?p=608649","title":{"rendered":"\u201cTaliban\u201d qad\u0131nlar\u0131n \u201cazad insanlar\u201d statusunu b\u0259rpa edib"},"content":{"rendered":"<p>\u201cTaliban\u201d rejimi qad\u0131nlar\u0131 \u201c\u0259n\u0259n\u0259vi z\u00fclmd\u0259n\u201d azad edib, onlar\u0131 \u201cazad insanlar\u201d statusuna qaytar\u0131b.<\/p>\n<p>Bu a\u00e7\u0131qlama il\u0259 h\u0259r\u0259kat\u0131n ali lideri H\u0259yb\u0259tullah Axundzad\u0259 \u00e7\u0131x\u0131\u015f edib.<\/p>\n<p>\u201cQad\u0131nlar\u0131 bir \u00e7ox \u0259n\u0259n\u0259vi z\u00fclml\u0259rd\u0259n, o c\u00fcml\u0259d\u0259n m\u0259cburi nikahlardan xilas etm\u0259k \u00fc\u00e7\u00fcn konkret t\u0259dbirl\u0259r g\u00f6r\u00fcl\u00fcb, onlar\u0131n \u015f\u0259ri\u0259t h\u00fcquqlar\u0131 qorunub. Qad\u0131n\u0131n azad v\u0259 l\u0259yaq\u0259tli insan statusu b\u0259rpa edilib v\u0259 b\u00fct\u00fcn qurumlar buna riay\u0259t etm\u0259y\u0259, qad\u0131nlara nikah, v\u0259r\u0259s\u0259lik v\u0259 dig\u0259r h\u00fcquqlar\u0131n t\u0259min edilm\u0259sind\u0259 k\u00f6m\u0259k etm\u0259y\u0259 borcludur\u201d, &#8211; Axundzad\u0259nin Qurban bayram\u0131 m\u00fcnasib\u0259til\u0259 bazar g\u00fcn\u00fc yay\u0131lan t\u0259brikind\u0259 deyilir.<br \/>\nO bildirib ki, \u201cTaliban\u201d qad\u0131nlar\u0131n islam \u015f\u0259ri\u0259tin\u0259 uy\u011fun olaraq rahat v\u0259 firavan h\u0259yat ya\u015famalar\u0131n\u0131 t\u0259min etm\u0259k \u00fc\u00e7\u00fcn onlar\u0131n v\u0259ziyy\u0259tini yax\u015f\u0131la\u015fd\u0131rmaq m\u0259qs\u0259dil\u0259 laz\u0131mi add\u0131mlar at\u0131b. \u201cTaliban\u201d lideri qeyd edib ki, \u018ffqan\u0131standa qad\u0131nlar\u0131n probleml\u0259ri, dig\u0259r m\u0259s\u0259l\u0259l\u0259rl\u0259 yana\u015f\u0131, \u201c20 illik i\u015f\u011fal\u0131n m\u0259nfi t\u0259r\u0259fl\u0259ri\u201d il\u0259 ba\u011fl\u0131d\u0131r.<\/p>\n<p>M\u0259nb\u0259: TASS<\/p>\n","protected":false},"excerpt":{"rendered":"<p>\u201cTaliban\u201d rejimi qad\u0131nlar\u0131 \u201c\u0259n\u0259n\u0259vi z\u00fclmd\u0259n\u201d azad edib, onlar\u0131 \u201cazad insanlar\u201d statusuna qaytar\u0131b. Bu a\u00e7\u0131qlama il\u0259 h\u0259r\u0259kat\u0131n ali lideri H\u0259yb\u0259tullah Axundzad\u0259 \u00e7\u0131x\u0131\u015f edib. \u201cQad\u0131nlar\u0131 bir \u00e7ox \u0259n\u0259n\u0259vi z\u00fclml\u0259rd\u0259n, o c\u00fcml\u0259d\u0259n m\u0259cburi nikahlardan xilas etm\u0259k \u00fc\u00e7\u00fcn konkret t\u0259dbirl\u0259r g\u00f6r\u00fcl\u00fcb, onlar\u0131n \u015f\u0259ri\u0259t h\u00fcquqlar\u0131 qorunub. Qad\u0131n\u0131n azad v\u0259 l\u0259yaq\u0259tli insan statusu b\u0259rpa edilib v\u0259 b\u00fct\u00fcn qurumlar buna riay\u0259t etm\u0259y\u0259, qad\u0131nlara nikah, v\u0259r\u0259s\u0259lik v\u0259 dig\u0259r h\u00fcquqlar\u0131n t\u0259min edilm\u0259sind\u0259 k\u00f6m\u0259k etm\u0259y\u0259 borcludur\u201d, &#8211; Axundzad\u0259nin Qurban bayram\u0131 m\u00fcnasib\u0259til\u0259 bazar g\u00fcn\u00fc yay\u0131lan t\u0259brikind\u0259 deyilir. O bildirib ki, \u201cTaliban\u201d qad\u0131nlar\u0131n islam \u015f\u0259ri\u0259tin\u0259 uy\u011fun olaraq rahat v\u0259 firavan h\u0259yat ya\u015famalar\u0131n\u0131&hellip;<\/p>\n","protected":false},"author":2,"featured_media":608650,"comment_status":"closed","ping_status":"closed","sticky":false,"template":"","format":"standard","meta":{"om_disable_all_campaigns":false,"_monsterinsights_skip_tracking":false,"_monsterinsights_sitenote_active":false,"_monsterinsights_sitenote_note":"","_monsterinsights_sitenote_category":0},"categories":[7],"tags":[],"aioseo_notices":[],"gutentor_comment":0,"rttpg_featured_image_url":{"full":["https:\/\/arantv.az\/wp-content\/uploads\/2023\/06\/1630622924-h_51082911-1200x800-1.jpg",620,413,false],"landscape":["https:\/\/arantv.az\/wp-content\/uploads\/2023\/06\/1630622924-h_51082911-1200x800-1.jpg",620,413,false],"portraits":["https:\/\/arantv.az\/wp-content\/uploads\/2023\/06\/1630622924-h_51082911-1200x800-1.jpg",620,413,false],"thumbnail":["https:\/\/arantv.az\/wp-content\/uploads\/2023\/06\/1630622924-h_51082911-1200x800-1-500x280.jpg",500,280,true],"medium":["https:\/\/arantv.az\/wp-content\/uploads\/2023\/06\/1630622924-h_51082911-1200x800-1-548x365.jpg",548,365,true],"large":["https:\/\/arantv.az\/wp-content\/uploads\/2023\/06\/1630622924-h_51082911-1200x800-1.jpg",620,413,false],"1536x1536":["https:\/\/arantv.az\/wp-content\/uploads\/2023\/06\/1630622924-h_51082911-1200x800-1.jpg",620,413,false],"2048x2048":["https:\/\/arantv.az\/wp-content\/uploads\/2023\/06\/1630622924-h_51082911-1200x800-1.jpg",620,413,false],"post-thumbnail":["https:\/\/arantv.az\/wp-content\/uploads\/2023\/06\/1630622924-h_51082911-1200x800-1-240x172.jpg",240,172,true],"advps-thumb-one":["https:\/\/arantv.az\/wp-content\/uploads\/2023\/06\/1630622924-h_51082911-1200x800-1.jpg",620,413,false]},"rttpg_author":{"display_name":"V\u00fcsal Rafiqo\u011flu","author_link":"https:\/\/arantv.az\/?author=2"},"rttpg_comment":0,"rttpg_category":"<a href=\"https:\/\/arantv.az\/?cat=7\" rel=\"category\">D\u00fcnya<\/a>","rttpg_excerpt":"\u201cTaliban\u201d rejimi qad\u0131nlar\u0131 \u201c\u0259n\u0259n\u0259vi z\u00fclmd\u0259n\u201d azad edib, onlar\u0131 \u201cazad insanlar\u201d statusuna qaytar\u0131b. Bu a\u00e7\u0131qlama il\u0259 h\u0259r\u0259kat\u0131n ali lideri H\u0259yb\u0259tullah Axundzad\u0259 \u00e7\u0131x\u0131\u015f edib. \u201cQad\u0131nlar\u0131 bir \u00e7ox \u0259n\u0259n\u0259vi z\u00fclml\u0259rd\u0259n, o c\u00fcml\u0259d\u0259n m\u0259cburi nikahlardan xilas etm\u0259k \u00fc\u00e7\u00fcn konkret t\u0259dbirl\u0259r g\u00f6r\u00fcl\u00fcb, onlar\u0131n \u015f\u0259ri\u0259t h\u00fcquqlar\u0131 qorunub. Qad\u0131n\u0131n azad v\u0259 l\u0259yaq\u0259tli insan statusu b\u0259rpa edilib v\u0259 b\u00fct\u00fcn qurumlar buna riay\u0259t etm\u0259y\u0259,&hellip;","_links":{"self":[{"href":"https:\/\/arantv.az\/index.php?rest_route=\/wp\/v2\/posts\/608649"}],"collection":[{"href":"https:\/\/arantv.az\/index.php?rest_route=\/wp\/v2\/posts"}],"about":[{"href":"https:\/\/arantv.az\/index.php?rest_route=\/wp\/v2\/types\/post"}],"author":[{"embeddable":true,"href":"https:\/\/arantv.az\/index.php?rest_route=\/wp\/v2\/users\/2"}],"replies":[{"embeddable":true,"href":"https:\/\/arantv.az\/index.php?rest_route=%2Fwp%2Fv2%2Fcomments&post=608649"}],"version-history":[{"count":0,"href":"https:\/\/arantv.az\/index.php?rest_route=\/wp\/v2\/posts\/608649\/revisions"}],"wp:featuredmedia":[{"embeddable":true,"href":"https:\/\/arantv.az\/index.php?rest_route=\/wp\/v2\/media\/608650"}],"wp:attachment":[{"href":"https:\/\/arantv.az\/index.php?rest_route=%2Fwp%2Fv2%2Fmedia&parent=608649"}],"wp:term":[{"taxonomy":"category","embeddable":true,"href":"https:\/\/arantv.az\/index.php?rest_route=%2Fwp%2Fv2%2Fcategories&post=608649"},{"taxonomy":"post_tag","embeddable":true,"href":"https:\/\/arantv.az\/index.php?rest_route=%2Fwp%2Fv2%2Ftags&post=608649"}],"curies":[{"name":"wp","href":"https:\/\/api.w.org\/{rel}","templated":true}]}}