{"id":609256,"date":"2023-07-13T18:59:27","date_gmt":"2023-07-13T14:59:27","guid":{"rendered":"https:\/\/arantv.az\/?p=609256"},"modified":"2023-07-13T18:59:27","modified_gmt":"2023-07-13T14:59:27","slug":"zabratda-q%c9%99ssabin-h%c9%99r%c9%99k%c9%99ti-sakinl%c9%99ri-ozund%c9%99n-cixardi-video","status":"publish","type":"post","link":"https:\/\/arantv.az\/?p=609256","title":{"rendered":"Zabratda q\u0259ssab\u0131n h\u0259r\u0259k\u0259ti sakinl\u0259ri \u00f6z\u00fcnd\u0259n \u00e7\u0131xard\u0131 &#8211; V\u0130DEO"},"content":{"rendered":"<article class=\"news\">\n<div class=\"news-inner\">\n<p>Sabun\u00e7u rayonunun Zabrat q\u0259s\u0259b\u0259sind\u0259 q\u0259ssab\u0131n h\u0259r\u0259k\u0259ti sakinl\u0259rin naraz\u0131l\u0131\u011f\u0131na s\u0259b\u0259b olub.<\/p>\n<p>Bel\u0259 ki, q\u0259ssablardan biri h\u0259r g\u00fcn ax\u015fam saatlar\u0131nda iribuynuzlu heyvanlar\u0131 d\u00fczg\u00fcn olmayan qaydada yol k\u0259nar\u0131na ba\u011flay\u0131r v\u0259 s\u0259h\u0259r\u0259 q\u0259d\u0259r h\u0259min v\u0259ziyy\u0259td\u0259 saxlay\u0131r.<\/p>\n<p>\u201cHeyvan n\u0259 su i\u00e7\u0259, n\u0259 d\u0259 otura bilir. Bir heyvana bu q\u0259d\u0259r i\u015fg\u0259nc\u0259 verilm\u0259z\u201d, &#8211; dey\u0259 q\u0259s\u0259b\u0259 sakini bildirib.<\/p>\n<div id=\"22881913269\"><\/div>\n<p>\u018ftrafl\u0131 Baku TV-nin videosunu t\u0259qdim edirik:<\/p>\n<div><iframe loading=\"lazy\" title=\"YouTube video player\" src=\"https:\/\/www.youtube.com\/embed\/ShhVopr9bRg\" width=\"560\" height=\"315\" frameborder=\"0\" allowfullscreen=\"allowfullscreen\" data-mce-fragment=\"1\"><\/iframe><\/div>\n<\/div>\n<\/article>\n","protected":false},"excerpt":{"rendered":"<p>Sabun\u00e7u rayonunun Zabrat q\u0259s\u0259b\u0259sind\u0259 q\u0259ssab\u0131n h\u0259r\u0259k\u0259ti sakinl\u0259rin naraz\u0131l\u0131\u011f\u0131na s\u0259b\u0259b olub. Bel\u0259 ki, q\u0259ssablardan biri h\u0259r g\u00fcn ax\u015fam saatlar\u0131nda iribuynuzlu heyvanlar\u0131 d\u00fczg\u00fcn olmayan qaydada yol k\u0259nar\u0131na ba\u011flay\u0131r v\u0259 s\u0259h\u0259r\u0259 q\u0259d\u0259r h\u0259min v\u0259ziyy\u0259td\u0259 saxlay\u0131r. \u201cHeyvan n\u0259 su i\u00e7\u0259, n\u0259 d\u0259 otura bilir. Bir heyvana bu q\u0259d\u0259r i\u015fg\u0259nc\u0259 verilm\u0259z\u201d, &#8211; dey\u0259 q\u0259s\u0259b\u0259 sakini bildirib. \u018ftrafl\u0131 Baku TV-nin videosunu t\u0259qdim edirik:<\/p>\n","protected":false},"author":2,"featured_media":609257,"comment_status":"closed","ping_status":"closed","sticky":false,"template":"","format":"standard","meta":{"om_disable_all_campaigns":false,"_monsterinsights_skip_tracking":false,"_monsterinsights_sitenote_active":false,"_monsterinsights_sitenote_note":"","_monsterinsights_sitenote_category":0},"categories":[24],"tags":[],"aioseo_notices":[],"gutentor_comment":0,"rttpg_featured_image_url":{"full":["https:\/\/arantv.az\/wp-content\/uploads\/2023\/07\/IKM.jpg",620,409,false],"landscape":["https:\/\/arantv.az\/wp-content\/uploads\/2023\/07\/IKM.jpg",620,409,false],"portraits":["https:\/\/arantv.az\/wp-content\/uploads\/2023\/07\/IKM.jpg",620,409,false],"thumbnail":["https:\/\/arantv.az\/wp-content\/uploads\/2023\/07\/IKM-500x280.jpg",500,280,true],"medium":["https:\/\/arantv.az\/wp-content\/uploads\/2023\/07\/IKM-553x365.jpg",553,365,true],"large":["https:\/\/arantv.az\/wp-content\/uploads\/2023\/07\/IKM.jpg",620,409,false],"1536x1536":["https:\/\/arantv.az\/wp-content\/uploads\/2023\/07\/IKM.jpg",620,409,false],"2048x2048":["https:\/\/arantv.az\/wp-content\/uploads\/2023\/07\/IKM.jpg",620,409,false],"post-thumbnail":["https:\/\/arantv.az\/wp-content\/uploads\/2023\/07\/IKM-240x172.jpg",240,172,true],"advps-thumb-one":["https:\/\/arantv.az\/wp-content\/uploads\/2023\/07\/IKM.jpg",620,409,false]},"rttpg_author":{"display_name":"V\u00fcsal Rafiqo\u011flu","author_link":"https:\/\/arantv.az\/?author=2"},"rttpg_comment":0,"rttpg_category":"<a href=\"https:\/\/arantv.az\/?cat=24\" rel=\"category\">Maraql\u0131<\/a>","rttpg_excerpt":"Sabun\u00e7u rayonunun Zabrat q\u0259s\u0259b\u0259sind\u0259 q\u0259ssab\u0131n h\u0259r\u0259k\u0259ti sakinl\u0259rin naraz\u0131l\u0131\u011f\u0131na s\u0259b\u0259b olub. Bel\u0259 ki, q\u0259ssablardan biri h\u0259r g\u00fcn ax\u015fam saatlar\u0131nda iribuynuzlu heyvanlar\u0131 d\u00fczg\u00fcn olmayan qaydada yol k\u0259nar\u0131na ba\u011flay\u0131r v\u0259 s\u0259h\u0259r\u0259 q\u0259d\u0259r h\u0259min v\u0259ziyy\u0259td\u0259 saxlay\u0131r. \u201cHeyvan n\u0259 su i\u00e7\u0259, n\u0259 d\u0259 otura bilir. Bir heyvana bu q\u0259d\u0259r i\u015fg\u0259nc\u0259 verilm\u0259z\u201d, &#8211; dey\u0259 q\u0259s\u0259b\u0259 sakini bildirib. \u018ftrafl\u0131 Baku TV-nin videosunu&hellip;","_links":{"self":[{"href":"https:\/\/arantv.az\/index.php?rest_route=\/wp\/v2\/posts\/609256"}],"collection":[{"href":"https:\/\/arantv.az\/index.php?rest_route=\/wp\/v2\/posts"}],"about":[{"href":"https:\/\/arantv.az\/index.php?rest_route=\/wp\/v2\/types\/post"}],"author":[{"embeddable":true,"href":"https:\/\/arantv.az\/index.php?rest_route=\/wp\/v2\/users\/2"}],"replies":[{"embeddable":true,"href":"https:\/\/arantv.az\/index.php?rest_route=%2Fwp%2Fv2%2Fcomments&post=609256"}],"version-history":[{"count":0,"href":"https:\/\/arantv.az\/index.php?rest_route=\/wp\/v2\/posts\/609256\/revisions"}],"wp:featuredmedia":[{"embeddable":true,"href":"https:\/\/arantv.az\/index.php?rest_route=\/wp\/v2\/media\/609257"}],"wp:attachment":[{"href":"https:\/\/arantv.az\/index.php?rest_route=%2Fwp%2Fv2%2Fmedia&parent=609256"}],"wp:term":[{"taxonomy":"category","embeddable":true,"href":"https:\/\/arantv.az\/index.php?rest_route=%2Fwp%2Fv2%2Fcategories&post=609256"},{"taxonomy":"post_tag","embeddable":true,"href":"https:\/\/arantv.az\/index.php?rest_route=%2Fwp%2Fv2%2Ftags&post=609256"}],"curies":[{"name":"wp","href":"https:\/\/api.w.org\/{rel}","templated":true}]}}