{"id":609259,"date":"2023-07-13T19:01:32","date_gmt":"2023-07-13T15:01:32","guid":{"rendered":"https:\/\/arantv.az\/?p=609259"},"modified":"2023-07-13T19:01:32","modified_gmt":"2023-07-13T15:01:32","slug":"elcin-quliyev-israilin-mudafi%c9%99-nazirini-q%c9%99bul-edib-foto","status":"publish","type":"post","link":"https:\/\/arantv.az\/?p=609259","title":{"rendered":"El\u00e7in Quliyev \u0130srailin m\u00fcdafi\u0259 nazirini q\u0259bul edib &#8211; FOTO"},"content":{"rendered":"<p>\u0130yul ay\u0131n\u0131n 13-d\u0259 \u00f6lk\u0259mizd\u0259 r\u0259smi s\u0259f\u0259rd\u0259 olan \u0130srail D\u00f6vl\u0259tinin m\u00fcdafi\u0259 naziri Yoav Qallant\u0131n r\u0259hb\u0259rlik etdiyi n\u00fcmay\u0259nd\u0259 hey\u0259ti D\u00f6vl\u0259t S\u0259rh\u0259d Xidm\u0259tinin r\u0259isi general-polkovnik El\u00e7in Quliyev t\u0259r\u0259find\u0259n q\u0259bul edilib.<\/p>\n<p>Bu bar\u0259d\u0259 D\u00f6vl\u0259t S\u0259rh\u0259d Xidm\u0259tinin M\u0259tbuat M\u0259rk\u0259zind\u0259n m\u0259lumat verilib.<\/p>\n<p>D\u00f6vl\u0259t S\u0259rh\u0259d Xidm\u0259tinin aparat\u0131nda r\u0259smi qar\u015f\u0131lanma m\u0259rasimi t\u0259\u015fkil olunub, \u0130srailin m\u00fcdafi\u0259 naziri Yoav Qallant f\u0259xri qarovul d\u0259st\u0259sinin \u00f6n\u00fcnd\u0259n ke\u00e7ib, \u201cF\u0259xri qonaqlar\u201d kitab\u0131na \u00fcr\u0259k s\u00f6zl\u0259rini yaz\u0131b.<\/p>\n<p>G\u00f6r\u00fc\u015fd\u0259 D\u00f6vl\u0259t S\u0259rh\u0259d Xidm\u0259tinin r\u0259isi general-polkovnik El\u00e7in Quliyev Az\u0259rbaycan Respublikas\u0131 v\u0259 \u0130srail D\u00f6vl\u0259ti aras\u0131nda qar\u015f\u0131l\u0131ql\u0131 faydal\u0131 m\u00fcnasib\u0259tl\u0259rin b\u00fct\u00fcn istiqam\u0259tl\u0259rd\u0259, o c\u00fcml\u0259d\u0259n h\u0259rbi-texniki sah\u0259d\u0259 u\u011furla inki\u015faf etdiyini vur\u011fulay\u0131b.<\/p>\n<div id=\"22881913269\"><\/div>\n<p>Az\u0259rbaycan Respublikas\u0131n\u0131n Prezidenti \u0130lham \u018fliyevin Ali Ba\u015f Komandanl\u0131\u011f\u0131 alt\u0131nda V\u0259t\u0259n m\u00fcharib\u0259sind\u0259 qazan\u0131lm\u0131\u015f tarixi Z\u0259f\u0259r n\u0259tic\u0259sind\u0259 \u00f6lk\u0259mizin \u0259razi b\u00fct\u00f6vl\u00fcy\u00fcn\u00fcn b\u0259rpa olunmas\u0131 vur\u011fulan\u0131b, azad edilmi\u015f \u0259razil\u0259rd\u0259 d\u00f6vl\u0259t s\u0259rh\u0259dl\u0259rinin m\u00fchafiz\u0259si v\u0259 m\u00fcdafi\u0259si \u00fczr\u0259 f\u0259aliyy\u0259tl\u0259rin t\u0259\u015fkili, z\u0259ruri infrastrukturun yarad\u0131lmas\u0131 istiqam\u0259tind\u0259 g\u00f6r\u00fcl\u0259n i\u015fl\u0259r bar\u0259d\u0259 \u0259trafl\u0131 m\u0259lumat verilib.<\/p>\n<p>M\u00fczakir\u0259 zaman\u0131 qurumlar aras\u0131nda birg\u0259 \u0259m\u0259kda\u015fl\u0131q f\u0259aliyy\u0259tl\u0259rin\u0259 n\u0259z\u0259r sal\u0131n\u0131b, bu kimi s\u0259f\u0259rl\u0259rin ikit\u0259r\u0259fli \u0259laq\u0259l\u0259rin daha da inki\u015faf etdirilm\u0259sind\u0259 \u0259h\u0259miyy\u0259tli rolu vur\u011fulan\u0131b, qar\u015f\u0131l\u0131ql\u0131 maraq k\u0259sb ed\u0259n istiqam\u0259tl\u0259rd\u0259 \u0259m\u0259kda\u015fl\u0131\u011f\u0131n inki\u015faf etdirilm\u0259sin\u0259 dair fikir m\u00fcbadil\u0259si apar\u0131l\u0131b.<\/p>\n<p>&nbsp;<\/p>\n<div class=\"gallery\">\n<div class=\"gallery-i\"><img src=\"https:\/\/cdn.oxu.az\/uploads\/W1siZiIsIjIwMjMvMDcvMTMvMTcvMDcvMzIvZWUxYWMyN2YtN2YxMC00MDk0LThjYmEtODZjNDE2N2I1MDQ5Lzk1OGQ2Y2E2LTE5NzgtMzE0Zi04M2M0LTMyZTM0NjRjMTJmYy5qcGciXSxbInAiLCJlbmNvZGUiLCJqcGciLCItcXVhbGl0eSA4MCJdLFsicCIsInRodW1iIiwiNTkweDU5MFx1MDAzZSJdXQ?sha=a37586ed870d4ece\" alt=\"\" \/><\/p>\n<div class=\"gallery-i-caption\"><\/div>\n<\/div>\n<div class=\"gallery-i\"><img src=\"https:\/\/cdn.oxu.az\/uploads\/W1siZiIsIjIwMjMvMDcvMTMvMTcvMDcvMzIvY2NlZWE4NWItN2NmNS00ODFmLWI4ZTEtNDBjNDc3YTY5MzU2LzMxNGQ0YTZlLWZjNWMtMzk1MS05MTY0LTRjY2IxYmE3NDgwNS5qcGciXSxbInAiLCJlbmNvZGUiLCJqcGciLCItcXVhbGl0eSA4MCJdLFsicCIsInRodW1iIiwiNTkweDU5MFx1MDAzZSJdXQ?sha=749d5c0597b97d91\" alt=\"\" \/><\/p>\n<div class=\"gallery-i-caption\"><\/div>\n<\/div>\n<div class=\"gallery-i\"><img src=\"https:\/\/cdn.oxu.az\/uploads\/W1siZiIsIjIwMjMvMDcvMTMvMTcvMDcvMzEvYzFjMGQwMTctZGJjYS00YTI5LTgyMTgtNmVhZmEwNDU2Mzc4LzJmNGQyZDliLWNmYTEtM2ZiMS04MGQ0LTQ4YWNjMzFkZjdhMy5qcGciXSxbInAiLCJlbmNvZGUiLCJqcGciLCItcXVhbGl0eSA4MCJdLFsicCIsInRodW1iIiwiNTkweDU5MFx1MDAzZSJdXQ?sha=a9b3f355667999d6\" alt=\"\" \/><\/p>\n<div class=\"gallery-i-caption\"><\/div>\n<\/div>\n<div class=\"gallery-i\"><img src=\"https:\/\/cdn.oxu.az\/uploads\/W1siZiIsIjIwMjMvMDcvMTMvMTcvMDcvMzEvOTQ1MGM3OTEtNDEzZC00ZTI1LTg1NzctMzg4NmZlOGI4MWZmLzBlZTY5ZmZkLTdlMmYtM2Q0Ni04Y2E3LTNmY2VlOTkyZmU3Mi5qcGciXSxbInAiLCJlbmNvZGUiLCJqcGciLCItcXVhbGl0eSA4MCJdLFsicCIsInRodW1iIiwiNTkweDU5MFx1MDAzZSJdXQ?sha=abd5c039a3136efe\" alt=\"\" \/><\/div>\n<\/div>\n","protected":false},"excerpt":{"rendered":"<p>\u0130yul ay\u0131n\u0131n 13-d\u0259 \u00f6lk\u0259mizd\u0259 r\u0259smi s\u0259f\u0259rd\u0259 olan \u0130srail D\u00f6vl\u0259tinin m\u00fcdafi\u0259 naziri Yoav Qallant\u0131n r\u0259hb\u0259rlik etdiyi n\u00fcmay\u0259nd\u0259 hey\u0259ti D\u00f6vl\u0259t S\u0259rh\u0259d Xidm\u0259tinin r\u0259isi general-polkovnik El\u00e7in Quliyev t\u0259r\u0259find\u0259n q\u0259bul edilib. Bu bar\u0259d\u0259 D\u00f6vl\u0259t S\u0259rh\u0259d Xidm\u0259tinin M\u0259tbuat M\u0259rk\u0259zind\u0259n m\u0259lumat verilib. D\u00f6vl\u0259t S\u0259rh\u0259d Xidm\u0259tinin aparat\u0131nda r\u0259smi qar\u015f\u0131lanma m\u0259rasimi t\u0259\u015fkil olunub, \u0130srailin m\u00fcdafi\u0259 naziri Yoav Qallant f\u0259xri qarovul d\u0259st\u0259sinin \u00f6n\u00fcnd\u0259n ke\u00e7ib, \u201cF\u0259xri qonaqlar\u201d kitab\u0131na \u00fcr\u0259k s\u00f6zl\u0259rini yaz\u0131b. G\u00f6r\u00fc\u015fd\u0259 D\u00f6vl\u0259t S\u0259rh\u0259d Xidm\u0259tinin r\u0259isi general-polkovnik El\u00e7in Quliyev Az\u0259rbaycan Respublikas\u0131 v\u0259 \u0130srail D\u00f6vl\u0259ti aras\u0131nda qar\u015f\u0131l\u0131ql\u0131 faydal\u0131 m\u00fcnasib\u0259tl\u0259rin b\u00fct\u00fcn istiqam\u0259tl\u0259rd\u0259, o c\u00fcml\u0259d\u0259n h\u0259rbi-texniki sah\u0259d\u0259 u\u011furla inki\u015faf etdiyini vur\u011fulay\u0131b. Az\u0259rbaycan Respublikas\u0131n\u0131n&hellip;<\/p>\n","protected":false},"author":2,"featured_media":609260,"comment_status":"closed","ping_status":"closed","sticky":false,"template":"","format":"standard","meta":{"om_disable_all_campaigns":false,"_monsterinsights_skip_tracking":false,"_monsterinsights_sitenote_active":false,"_monsterinsights_sitenote_note":"","_monsterinsights_sitenote_category":0},"categories":[19],"tags":[],"aioseo_notices":[],"gutentor_comment":0,"rttpg_featured_image_url":{"full":["https:\/\/arantv.az\/wp-content\/uploads\/2023\/07\/6c0ed439-1445-3124-a43c-9b06a241a029_850.jpg",620,387,false],"landscape":["https:\/\/arantv.az\/wp-content\/uploads\/2023\/07\/6c0ed439-1445-3124-a43c-9b06a241a029_850.jpg",620,387,false],"portraits":["https:\/\/arantv.az\/wp-content\/uploads\/2023\/07\/6c0ed439-1445-3124-a43c-9b06a241a029_850.jpg",620,387,false],"thumbnail":["https:\/\/arantv.az\/wp-content\/uploads\/2023\/07\/6c0ed439-1445-3124-a43c-9b06a241a029_850-500x280.jpg",500,280,true],"medium":["https:\/\/arantv.az\/wp-content\/uploads\/2023\/07\/6c0ed439-1445-3124-a43c-9b06a241a029_850-585x365.jpg",585,365,true],"large":["https:\/\/arantv.az\/wp-content\/uploads\/2023\/07\/6c0ed439-1445-3124-a43c-9b06a241a029_850.jpg",620,387,false],"1536x1536":["https:\/\/arantv.az\/wp-content\/uploads\/2023\/07\/6c0ed439-1445-3124-a43c-9b06a241a029_850.jpg",620,387,false],"2048x2048":["https:\/\/arantv.az\/wp-content\/uploads\/2023\/07\/6c0ed439-1445-3124-a43c-9b06a241a029_850.jpg",620,387,false],"post-thumbnail":["https:\/\/arantv.az\/wp-content\/uploads\/2023\/07\/6c0ed439-1445-3124-a43c-9b06a241a029_850-240x172.jpg",240,172,true],"advps-thumb-one":["https:\/\/arantv.az\/wp-content\/uploads\/2023\/07\/6c0ed439-1445-3124-a43c-9b06a241a029_850.jpg",620,387,false]},"rttpg_author":{"display_name":"V\u00fcsal Rafiqo\u011flu","author_link":"https:\/\/arantv.az\/?author=2"},"rttpg_comment":0,"rttpg_category":"<a href=\"https:\/\/arantv.az\/?cat=19\" rel=\"category\">G\u00fcnd\u0259m<\/a>","rttpg_excerpt":"\u0130yul ay\u0131n\u0131n 13-d\u0259 \u00f6lk\u0259mizd\u0259 r\u0259smi s\u0259f\u0259rd\u0259 olan \u0130srail D\u00f6vl\u0259tinin m\u00fcdafi\u0259 naziri Yoav Qallant\u0131n r\u0259hb\u0259rlik etdiyi n\u00fcmay\u0259nd\u0259 hey\u0259ti D\u00f6vl\u0259t S\u0259rh\u0259d Xidm\u0259tinin r\u0259isi general-polkovnik El\u00e7in Quliyev t\u0259r\u0259find\u0259n q\u0259bul edilib. Bu bar\u0259d\u0259 D\u00f6vl\u0259t S\u0259rh\u0259d Xidm\u0259tinin M\u0259tbuat M\u0259rk\u0259zind\u0259n m\u0259lumat verilib. D\u00f6vl\u0259t S\u0259rh\u0259d Xidm\u0259tinin aparat\u0131nda r\u0259smi qar\u015f\u0131lanma m\u0259rasimi t\u0259\u015fkil olunub, \u0130srailin m\u00fcdafi\u0259 naziri Yoav Qallant f\u0259xri qarovul d\u0259st\u0259sinin \u00f6n\u00fcnd\u0259n ke\u00e7ib,&hellip;","_links":{"self":[{"href":"https:\/\/arantv.az\/index.php?rest_route=\/wp\/v2\/posts\/609259"}],"collection":[{"href":"https:\/\/arantv.az\/index.php?rest_route=\/wp\/v2\/posts"}],"about":[{"href":"https:\/\/arantv.az\/index.php?rest_route=\/wp\/v2\/types\/post"}],"author":[{"embeddable":true,"href":"https:\/\/arantv.az\/index.php?rest_route=\/wp\/v2\/users\/2"}],"replies":[{"embeddable":true,"href":"https:\/\/arantv.az\/index.php?rest_route=%2Fwp%2Fv2%2Fcomments&post=609259"}],"version-history":[{"count":0,"href":"https:\/\/arantv.az\/index.php?rest_route=\/wp\/v2\/posts\/609259\/revisions"}],"wp:featuredmedia":[{"embeddable":true,"href":"https:\/\/arantv.az\/index.php?rest_route=\/wp\/v2\/media\/609260"}],"wp:attachment":[{"href":"https:\/\/arantv.az\/index.php?rest_route=%2Fwp%2Fv2%2Fmedia&parent=609259"}],"wp:term":[{"taxonomy":"category","embeddable":true,"href":"https:\/\/arantv.az\/index.php?rest_route=%2Fwp%2Fv2%2Fcategories&post=609259"},{"taxonomy":"post_tag","embeddable":true,"href":"https:\/\/arantv.az\/index.php?rest_route=%2Fwp%2Fv2%2Ftags&post=609259"}],"curies":[{"name":"wp","href":"https:\/\/api.w.org\/{rel}","templated":true}]}}