{"id":609262,"date":"2023-07-13T19:03:02","date_gmt":"2023-07-13T15:03:02","guid":{"rendered":"https:\/\/arantv.az\/?p=609262"},"modified":"2023-07-13T19:03:02","modified_gmt":"2023-07-13T15:03:02","slug":"fuad-n%c9%99c%c9%99fli-naxcivanda-indiy%c9%99-q%c9%99d%c9%99r-aparilan-tikinti-isl%c9%99rind%c9%99-noqsanlara-yol-verilib","status":"publish","type":"post","link":"https:\/\/arantv.az\/?p=609262","title":{"rendered":"Fuad N\u0259c\u0259fli: \u201cNax\u00e7\u0131vanda indiy\u0259 q\u0259d\u0259r apar\u0131lan tikinti i\u015fl\u0259rind\u0259 n\u00f6qsanlara yol verilib\u201d"},"content":{"rendered":"<p>\u201cNax\u00e7\u0131van Muxtar Respublikas\u0131n\u0131n b\u00fct\u00fcn \u015f\u0259h\u0259rl\u0259rinin ba\u015f planlar\u0131 haz\u0131rlanacaq\u201d.<\/p>\n<p>\u201cReport\u201dun yerli b\u00fcrosunun x\u0259b\u0259rin\u0259 g\u00f6r\u0259, bunu Az\u0259rbaycan Prezidentinin Nax\u00e7\u0131van Muxtar Respublikas\u0131nda s\u0259lahiyy\u0259tli n\u00fcmay\u0259nd\u0259si Fuad N\u0259c\u0259fli iyulun 13-d\u0259 Nax\u00e7\u0131van \u015f\u0259h\u0259rind\u0259 yeni \u201c\u00dcmid\u201d ya\u015fay\u0131\u015f kompleksinin istifad\u0259y\u0259 verilm\u0259si zaman\u0131 sakinl\u0259rl\u0259 g\u00f6r\u00fc\u015fd\u0259 deyib.<\/p>\n<p>O bildirib ki, Nax\u00e7\u0131vanda indiy\u0259 q\u0259d\u0259r apar\u0131lan tikinti i\u015fl\u0259rind\u0259 n\u00f6qsanlara yol verilib, \u0259halinin m\u00fclkiyy\u0259t h\u00fcququ pozulub, apar\u0131lan tikinti i\u015fl\u0259rind\u0259 funksionall\u0131q v\u0259 memarl\u0131q i\u015fi laz\u0131mi s\u0259viyy\u0259d\u0259 olmay\u0131b.<\/p>\n<p>F.N\u0259c\u0259fli s\u00f6yl\u0259yib ki, bu g\u00fcn haz\u0131rlanan yeni layih\u0259l\u0259r is\u0259 elm\u0259 yana\u015fma v\u0259 qanunvericiliyin t\u0259l\u0259bl\u0259rin\u0259 \u0259saslan\u0131r:<\/p>\n<p>\u201cT\u0259\u0259ss\u00fcf ki, muxtar respublikada Nax\u00e7\u0131van \u015f\u0259h\u0259rind\u0259n ba\u015fqa, he\u00e7 bir \u015f\u0259h\u0259rin ba\u015f plan\u0131 yoxdur. Nax\u00e7\u0131van \u015f\u0259h\u0259rinin ba\u015f plan\u0131 1984-c\u00fc ild\u0259 haz\u0131rlan\u0131b. Ba\u015f planda is\u0259 h\u0259min ild\u0259n indiki d\u00f6vr\u0259 q\u0259d\u0259r \u015f\u0259h\u0259rd\u0259 ba\u015f ver\u0259n inki\u015fafla ba\u011fl\u0131 he\u00e7 bir qeydiyyat apar\u0131lmay\u0131b. Z\u0259rur\u0259t n\u0259z\u0259r\u0259 al\u0131naraq, muxtar respublikan\u0131n b\u00fct\u00fcn \u015f\u0259h\u0259rl\u0259rinin ba\u015f planlar\u0131 haz\u0131rlanacaq\u201d.<\/p>\n","protected":false},"excerpt":{"rendered":"<p>\u201cNax\u00e7\u0131van Muxtar Respublikas\u0131n\u0131n b\u00fct\u00fcn \u015f\u0259h\u0259rl\u0259rinin ba\u015f planlar\u0131 haz\u0131rlanacaq\u201d. \u201cReport\u201dun yerli b\u00fcrosunun x\u0259b\u0259rin\u0259 g\u00f6r\u0259, bunu Az\u0259rbaycan Prezidentinin Nax\u00e7\u0131van Muxtar Respublikas\u0131nda s\u0259lahiyy\u0259tli n\u00fcmay\u0259nd\u0259si Fuad N\u0259c\u0259fli iyulun 13-d\u0259 Nax\u00e7\u0131van \u015f\u0259h\u0259rind\u0259 yeni \u201c\u00dcmid\u201d ya\u015fay\u0131\u015f kompleksinin istifad\u0259y\u0259 verilm\u0259si zaman\u0131 sakinl\u0259rl\u0259 g\u00f6r\u00fc\u015fd\u0259 deyib. O bildirib ki, Nax\u00e7\u0131vanda indiy\u0259 q\u0259d\u0259r apar\u0131lan tikinti i\u015fl\u0259rind\u0259 n\u00f6qsanlara yol verilib, \u0259halinin m\u00fclkiyy\u0259t h\u00fcququ pozulub, apar\u0131lan tikinti i\u015fl\u0259rind\u0259 funksionall\u0131q v\u0259 memarl\u0131q i\u015fi laz\u0131mi s\u0259viyy\u0259d\u0259 olmay\u0131b. F.N\u0259c\u0259fli s\u00f6yl\u0259yib ki, bu g\u00fcn haz\u0131rlanan yeni layih\u0259l\u0259r is\u0259 elm\u0259 yana\u015fma v\u0259 qanunvericiliyin t\u0259l\u0259bl\u0259rin\u0259 \u0259saslan\u0131r: \u201cT\u0259\u0259ss\u00fcf ki, muxtar respublikada Nax\u00e7\u0131van \u015f\u0259h\u0259rind\u0259n ba\u015fqa, he\u00e7 bir \u015f\u0259h\u0259rin ba\u015f plan\u0131&hellip;<\/p>\n","protected":false},"author":2,"featured_media":609263,"comment_status":"closed","ping_status":"closed","sticky":false,"template":"","format":"standard","meta":{"om_disable_all_campaigns":false,"_monsterinsights_skip_tracking":false,"_monsterinsights_sitenote_active":false,"_monsterinsights_sitenote_note":"","_monsterinsights_sitenote_category":0},"categories":[30],"tags":[],"aioseo_notices":[],"gutentor_comment":0,"rttpg_featured_image_url":{"full":["https:\/\/arantv.az\/wp-content\/uploads\/2023\/07\/e8b9782c-168c-3d90-a534-ab8af7f1b8e5_850.jpg",620,387,false],"landscape":["https:\/\/arantv.az\/wp-content\/uploads\/2023\/07\/e8b9782c-168c-3d90-a534-ab8af7f1b8e5_850.jpg",620,387,false],"portraits":["https:\/\/arantv.az\/wp-content\/uploads\/2023\/07\/e8b9782c-168c-3d90-a534-ab8af7f1b8e5_850.jpg",620,387,false],"thumbnail":["https:\/\/arantv.az\/wp-content\/uploads\/2023\/07\/e8b9782c-168c-3d90-a534-ab8af7f1b8e5_850-500x280.jpg",500,280,true],"medium":["https:\/\/arantv.az\/wp-content\/uploads\/2023\/07\/e8b9782c-168c-3d90-a534-ab8af7f1b8e5_850-585x365.jpg",585,365,true],"large":["https:\/\/arantv.az\/wp-content\/uploads\/2023\/07\/e8b9782c-168c-3d90-a534-ab8af7f1b8e5_850.jpg",620,387,false],"1536x1536":["https:\/\/arantv.az\/wp-content\/uploads\/2023\/07\/e8b9782c-168c-3d90-a534-ab8af7f1b8e5_850.jpg",620,387,false],"2048x2048":["https:\/\/arantv.az\/wp-content\/uploads\/2023\/07\/e8b9782c-168c-3d90-a534-ab8af7f1b8e5_850.jpg",620,387,false],"post-thumbnail":["https:\/\/arantv.az\/wp-content\/uploads\/2023\/07\/e8b9782c-168c-3d90-a534-ab8af7f1b8e5_850-240x172.jpg",240,172,true],"advps-thumb-one":["https:\/\/arantv.az\/wp-content\/uploads\/2023\/07\/e8b9782c-168c-3d90-a534-ab8af7f1b8e5_850.jpg",620,387,false]},"rttpg_author":{"display_name":"V\u00fcsal Rafiqo\u011flu","author_link":"https:\/\/arantv.az\/?author=2"},"rttpg_comment":0,"rttpg_category":"<a href=\"https:\/\/arantv.az\/?cat=30\" rel=\"category\">B\u00f6lg\u0259<\/a>","rttpg_excerpt":"\u201cNax\u00e7\u0131van Muxtar Respublikas\u0131n\u0131n b\u00fct\u00fcn \u015f\u0259h\u0259rl\u0259rinin ba\u015f planlar\u0131 haz\u0131rlanacaq\u201d. \u201cReport\u201dun yerli b\u00fcrosunun x\u0259b\u0259rin\u0259 g\u00f6r\u0259, bunu Az\u0259rbaycan Prezidentinin Nax\u00e7\u0131van Muxtar Respublikas\u0131nda s\u0259lahiyy\u0259tli n\u00fcmay\u0259nd\u0259si Fuad N\u0259c\u0259fli iyulun 13-d\u0259 Nax\u00e7\u0131van \u015f\u0259h\u0259rind\u0259 yeni \u201c\u00dcmid\u201d ya\u015fay\u0131\u015f kompleksinin istifad\u0259y\u0259 verilm\u0259si zaman\u0131 sakinl\u0259rl\u0259 g\u00f6r\u00fc\u015fd\u0259 deyib. O bildirib ki, Nax\u00e7\u0131vanda indiy\u0259 q\u0259d\u0259r apar\u0131lan tikinti i\u015fl\u0259rind\u0259 n\u00f6qsanlara yol verilib, \u0259halinin m\u00fclkiyy\u0259t h\u00fcququ pozulub, apar\u0131lan tikinti&hellip;","_links":{"self":[{"href":"https:\/\/arantv.az\/index.php?rest_route=\/wp\/v2\/posts\/609262"}],"collection":[{"href":"https:\/\/arantv.az\/index.php?rest_route=\/wp\/v2\/posts"}],"about":[{"href":"https:\/\/arantv.az\/index.php?rest_route=\/wp\/v2\/types\/post"}],"author":[{"embeddable":true,"href":"https:\/\/arantv.az\/index.php?rest_route=\/wp\/v2\/users\/2"}],"replies":[{"embeddable":true,"href":"https:\/\/arantv.az\/index.php?rest_route=%2Fwp%2Fv2%2Fcomments&post=609262"}],"version-history":[{"count":0,"href":"https:\/\/arantv.az\/index.php?rest_route=\/wp\/v2\/posts\/609262\/revisions"}],"wp:featuredmedia":[{"embeddable":true,"href":"https:\/\/arantv.az\/index.php?rest_route=\/wp\/v2\/media\/609263"}],"wp:attachment":[{"href":"https:\/\/arantv.az\/index.php?rest_route=%2Fwp%2Fv2%2Fmedia&parent=609262"}],"wp:term":[{"taxonomy":"category","embeddable":true,"href":"https:\/\/arantv.az\/index.php?rest_route=%2Fwp%2Fv2%2Fcategories&post=609262"},{"taxonomy":"post_tag","embeddable":true,"href":"https:\/\/arantv.az\/index.php?rest_route=%2Fwp%2Fv2%2Ftags&post=609262"}],"curies":[{"name":"wp","href":"https:\/\/api.w.org\/{rel}","templated":true}]}}