{"id":609268,"date":"2023-07-13T23:56:45","date_gmt":"2023-07-13T19:56:45","guid":{"rendered":"https:\/\/arantv.az\/?p=609268"},"modified":"2023-07-13T23:56:45","modified_gmt":"2023-07-13T19:56:45","slug":"yap-b%c9%99rd%c9%99-rayon-t%c9%99skilati-milli-m%c9%99tbuat-v%c9%99-jurnalistika-gunu-munasib%c9%99til%c9%99-media-numay%c9%99nd%c9%99l%c9%99ri-il%c9%99-gorus-kecirmisdirfoto","status":"publish","type":"post","link":"https:\/\/arantv.az\/?p=609268","title":{"rendered":"YAP B\u0259rd\u0259 rayon t\u0259\u015fkilat\u0131 Milli M\u0259tbuat v\u0259 Jurnalistika g\u00fcn\u00fc m\u00fcnasib\u0259til\u0259 media n\u00fcmay\u0259nd\u0259l\u0259ri il\u0259 g\u00f6r\u00fc\u015f ke\u00e7irmi\u015fdir+FOTO"},"content":{"rendered":"<p>Yeni Az\u0259rbaycan Partiyas\u0131 (YAP) B\u0259rd\u0259 rayon t\u0259\u015fkilat\u0131nda Milli M\u0259tbuat v\u0259 Jurnalistika G\u00fcn\u00fc m\u00fcnasib\u0259til\u0259 media n\u00fcmay\u0259nd\u0259l\u0259ri il\u0259 g\u00f6r\u00fc\u015f ke\u00e7irilib.<br \/>\n<strong>ARANTV.AZ<\/strong> x\u0259b\u0259r verir ki, \u0259vv\u0259lc\u0259 YAP B\u0259rd\u0259 rayon t\u0259\u015fkilat\u0131n\u0131n kollektivi media n\u00fcmay\u0259nd\u0259l\u0259ri il\u0259 birlikd\u0259 xalq\u0131m\u0131z\u0131n \u00dcmummilli Lideri Heyd\u0259r \u018fliyevin abid\u0259si \u00f6n\u00fcn\u0259 t\u0259r g\u00fcl d\u0259st\u0259l\u0259ri d\u00fcz\u0259r\u0259k \u0259ziz xatir\u0259sin\u0259 ehtiramlar\u0131n\u0131 bildiribl\u0259r.<br \/>\nT\u0259dbir Ulu \u00d6nd\u0259r Heyd\u0259r \u018fliyevin v\u0259 torpaqlar\u0131m\u0131z\u0131n \u0259razi b\u00fct\u00f6v\u0131l\u00fcy\u00fc u\u011frunda h\u0259lak olmu\u015f \u015f\u0259hidl\u0259rimizin, Milli M\u0259tbuat\u0131m\u0131z\u0131n banisi H\u0259s\u0259n b\u0259y Z\u0259rdabinin v\u0259 h\u0259yatdan getmi\u015f media n\u00fcmay\u0259nd\u0259l\u0259rinin xatir\u0259sinin bir d\u0259qiq\u0259lik s\u00fckutla yad edilm\u0259si il\u0259 ba\u015flay\u0131b.<br \/>\nYAP B\u0259rd\u0259 rayon t\u0259\u015fkilat\u0131n\u0131n s\u0259dri F\u0259q\u0259t \u015eadlinskaya milli m\u0259tbuat\u0131n yaranmas\u0131n\u0131n ild\u00f6n\u00fcm\u00fc m\u00fcnasib\u0259til\u0259 media i\u015f\u00e7il\u0259rini t\u0259brik edib, Az\u0259rbaycan m\u0259tbuat\u0131n\u0131n z\u0259ngin v\u0259 \u015f\u0259r\u0259fli yoluna, \u201c\u018fkin\u00e7i\u201d q\u0259zetinin f\u0259aliyy\u0259tin\u0259 n\u0259z\u0259r sal\u0131b, \u00f6lk\u0259mizd\u0259 bu sah\u0259y\u0259 g\u00f6st\u0259ril\u0259n d\u00f6vl\u0259t qay\u011f\u0131s\u0131ndan dan\u0131\u015f\u0131b. 44 g\u00fcnl\u00fck V\u0259t\u0259n m\u00fcharib\u0259sind\u0259 qazan\u0131lan b\u00f6y\u00fck Q\u0259l\u0259b\u0259nin \u0259ld\u0259 olunmas\u0131nda media n\u00fcmay\u0259nd\u0259l\u0259rinin d\u0259 b\u00fct\u00fcn xalq v\u0259 Ordu kimi Prezident, M\u00fcz\u0259ff\u0259r Ali Ba\u015f Komandan \u0130lham \u018fliyevin \u0259traf\u0131nda s\u0131x, d\u0259mir yumruq kimi birliyini x\u00fcsusil\u0259 vur\u011fulay\u0131b. Jurnalist ordusunun s\u00f6z v\u0259 q\u0259l\u0259mi il\u0259 V\u0259t\u0259n m\u00fcharib\u0259sind\u0259ki xidm\u0259tl\u0259rind\u0259n s\u00f6z a\u00e7\u0131b, informasiya sah\u0259sind\u0259 daim d\u00f6vl\u0259t siyas\u0259tini d\u0259st\u0259kl\u0259dikl\u0259rini bildirib.<br \/>\nT\u0259dbird\u0259 \u00e7\u0131x\u0131\u015f ed\u0259n media n\u00fcmay\u0259nd\u0259l\u0259ri m\u0259tbuata d\u00f6vl\u0259t d\u0259st\u0259yind\u0259n, m\u00fcasir m\u0259tbuat\u0131n v\u0259zif\u0259l\u0259rind\u0259n, c\u0259miyy\u0259tin t\u0259r\u0259qqisind\u0259ki rolundan dan\u0131\u015f\u0131blar.<br \/>\nSonda media n\u00fcmay\u0259nd\u0259l\u0259rin\u0259 YAP B\u0259rd\u0259 rayon t\u0259\u015fkilat\u0131n\u0131n h\u0259diyy\u0259l\u0259ri t\u0259qdim edilib, xatir\u0259 \u015f\u0259kil \u00e7\u0259kdirilib.<\/p>\n<p><img loading=\"lazy\" class=\"alignnone size-medium wp-image-609269\" src=\"https:\/\/arantv.az\/wp-content\/uploads\/2023\/07\/FB_IMG_1689277910429-548x365.jpg\" alt=\"\" width=\"548\" height=\"365\" \/> <img loading=\"lazy\" class=\"alignnone size-medium wp-image-609270\" src=\"https:\/\/arantv.az\/wp-content\/uploads\/2023\/07\/FB_IMG_1689277907386-551x365.jpg\" alt=\"\" width=\"551\" height=\"365\" \/> <img loading=\"lazy\" class=\"alignnone size-medium wp-image-609271\" src=\"https:\/\/arantv.az\/wp-content\/uploads\/2023\/07\/FB_IMG_1689277902206-598x365.jpg\" alt=\"\" width=\"598\" height=\"365\" \/> <img loading=\"lazy\" class=\"alignnone size-medium wp-image-609272\" src=\"https:\/\/arantv.az\/wp-content\/uploads\/2023\/07\/FB_IMG_1689277898830-552x365.jpg\" alt=\"\" width=\"552\" height=\"365\" \/> <img loading=\"lazy\" class=\"alignnone size-medium wp-image-609273\" src=\"https:\/\/arantv.az\/wp-content\/uploads\/2023\/07\/FB_IMG_1689277893747-552x365.jpg\" alt=\"\" width=\"552\" height=\"365\" \/> <img loading=\"lazy\" class=\"alignnone size-medium wp-image-609274\" src=\"https:\/\/arantv.az\/wp-content\/uploads\/2023\/07\/FB_IMG_1689277891218-563x365.jpg\" alt=\"\" width=\"563\" height=\"365\" \/> <img loading=\"lazy\" class=\"alignnone size-medium wp-image-609275\" src=\"https:\/\/arantv.az\/wp-content\/uploads\/2023\/07\/FB_IMG_1689277888531-585x365.jpg\" alt=\"\" width=\"585\" height=\"365\" \/> <img loading=\"lazy\" class=\"alignnone size-medium wp-image-609276\" src=\"https:\/\/arantv.az\/wp-content\/uploads\/2023\/07\/FB_IMG_1689277885829-508x365.jpg\" alt=\"\" width=\"508\" height=\"365\" \/><\/p>\n","protected":false},"excerpt":{"rendered":"<p>Yeni Az\u0259rbaycan Partiyas\u0131 (YAP) B\u0259rd\u0259 rayon t\u0259\u015fkilat\u0131nda Milli M\u0259tbuat v\u0259 Jurnalistika G\u00fcn\u00fc m\u00fcnasib\u0259til\u0259 media n\u00fcmay\u0259nd\u0259l\u0259ri il\u0259 g\u00f6r\u00fc\u015f ke\u00e7irilib. ARANTV.AZ x\u0259b\u0259r verir ki, \u0259vv\u0259lc\u0259 YAP B\u0259rd\u0259 rayon t\u0259\u015fkilat\u0131n\u0131n kollektivi media n\u00fcmay\u0259nd\u0259l\u0259ri il\u0259 birlikd\u0259 xalq\u0131m\u0131z\u0131n \u00dcmummilli Lideri Heyd\u0259r \u018fliyevin abid\u0259si \u00f6n\u00fcn\u0259 t\u0259r g\u00fcl d\u0259st\u0259l\u0259ri d\u00fcz\u0259r\u0259k \u0259ziz xatir\u0259sin\u0259 ehtiramlar\u0131n\u0131 bildiribl\u0259r. T\u0259dbir Ulu \u00d6nd\u0259r Heyd\u0259r \u018fliyevin v\u0259 torpaqlar\u0131m\u0131z\u0131n \u0259razi b\u00fct\u00f6v\u0131l\u00fcy\u00fc u\u011frunda h\u0259lak olmu\u015f \u015f\u0259hidl\u0259rimizin, Milli M\u0259tbuat\u0131m\u0131z\u0131n banisi H\u0259s\u0259n b\u0259y Z\u0259rdabinin v\u0259 h\u0259yatdan getmi\u015f media n\u00fcmay\u0259nd\u0259l\u0259rinin xatir\u0259sinin bir d\u0259qiq\u0259lik s\u00fckutla yad edilm\u0259si il\u0259 ba\u015flay\u0131b. YAP B\u0259rd\u0259 rayon t\u0259\u015fkilat\u0131n\u0131n s\u0259dri F\u0259q\u0259t \u015eadlinskaya milli m\u0259tbuat\u0131n yaranmas\u0131n\u0131n ild\u00f6n\u00fcm\u00fc&hellip;<\/p>\n","protected":false},"author":2,"featured_media":609272,"comment_status":"closed","ping_status":"closed","sticky":false,"template":"","format":"standard","meta":{"om_disable_all_campaigns":false,"_monsterinsights_skip_tracking":false,"_monsterinsights_sitenote_active":false,"_monsterinsights_sitenote_note":"","_monsterinsights_sitenote_category":0},"categories":[19,2],"tags":[],"aioseo_notices":[],"gutentor_comment":0,"rttpg_featured_image_url":{"full":["https:\/\/arantv.az\/wp-content\/uploads\/2023\/07\/FB_IMG_1689277898830.jpg",1080,714,false],"landscape":["https:\/\/arantv.az\/wp-content\/uploads\/2023\/07\/FB_IMG_1689277898830.jpg",1080,714,false],"portraits":["https:\/\/arantv.az\/wp-content\/uploads\/2023\/07\/FB_IMG_1689277898830.jpg",1080,714,false],"thumbnail":["https:\/\/arantv.az\/wp-content\/uploads\/2023\/07\/FB_IMG_1689277898830-500x280.jpg",500,280,true],"medium":["https:\/\/arantv.az\/wp-content\/uploads\/2023\/07\/FB_IMG_1689277898830-552x365.jpg",552,365,true],"large":["https:\/\/arantv.az\/wp-content\/uploads\/2023\/07\/FB_IMG_1689277898830-840x555.jpg",640,423,true],"1536x1536":["https:\/\/arantv.az\/wp-content\/uploads\/2023\/07\/FB_IMG_1689277898830.jpg",1080,714,false],"2048x2048":["https:\/\/arantv.az\/wp-content\/uploads\/2023\/07\/FB_IMG_1689277898830.jpg",1080,714,false],"post-thumbnail":["https:\/\/arantv.az\/wp-content\/uploads\/2023\/07\/FB_IMG_1689277898830-240x172.jpg",240,172,true],"advps-thumb-one":["https:\/\/arantv.az\/wp-content\/uploads\/2023\/07\/FB_IMG_1689277898830-1080x620.jpg",1080,620,true]},"rttpg_author":{"display_name":"V\u00fcsal Rafiqo\u011flu","author_link":"https:\/\/arantv.az\/?author=2"},"rttpg_comment":0,"rttpg_category":"<a href=\"https:\/\/arantv.az\/?cat=19\" rel=\"category\">G\u00fcnd\u0259m<\/a> <a href=\"https:\/\/arantv.az\/?cat=2\" rel=\"category\">Region X\u0259b\u0259rl\u0259ri<\/a>","rttpg_excerpt":"Yeni Az\u0259rbaycan Partiyas\u0131 (YAP) B\u0259rd\u0259 rayon t\u0259\u015fkilat\u0131nda Milli M\u0259tbuat v\u0259 Jurnalistika G\u00fcn\u00fc m\u00fcnasib\u0259til\u0259 media n\u00fcmay\u0259nd\u0259l\u0259ri il\u0259 g\u00f6r\u00fc\u015f ke\u00e7irilib. ARANTV.AZ x\u0259b\u0259r verir ki, \u0259vv\u0259lc\u0259 YAP B\u0259rd\u0259 rayon t\u0259\u015fkilat\u0131n\u0131n kollektivi media n\u00fcmay\u0259nd\u0259l\u0259ri il\u0259 birlikd\u0259 xalq\u0131m\u0131z\u0131n \u00dcmummilli Lideri Heyd\u0259r \u018fliyevin abid\u0259si \u00f6n\u00fcn\u0259 t\u0259r g\u00fcl d\u0259st\u0259l\u0259ri d\u00fcz\u0259r\u0259k \u0259ziz xatir\u0259sin\u0259 ehtiramlar\u0131n\u0131 bildiribl\u0259r. T\u0259dbir Ulu \u00d6nd\u0259r Heyd\u0259r \u018fliyevin v\u0259 torpaqlar\u0131m\u0131z\u0131n \u0259razi&hellip;","_links":{"self":[{"href":"https:\/\/arantv.az\/index.php?rest_route=\/wp\/v2\/posts\/609268"}],"collection":[{"href":"https:\/\/arantv.az\/index.php?rest_route=\/wp\/v2\/posts"}],"about":[{"href":"https:\/\/arantv.az\/index.php?rest_route=\/wp\/v2\/types\/post"}],"author":[{"embeddable":true,"href":"https:\/\/arantv.az\/index.php?rest_route=\/wp\/v2\/users\/2"}],"replies":[{"embeddable":true,"href":"https:\/\/arantv.az\/index.php?rest_route=%2Fwp%2Fv2%2Fcomments&post=609268"}],"version-history":[{"count":0,"href":"https:\/\/arantv.az\/index.php?rest_route=\/wp\/v2\/posts\/609268\/revisions"}],"wp:featuredmedia":[{"embeddable":true,"href":"https:\/\/arantv.az\/index.php?rest_route=\/wp\/v2\/media\/609272"}],"wp:attachment":[{"href":"https:\/\/arantv.az\/index.php?rest_route=%2Fwp%2Fv2%2Fmedia&parent=609268"}],"wp:term":[{"taxonomy":"category","embeddable":true,"href":"https:\/\/arantv.az\/index.php?rest_route=%2Fwp%2Fv2%2Fcategories&post=609268"},{"taxonomy":"post_tag","embeddable":true,"href":"https:\/\/arantv.az\/index.php?rest_route=%2Fwp%2Fv2%2Ftags&post=609268"}],"curies":[{"name":"wp","href":"https:\/\/api.w.org\/{rel}","templated":true}]}}