{"id":609287,"date":"2023-07-14T07:52:59","date_gmt":"2023-07-14T03:52:59","guid":{"rendered":"https:\/\/arantv.az\/?p=609287"},"modified":"2023-07-14T07:52:59","modified_gmt":"2023-07-14T03:52:59","slug":"%c9%99rdogan-putinl%c9%99-taxil-sazisini-muzakir%c9%99-ed%c9%99c%c9%99k","status":"publish","type":"post","link":"https:\/\/arantv.az\/?p=609287","title":{"rendered":"\u018frdo\u011fan Putinl\u0259 tax\u0131l sazi\u015fini m\u00fczakir\u0259 ed\u0259c\u0259k"},"content":{"rendered":"<p>T\u00fcrkiy\u0259 Prezidenti R\u0259c\u0259b Tayyib \u018frdo\u011fan rusiyal\u0131 h\u0259mkar\u0131 Vladimir Putinl\u0259 tax\u0131l m\u00fcqavil\u0259sinin m\u00fcdd\u0259ti bit\u0259n\u0259 q\u0259d\u0259r dan\u0131\u015f\u0131qlar aparmaq niyy\u0259tind\u0259dir.<\/p>\n<p>Bu bar\u0259d\u0259 c\u00fcm\u0259 ax\u015fam\u0131 hakim \u018fdal\u0259t v\u0259 \u0130nki\u015faf Partiyas\u0131n\u0131n n\u00fcmay\u0259nd\u0259si \u00d6m\u0259r \u00c7elik \u201cHabert\u00fcrk\u201d telekanal\u0131n\u0131n efirind\u0259 bildirib.<\/p>\n<p>\u00d6.\u00c7elik qeyd edib ki, ikit\u0259r\u0259fli m\u00fcnasib\u0259tl\u0259rd\u0259, o c\u00fcml\u0259d\u0259n Ankaran\u0131n \u0130sve\u00e7in NATO-ya q\u0259bulu \u00fc\u00e7\u00fcn protokolun ratifikasiyas\u0131 prosesini s\u00fcr\u0259tl\u0259ndirm\u0259k q\u0259rar\u0131 il\u0259 ba\u011fl\u0131 b\u00f6hran g\u00f6zl\u0259nilmir.<\/p>\n<p>\u201cM\u00fcnasib\u0259tl\u0259rd\u0259 b\u00f6hran olmayacaq, bunu g\u00f6zl\u0259m\u0259k laz\u0131m deyil. H\u0259r iki lider h\u0259ssas m\u00f6vzularda h\u0259mi\u015f\u0259 ortaq dil tap\u0131b\u201d, &#8211; \u00d6.\u00c7elik bildirib.<\/p>\n<p>O, h\u0259m\u00e7inin V.Putinin T\u00fcrkiy\u0259y\u0259 s\u0259f\u0259rinin m\u00fcmk\u00fcnl\u00fcy\u00fcn\u00fc d\u0259 istisna etm\u0259yib.<\/p>\n","protected":false},"excerpt":{"rendered":"<p>T\u00fcrkiy\u0259 Prezidenti R\u0259c\u0259b Tayyib \u018frdo\u011fan rusiyal\u0131 h\u0259mkar\u0131 Vladimir Putinl\u0259 tax\u0131l m\u00fcqavil\u0259sinin m\u00fcdd\u0259ti bit\u0259n\u0259 q\u0259d\u0259r dan\u0131\u015f\u0131qlar aparmaq niyy\u0259tind\u0259dir. Bu bar\u0259d\u0259 c\u00fcm\u0259 ax\u015fam\u0131 hakim \u018fdal\u0259t v\u0259 \u0130nki\u015faf Partiyas\u0131n\u0131n n\u00fcmay\u0259nd\u0259si \u00d6m\u0259r \u00c7elik \u201cHabert\u00fcrk\u201d telekanal\u0131n\u0131n efirind\u0259 bildirib. \u00d6.\u00c7elik qeyd edib ki, ikit\u0259r\u0259fli m\u00fcnasib\u0259tl\u0259rd\u0259, o c\u00fcml\u0259d\u0259n Ankaran\u0131n \u0130sve\u00e7in NATO-ya q\u0259bulu \u00fc\u00e7\u00fcn protokolun ratifikasiyas\u0131 prosesini s\u00fcr\u0259tl\u0259ndirm\u0259k q\u0259rar\u0131 il\u0259 ba\u011fl\u0131 b\u00f6hran g\u00f6zl\u0259nilmir. \u201cM\u00fcnasib\u0259tl\u0259rd\u0259 b\u00f6hran olmayacaq, bunu g\u00f6zl\u0259m\u0259k laz\u0131m deyil. H\u0259r iki lider h\u0259ssas m\u00f6vzularda h\u0259mi\u015f\u0259 ortaq dil tap\u0131b\u201d, &#8211; \u00d6.\u00c7elik bildirib. O, h\u0259m\u00e7inin V.Putinin T\u00fcrkiy\u0259y\u0259 s\u0259f\u0259rinin m\u00fcmk\u00fcnl\u00fcy\u00fcn\u00fc d\u0259 istisna etm\u0259yib.<\/p>\n","protected":false},"author":2,"featured_media":609288,"comment_status":"closed","ping_status":"closed","sticky":false,"template":"","format":"standard","meta":{"om_disable_all_campaigns":false,"_monsterinsights_skip_tracking":false,"_monsterinsights_sitenote_active":false,"_monsterinsights_sitenote_note":"","_monsterinsights_sitenote_category":0},"categories":[4],"tags":[],"aioseo_notices":[],"gutentor_comment":0,"rttpg_featured_image_url":{"full":["https:\/\/arantv.az\/wp-content\/uploads\/2023\/07\/imgpreview.jpg",620,413,false],"landscape":["https:\/\/arantv.az\/wp-content\/uploads\/2023\/07\/imgpreview.jpg",620,413,false],"portraits":["https:\/\/arantv.az\/wp-content\/uploads\/2023\/07\/imgpreview.jpg",620,413,false],"thumbnail":["https:\/\/arantv.az\/wp-content\/uploads\/2023\/07\/imgpreview-500x280.jpg",500,280,true],"medium":["https:\/\/arantv.az\/wp-content\/uploads\/2023\/07\/imgpreview-548x365.jpg",548,365,true],"large":["https:\/\/arantv.az\/wp-content\/uploads\/2023\/07\/imgpreview.jpg",620,413,false],"1536x1536":["https:\/\/arantv.az\/wp-content\/uploads\/2023\/07\/imgpreview.jpg",620,413,false],"2048x2048":["https:\/\/arantv.az\/wp-content\/uploads\/2023\/07\/imgpreview.jpg",620,413,false],"post-thumbnail":["https:\/\/arantv.az\/wp-content\/uploads\/2023\/07\/imgpreview-240x172.jpg",240,172,true],"advps-thumb-one":["https:\/\/arantv.az\/wp-content\/uploads\/2023\/07\/imgpreview.jpg",620,413,false]},"rttpg_author":{"display_name":"V\u00fcsal Rafiqo\u011flu","author_link":"https:\/\/arantv.az\/?author=2"},"rttpg_comment":0,"rttpg_category":"<a href=\"https:\/\/arantv.az\/?cat=4\" rel=\"category\">Siyas\u0259t<\/a>","rttpg_excerpt":"T\u00fcrkiy\u0259 Prezidenti R\u0259c\u0259b Tayyib \u018frdo\u011fan rusiyal\u0131 h\u0259mkar\u0131 Vladimir Putinl\u0259 tax\u0131l m\u00fcqavil\u0259sinin m\u00fcdd\u0259ti bit\u0259n\u0259 q\u0259d\u0259r dan\u0131\u015f\u0131qlar aparmaq niyy\u0259tind\u0259dir. Bu bar\u0259d\u0259 c\u00fcm\u0259 ax\u015fam\u0131 hakim \u018fdal\u0259t v\u0259 \u0130nki\u015faf Partiyas\u0131n\u0131n n\u00fcmay\u0259nd\u0259si \u00d6m\u0259r \u00c7elik \u201cHabert\u00fcrk\u201d telekanal\u0131n\u0131n efirind\u0259 bildirib. \u00d6.\u00c7elik qeyd edib ki, ikit\u0259r\u0259fli m\u00fcnasib\u0259tl\u0259rd\u0259, o c\u00fcml\u0259d\u0259n Ankaran\u0131n \u0130sve\u00e7in NATO-ya q\u0259bulu \u00fc\u00e7\u00fcn protokolun ratifikasiyas\u0131 prosesini s\u00fcr\u0259tl\u0259ndirm\u0259k q\u0259rar\u0131 il\u0259 ba\u011fl\u0131 b\u00f6hran g\u00f6zl\u0259nilmir.&hellip;","_links":{"self":[{"href":"https:\/\/arantv.az\/index.php?rest_route=\/wp\/v2\/posts\/609287"}],"collection":[{"href":"https:\/\/arantv.az\/index.php?rest_route=\/wp\/v2\/posts"}],"about":[{"href":"https:\/\/arantv.az\/index.php?rest_route=\/wp\/v2\/types\/post"}],"author":[{"embeddable":true,"href":"https:\/\/arantv.az\/index.php?rest_route=\/wp\/v2\/users\/2"}],"replies":[{"embeddable":true,"href":"https:\/\/arantv.az\/index.php?rest_route=%2Fwp%2Fv2%2Fcomments&post=609287"}],"version-history":[{"count":0,"href":"https:\/\/arantv.az\/index.php?rest_route=\/wp\/v2\/posts\/609287\/revisions"}],"wp:featuredmedia":[{"embeddable":true,"href":"https:\/\/arantv.az\/index.php?rest_route=\/wp\/v2\/media\/609288"}],"wp:attachment":[{"href":"https:\/\/arantv.az\/index.php?rest_route=%2Fwp%2Fv2%2Fmedia&parent=609287"}],"wp:term":[{"taxonomy":"category","embeddable":true,"href":"https:\/\/arantv.az\/index.php?rest_route=%2Fwp%2Fv2%2Fcategories&post=609287"},{"taxonomy":"post_tag","embeddable":true,"href":"https:\/\/arantv.az\/index.php?rest_route=%2Fwp%2Fv2%2Ftags&post=609287"}],"curies":[{"name":"wp","href":"https:\/\/api.w.org\/{rel}","templated":true}]}}