{"id":609303,"date":"2023-07-14T08:01:28","date_gmt":"2023-07-14T04:01:28","guid":{"rendered":"https:\/\/arantv.az\/?p=609303"},"modified":"2023-07-14T08:01:28","modified_gmt":"2023-07-14T04:01:28","slug":"s%c9%99hid-ail%c9%99l%c9%99ri-v%c9%99-qazil%c9%99r%c9%99-daha-72-m%c9%99nzil-veril%c9%99c%c9%99k","status":"publish","type":"post","link":"https:\/\/arantv.az\/?p=609303","title":{"rendered":"\u015e\u0259hid ail\u0259l\u0259ri v\u0259 qazil\u0259r\u0259 daha 72 m\u0259nzil veril\u0259c\u0259k"},"content":{"rendered":"<p>Nax\u00e7\u0131vanda \u015f\u0259hid ail\u0259l\u0259ri v\u0259 V\u0259t\u0259n m\u00fcharib\u0259sind\u0259 sa\u011flaml\u0131\u011f\u0131n\u0131 itirmi\u015f m\u00fcvafiq kateqoriyadan olan \u015f\u0259xsl\u0259r\u0259 72 t\u0259mirli m\u0259nzil, 32 avtomobil t\u0259qdim edil\u0259c\u0259k.<\/p>\n<p>\u201cReport\u201d x\u0259b\u0259r verir ki, bu bar\u0259d\u0259 Nax\u00e7\u0131van Muxtar Respublikas\u0131n\u0131n \u0259m\u0259k v\u0259 \u0259halinin sosial m\u00fcdafi\u0259si naziri Ceyhun C\u0259lilov bildirib.<\/p>\n<p>Qeyd ed\u0259k ki, son 10 ild\u0259 m\u00fcvafiq kateqoriyadan olan \u015f\u0259xsl\u0259r\u0259 120 m\u0259nzil v\u0259 280 avtomobil t\u0259qdim olunub.<\/p>\n","protected":false},"excerpt":{"rendered":"<p>Nax\u00e7\u0131vanda \u015f\u0259hid ail\u0259l\u0259ri v\u0259 V\u0259t\u0259n m\u00fcharib\u0259sind\u0259 sa\u011flaml\u0131\u011f\u0131n\u0131 itirmi\u015f m\u00fcvafiq kateqoriyadan olan \u015f\u0259xsl\u0259r\u0259 72 t\u0259mirli m\u0259nzil, 32 avtomobil t\u0259qdim edil\u0259c\u0259k. \u201cReport\u201d x\u0259b\u0259r verir ki, bu bar\u0259d\u0259 Nax\u00e7\u0131van Muxtar Respublikas\u0131n\u0131n \u0259m\u0259k v\u0259 \u0259halinin sosial m\u00fcdafi\u0259si naziri Ceyhun C\u0259lilov bildirib. Qeyd ed\u0259k ki, son 10 ild\u0259 m\u00fcvafiq kateqoriyadan olan \u015f\u0259xsl\u0259r\u0259 120 m\u0259nzil v\u0259 280 avtomobil t\u0259qdim olunub.<\/p>\n","protected":false},"author":2,"featured_media":609304,"comment_status":"closed","ping_status":"closed","sticky":false,"template":"","format":"standard","meta":{"om_disable_all_campaigns":false,"_monsterinsights_skip_tracking":false,"_monsterinsights_sitenote_active":false,"_monsterinsights_sitenote_note":"","_monsterinsights_sitenote_category":0},"categories":[26],"tags":[],"aioseo_notices":[],"gutentor_comment":0,"rttpg_featured_image_url":{"full":["https:\/\/arantv.az\/wp-content\/uploads\/2023\/07\/3d9afbf4-4e4b-3c62-94b6-f0cfc4931575_850.jpg",620,387,false],"landscape":["https:\/\/arantv.az\/wp-content\/uploads\/2023\/07\/3d9afbf4-4e4b-3c62-94b6-f0cfc4931575_850.jpg",620,387,false],"portraits":["https:\/\/arantv.az\/wp-content\/uploads\/2023\/07\/3d9afbf4-4e4b-3c62-94b6-f0cfc4931575_850.jpg",620,387,false],"thumbnail":["https:\/\/arantv.az\/wp-content\/uploads\/2023\/07\/3d9afbf4-4e4b-3c62-94b6-f0cfc4931575_850-500x280.jpg",500,280,true],"medium":["https:\/\/arantv.az\/wp-content\/uploads\/2023\/07\/3d9afbf4-4e4b-3c62-94b6-f0cfc4931575_850-585x365.jpg",585,365,true],"large":["https:\/\/arantv.az\/wp-content\/uploads\/2023\/07\/3d9afbf4-4e4b-3c62-94b6-f0cfc4931575_850.jpg",620,387,false],"1536x1536":["https:\/\/arantv.az\/wp-content\/uploads\/2023\/07\/3d9afbf4-4e4b-3c62-94b6-f0cfc4931575_850.jpg",620,387,false],"2048x2048":["https:\/\/arantv.az\/wp-content\/uploads\/2023\/07\/3d9afbf4-4e4b-3c62-94b6-f0cfc4931575_850.jpg",620,387,false],"post-thumbnail":["https:\/\/arantv.az\/wp-content\/uploads\/2023\/07\/3d9afbf4-4e4b-3c62-94b6-f0cfc4931575_850-240x172.jpg",240,172,true],"advps-thumb-one":["https:\/\/arantv.az\/wp-content\/uploads\/2023\/07\/3d9afbf4-4e4b-3c62-94b6-f0cfc4931575_850.jpg",620,387,false]},"rttpg_author":{"display_name":"V\u00fcsal Rafiqo\u011flu","author_link":"https:\/\/arantv.az\/?author=2"},"rttpg_comment":0,"rttpg_category":"<a href=\"https:\/\/arantv.az\/?cat=26\" rel=\"category\">Sosial<\/a>","rttpg_excerpt":"Nax\u00e7\u0131vanda \u015f\u0259hid ail\u0259l\u0259ri v\u0259 V\u0259t\u0259n m\u00fcharib\u0259sind\u0259 sa\u011flaml\u0131\u011f\u0131n\u0131 itirmi\u015f m\u00fcvafiq kateqoriyadan olan \u015f\u0259xsl\u0259r\u0259 72 t\u0259mirli m\u0259nzil, 32 avtomobil t\u0259qdim edil\u0259c\u0259k. \u201cReport\u201d x\u0259b\u0259r verir ki, bu bar\u0259d\u0259 Nax\u00e7\u0131van Muxtar Respublikas\u0131n\u0131n \u0259m\u0259k v\u0259 \u0259halinin sosial m\u00fcdafi\u0259si naziri Ceyhun C\u0259lilov bildirib. Qeyd ed\u0259k ki, son 10 ild\u0259 m\u00fcvafiq kateqoriyadan olan \u015f\u0259xsl\u0259r\u0259 120 m\u0259nzil v\u0259 280 avtomobil t\u0259qdim olunub.","_links":{"self":[{"href":"https:\/\/arantv.az\/index.php?rest_route=\/wp\/v2\/posts\/609303"}],"collection":[{"href":"https:\/\/arantv.az\/index.php?rest_route=\/wp\/v2\/posts"}],"about":[{"href":"https:\/\/arantv.az\/index.php?rest_route=\/wp\/v2\/types\/post"}],"author":[{"embeddable":true,"href":"https:\/\/arantv.az\/index.php?rest_route=\/wp\/v2\/users\/2"}],"replies":[{"embeddable":true,"href":"https:\/\/arantv.az\/index.php?rest_route=%2Fwp%2Fv2%2Fcomments&post=609303"}],"version-history":[{"count":0,"href":"https:\/\/arantv.az\/index.php?rest_route=\/wp\/v2\/posts\/609303\/revisions"}],"wp:featuredmedia":[{"embeddable":true,"href":"https:\/\/arantv.az\/index.php?rest_route=\/wp\/v2\/media\/609304"}],"wp:attachment":[{"href":"https:\/\/arantv.az\/index.php?rest_route=%2Fwp%2Fv2%2Fmedia&parent=609303"}],"wp:term":[{"taxonomy":"category","embeddable":true,"href":"https:\/\/arantv.az\/index.php?rest_route=%2Fwp%2Fv2%2Fcategories&post=609303"},{"taxonomy":"post_tag","embeddable":true,"href":"https:\/\/arantv.az\/index.php?rest_route=%2Fwp%2Fv2%2Ftags&post=609303"}],"curies":[{"name":"wp","href":"https:\/\/api.w.org\/{rel}","templated":true}]}}