{"id":609312,"date":"2023-07-14T12:06:26","date_gmt":"2023-07-14T08:06:26","guid":{"rendered":"https:\/\/arantv.az\/?p=609312"},"modified":"2023-07-14T12:06:26","modified_gmt":"2023-07-14T08:06:26","slug":"b%c9%99rd%c9%99d%c9%99-heyd%c9%99r-%c9%99liyev-ili-c%c9%99rciv%c9%99sind%c9%99-d%c9%99yirmi-masa-kecirilib-fotolar","status":"publish","type":"post","link":"https:\/\/arantv.az\/?p=609312","title":{"rendered":"B\u0259rd\u0259d\u0259 \u201cHeyd\u0259r \u018fliyev ili\u201d \u00e7\u0259r\u00e7iv\u0259sind\u0259 d\u0259yirmi masa ke\u00e7irilib-FOTOlar"},"content":{"rendered":"<div>\n<div>\u201cHeyd\u0259r \u018fliyev ili\u201d \u00e7\u0259r\u00e7iv\u0259sind\u0259 Az\u0259rbaycan xalq\u0131n\u0131n \u00dcmummili lideri, Ulu \u00f6nd\u0259r Heyd\u0259r \u018fliyevin siyasi hakimiyy\u0259t\u0259 g\u0259lm\u0259sinin 54-c\u00fc il\u00f6n\u00fcm\u00fc m\u00fcnasib\u0259til\u0259 B\u0259rd\u0259 rayon \u0130cra Hakimiyy\u0259tinin konfrans zal\u0131nda d\u0259yirmi masa ke\u00e7irilib<\/div>\n<\/div>\n<div>\n<div><strong>ARANTV.AZ<\/strong> x\u0259b\u0259r verir ki ,t\u0259dbird\u0259 rayonun ictimaiyy\u0259t n\u00fcmay\u0259nd\u0259l\u0259ri, t\u0259hsil, m\u0259d\u0259niyy\u0259t i\u015f\u00e7il\u0259ri, ziyal\u0131lar i\u015ftirak edibl\u0259r. T\u0259dbiri giri\u015f s\u00f6z\u00fc il\u0259 rayon \u0130cra Hakimiyy\u0259ti ba\u015f\u00e7\u0131s\u0131 aparat\u0131n\u0131n \u0130ctimai-siyasi v\u0259 humanitar m\u0259s\u0259l\u0259l\u0259r \u015f\u00f6b\u0259sinin ba\u015f m\u0259sl\u0259h\u0259t\u00e7isi G\u00fcnel C\u0259f\u0259rova a\u00e7araq bildirmi\u015fdir ki, \u00dcmummili lider Heyd\u0259r \u018fliyevin 1969-cu il iyulun 14-d\u0259 Az\u0259rbaycanda siyasi hakimiyy\u0259t\u0259 g\u0259li\u015fi h\u0259r bir az\u0259rbaycanl\u0131 \u00fc\u00e7\u00fcn q\u00fcrur tarixidir. Az\u0259rbaycan xalq\u0131 Ulu \u00d6nd\u0259r Heyd\u0259r \u018fliyevin qurub yaratd\u0131qlar\u0131ndan bu g\u00fcn d\u0259 b\u0259hr\u0259l\u0259nir v\u0259 bundan sonra da \u00e7ox-\u00e7ox ill\u0259r b\u0259hr\u0259l\u0259n\u0259c\u0259kdir. Daha sonra B\u0259rd\u0259 \u015f\u0259h\u0259r T.\u0130smay\u0131lov ad\u0131na 1 n\u00f6mr\u0259li tam orta m\u0259kt\u0259bin direktoru S\u0259bin\u0259 Yusifova, S.Behbudov ad\u0131na \u015f\u0259h\u0259r 6 n\u00f6mr\u0259li tam orta m\u0259kt\u0259bin direktoru V\u00fcsal\u0259 Musayeva, rayon Heyd\u0259r \u018fliyev m\u0259rk\u0259zinin \u0259m\u0259kda\u015f\u0131 F\u0259rid\u0259 S\u00fcleymanova, rayon Tarix diyar\u015f\u00fcnasl\u0131q muzeyinin \u0259m\u0259kda\u015f\u0131 Turan\u0259 M\u0259mm\u0259dova, B\u0259rd\u0259 rayon M\u0259d\u0259niyy\u0259t M\u0259rk\u0259zinin \u0259m\u0259kda\u015f\u0131 Ruhan\u0259 \u018fliyeva, B\u0259rd\u0259 q\u0259zeti redaksiyas\u0131n\u0131n \u0259m\u0259kda\u015f\u0131 \u015e\u00fckuf\u0259 \u018fliyeva, G\u0259ncl\u0259r v\u0259 \u0130dman \u0130dar\u0259sinin B\u0259rd\u0259 rayon sektorunun n\u00fcmay\u0259nd\u0259si Ayd\u0131n Qas\u0131mov Ulu \u00d6nd\u0259r Heyd\u0259r \u018fliyevin h\u0259yat v\u0259 f\u0259aliyy\u0259ti haqq\u0131nda \u00e7\u0131x\u0131\u015f etmi\u015fl\u0259r.<\/div>\n<div>T\u0259dbir diskusiya formas\u0131nda davam etmi\u015fdir.<\/div>\n<div style=\"text-align: center;\"><img loading=\"lazy\" class=\"alignnone size-medium wp-image-609313\" src=\"https:\/\/arantv.az\/wp-content\/uploads\/2023\/07\/355877496_201159516212070_6258810670426763226_n-548x365.jpg\" alt=\"\" width=\"548\" height=\"365\" \/> <img loading=\"lazy\" class=\"alignnone size-medium wp-image-609314\" src=\"https:\/\/arantv.az\/wp-content\/uploads\/2023\/07\/355688024_201159786212043_6904045603404652833_n-548x365.jpg\" alt=\"\" width=\"548\" height=\"365\" \/> <img loading=\"lazy\" class=\"alignnone size-medium wp-image-609315\" src=\"https:\/\/arantv.az\/wp-content\/uploads\/2023\/07\/355321487_201159576212064_5680877439499053945_n-548x365.jpg\" alt=\"\" width=\"548\" height=\"365\" \/><\/div>\n<\/div>\n<div><\/div>\n<div><\/div>\n<div><\/div>\n","protected":false},"excerpt":{"rendered":"<p>\u201cHeyd\u0259r \u018fliyev ili\u201d \u00e7\u0259r\u00e7iv\u0259sind\u0259 Az\u0259rbaycan xalq\u0131n\u0131n \u00dcmummili lideri, Ulu \u00f6nd\u0259r Heyd\u0259r \u018fliyevin siyasi hakimiyy\u0259t\u0259 g\u0259lm\u0259sinin 54-c\u00fc il\u00f6n\u00fcm\u00fc m\u00fcnasib\u0259til\u0259 B\u0259rd\u0259 rayon \u0130cra Hakimiyy\u0259tinin konfrans zal\u0131nda d\u0259yirmi masa ke\u00e7irilib ARANTV.AZ x\u0259b\u0259r verir ki ,t\u0259dbird\u0259 rayonun ictimaiyy\u0259t n\u00fcmay\u0259nd\u0259l\u0259ri, t\u0259hsil, m\u0259d\u0259niyy\u0259t i\u015f\u00e7il\u0259ri, ziyal\u0131lar i\u015ftirak edibl\u0259r. T\u0259dbiri giri\u015f s\u00f6z\u00fc il\u0259 rayon \u0130cra Hakimiyy\u0259ti ba\u015f\u00e7\u0131s\u0131 aparat\u0131n\u0131n \u0130ctimai-siyasi v\u0259 humanitar m\u0259s\u0259l\u0259l\u0259r \u015f\u00f6b\u0259sinin ba\u015f m\u0259sl\u0259h\u0259t\u00e7isi G\u00fcnel C\u0259f\u0259rova a\u00e7araq bildirmi\u015fdir ki, \u00dcmummili lider Heyd\u0259r \u018fliyevin 1969-cu il iyulun 14-d\u0259 Az\u0259rbaycanda siyasi hakimiyy\u0259t\u0259 g\u0259li\u015fi h\u0259r bir az\u0259rbaycanl\u0131 \u00fc\u00e7\u00fcn q\u00fcrur tarixidir. Az\u0259rbaycan xalq\u0131 Ulu \u00d6nd\u0259r Heyd\u0259r \u018fliyevin qurub yaratd\u0131qlar\u0131ndan bu g\u00fcn&hellip;<\/p>\n","protected":false},"author":2,"featured_media":609313,"comment_status":"closed","ping_status":"closed","sticky":false,"template":"","format":"standard","meta":{"om_disable_all_campaigns":false,"_monsterinsights_skip_tracking":false,"_monsterinsights_sitenote_active":false,"_monsterinsights_sitenote_note":"","_monsterinsights_sitenote_category":0},"categories":[19,2],"tags":[],"aioseo_notices":[],"gutentor_comment":0,"rttpg_featured_image_url":{"full":["https:\/\/arantv.az\/wp-content\/uploads\/2023\/07\/355877496_201159516212070_6258810670426763226_n.jpg",1200,800,false],"landscape":["https:\/\/arantv.az\/wp-content\/uploads\/2023\/07\/355877496_201159516212070_6258810670426763226_n.jpg",1200,800,false],"portraits":["https:\/\/arantv.az\/wp-content\/uploads\/2023\/07\/355877496_201159516212070_6258810670426763226_n.jpg",1200,800,false],"thumbnail":["https:\/\/arantv.az\/wp-content\/uploads\/2023\/07\/355877496_201159516212070_6258810670426763226_n-500x280.jpg",500,280,true],"medium":["https:\/\/arantv.az\/wp-content\/uploads\/2023\/07\/355877496_201159516212070_6258810670426763226_n-548x365.jpg",548,365,true],"large":["https:\/\/arantv.az\/wp-content\/uploads\/2023\/07\/355877496_201159516212070_6258810670426763226_n-840x560.jpg",640,427,true],"1536x1536":["https:\/\/arantv.az\/wp-content\/uploads\/2023\/07\/355877496_201159516212070_6258810670426763226_n.jpg",1200,800,false],"2048x2048":["https:\/\/arantv.az\/wp-content\/uploads\/2023\/07\/355877496_201159516212070_6258810670426763226_n.jpg",1200,800,false],"post-thumbnail":["https:\/\/arantv.az\/wp-content\/uploads\/2023\/07\/355877496_201159516212070_6258810670426763226_n-240x172.jpg",240,172,true],"advps-thumb-one":["https:\/\/arantv.az\/wp-content\/uploads\/2023\/07\/355877496_201159516212070_6258810670426763226_n-1200x620.jpg",1200,620,true]},"rttpg_author":{"display_name":"V\u00fcsal Rafiqo\u011flu","author_link":"https:\/\/arantv.az\/?author=2"},"rttpg_comment":0,"rttpg_category":"<a href=\"https:\/\/arantv.az\/?cat=19\" rel=\"category\">G\u00fcnd\u0259m<\/a> <a href=\"https:\/\/arantv.az\/?cat=2\" rel=\"category\">Region X\u0259b\u0259rl\u0259ri<\/a>","rttpg_excerpt":"\u201cHeyd\u0259r \u018fliyev ili\u201d \u00e7\u0259r\u00e7iv\u0259sind\u0259 Az\u0259rbaycan xalq\u0131n\u0131n \u00dcmummili lideri, Ulu \u00f6nd\u0259r Heyd\u0259r \u018fliyevin siyasi hakimiyy\u0259t\u0259 g\u0259lm\u0259sinin 54-c\u00fc il\u00f6n\u00fcm\u00fc m\u00fcnasib\u0259til\u0259 B\u0259rd\u0259 rayon \u0130cra Hakimiyy\u0259tinin konfrans zal\u0131nda d\u0259yirmi masa ke\u00e7irilib ARANTV.AZ x\u0259b\u0259r verir ki ,t\u0259dbird\u0259 rayonun ictimaiyy\u0259t n\u00fcmay\u0259nd\u0259l\u0259ri, t\u0259hsil, m\u0259d\u0259niyy\u0259t i\u015f\u00e7il\u0259ri, ziyal\u0131lar i\u015ftirak edibl\u0259r. T\u0259dbiri giri\u015f s\u00f6z\u00fc il\u0259 rayon \u0130cra Hakimiyy\u0259ti ba\u015f\u00e7\u0131s\u0131 aparat\u0131n\u0131n \u0130ctimai-siyasi v\u0259 humanitar m\u0259s\u0259l\u0259l\u0259r \u015f\u00f6b\u0259sinin&hellip;","_links":{"self":[{"href":"https:\/\/arantv.az\/index.php?rest_route=\/wp\/v2\/posts\/609312"}],"collection":[{"href":"https:\/\/arantv.az\/index.php?rest_route=\/wp\/v2\/posts"}],"about":[{"href":"https:\/\/arantv.az\/index.php?rest_route=\/wp\/v2\/types\/post"}],"author":[{"embeddable":true,"href":"https:\/\/arantv.az\/index.php?rest_route=\/wp\/v2\/users\/2"}],"replies":[{"embeddable":true,"href":"https:\/\/arantv.az\/index.php?rest_route=%2Fwp%2Fv2%2Fcomments&post=609312"}],"version-history":[{"count":0,"href":"https:\/\/arantv.az\/index.php?rest_route=\/wp\/v2\/posts\/609312\/revisions"}],"wp:featuredmedia":[{"embeddable":true,"href":"https:\/\/arantv.az\/index.php?rest_route=\/wp\/v2\/media\/609313"}],"wp:attachment":[{"href":"https:\/\/arantv.az\/index.php?rest_route=%2Fwp%2Fv2%2Fmedia&parent=609312"}],"wp:term":[{"taxonomy":"category","embeddable":true,"href":"https:\/\/arantv.az\/index.php?rest_route=%2Fwp%2Fv2%2Fcategories&post=609312"},{"taxonomy":"post_tag","embeddable":true,"href":"https:\/\/arantv.az\/index.php?rest_route=%2Fwp%2Fv2%2Ftags&post=609312"}],"curies":[{"name":"wp","href":"https:\/\/api.w.org\/{rel}","templated":true}]}}