{"id":609318,"date":"2023-07-14T12:08:08","date_gmt":"2023-07-14T08:08:08","guid":{"rendered":"https:\/\/arantv.az\/?p=609318"},"modified":"2023-07-14T12:08:08","modified_gmt":"2023-07-14T08:08:08","slug":"deputat-qirmizi-xac-komit%c9%99sin%c9%99-dag-c%c9%99kdi","status":"publish","type":"post","link":"https:\/\/arantv.az\/?p=609318","title":{"rendered":"Deputat Q\u0131rm\u0131z\u0131 Xa\u00e7 Komit\u0259sin\u0259 \u201cda\u011f\u201d \u00e7\u0259kdi"},"content":{"rendered":"<p>\u201cBeyn\u0259lxalq Q\u0131rm\u0131z\u0131 Xa\u00e7 Komit\u0259sinin (BQXK) f\u0259aliyy\u0259ti n\u0259 beyn\u0259lxalq h\u00fcquqa, n\u0259 d\u0259 komit\u0259nin \u00f6z\u00fcn\u00fcn nizamnam\u0259sin\u0259 uy\u011fundur\u201d.<\/p>\n<p>Bunu Milli M\u0259clisin deputat\u0131 V\u00fcqar \u0130sk\u0259nd\u0259rov parlamentin n\u00f6vb\u0259d\u0259nk\u0259nar sessiyas\u0131n\u0131n iyulun 14-d\u0259 ke\u00e7iril\u0259n iclas\u0131nda deyib.<\/p>\n<p>Deputat bildirib ki, 150 ild\u0259n \u00e7ox ya\u015f\u0131 olan h\u0259min t\u0259\u015fkilat m\u00fcnaqi\u015f\u0259 qurbanlar\u0131n\u0131n m\u00fcdafi\u0259si v\u0259 onlara yard\u0131m g\u00f6st\u0259rilm\u0259sini qar\u015f\u0131s\u0131na m\u0259qs\u0259d qoymas\u0131na baxmayaraq Az\u0259rbaycana g\u0259l\u0259nl\u0259r m\u00fcnaqi\u015f\u0259 qurbanlar\u0131n\u0131 k\u0259nara qoyub, m\u00fcnaqi\u015f\u0259 t\u00f6r\u0259d\u0259nl\u0259rl\u0259 \u0259lbir olub qa\u00e7aqmal\u00e7\u0131l\u0131qla m\u0259\u015f\u011ful olur.<\/p>\n<p>\u201cT\u0259\u015fkilat unudur ki, Az\u0259rbaycan\u0131n suveren \u0259razisind\u0259 f\u0259aliyy\u0259t g\u00f6st\u0259rir. H\u0259l\u0259 d\u0259 \u0259razimiz\u0259 ir\u0259vanl\u0131lar g\u0259lib-gedirl\u0259r. R\u0259smi Bak\u0131 d\u0259f\u0259l\u0259rl\u0259 t\u0259\u015fkilata f\u0259aliyy\u0259tini \u00f6lk\u0259mizl\u0259 koordinasiya \u015f\u0259kild\u0259 olmas\u0131n\u0131 deyib. Onlara Xank\u0259ndi v\u0259 dig\u0259r yerl\u0259r\u0259 Bak\u0131dan g\u0259lib-getm\u0259l\u0259ri bildirilib. T\u0259\u0259ss\u00fcf ki, h\u0259l\u0259 d\u0259 bu t\u0259\u015fkilat h\u0259min t\u0259klifl\u0259ri qulaqard\u0131na vurur. \u00dcmid edirik ki, qanunazid\u00a0h\u0259r\u0259k\u0259t ed\u0259nl\u0259r\u0259 qar\u015f\u0131 \u00f6l\u00e7\u00fc g\u00f6t\u00fcr\u00fcl\u0259c\u0259k. Unutmas\u0131nlar ki, qanunu pozanlar c\u0259zalar\u0131n\u0131 m\u00fctl\u0259q alacaqlar\u201d, &#8211; dey\u0259 V.\u0130sk\u0259nd\u0259rov \u0259lav\u0259 edib.<\/p>\n<p>Bildir\u0259k ki, Erm\u0259nistan Respublikas\u0131 il\u0259 d\u00f6vl\u0259t s\u0259rh\u0259dind\u0259 yerl\u0259\u015f\u0259n \u201cLa\u00e7\u0131n\u201d s\u0259rh\u0259d-burax\u0131l\u0131\u015f m\u0259nt\u0259q\u0259sind\u0259 D\u00f6vl\u0259t S\u0259rh\u0259d Xidm\u0259tinin \u0259m\u0259kda\u015flar\u0131 t\u0259r\u0259find\u0259n BQXK-ya aid n\u0259qliyyat vasit\u0259l\u0259rind\u0259 d\u0259f\u0259l\u0259rl\u0259 qanunsuz yolla m\u00fcxt\u0259lif n\u00f6v qa\u00e7aqmal\u0131n ke\u00e7irilm\u0259si c\u0259hdl\u0259ri a\u015fkarlan\u0131b.<\/p>\n<div id=\"22881913269\"><\/div>\n<p>Bu bar\u0259d\u0259 BQXK-ya r\u0259smi kanallar vasit\u0259sil\u0259 x\u0259b\u0259rdarl\u0131q edilm\u0259sin\u0259 baxmayaraq qanunazid \u0259m\u0259ll\u0259r t\u0259krarlan\u0131b v\u0259 onlar\u0131n aradan qald\u0131r\u0131lmas\u0131 \u00fc\u00e7\u00fcn z\u0259ruri add\u0131mlar at\u0131lmay\u0131b.<\/p>\n<p>Faktlarla \u0259laq\u0259dar Az\u0259rbaycan Respublikas\u0131n\u0131n Cinay\u0259t M\u0259c\u0259ll\u0259sinin m\u00fcvafiq madd\u0259l\u0259ri il\u0259 cinay\u0259t i\u015fi a\u00e7\u0131l\u0131b v\u0259 z\u0259ruri istintaq t\u0259dbirl\u0259ri h\u0259yata ke\u00e7iril\u0259n\u0259 q\u0259d\u0259r \u201cLa\u00e7\u0131n\u201d s\u0259rh\u0259d-burax\u0131l\u0131\u015f m\u0259nt\u0259q\u0259sind\u0259n ke\u00e7id m\u00fcv\u0259qq\u0259ti olaraq dayand\u0131r\u0131l\u0131b.<\/p>\n<p>B\u00fct\u00fcn qa\u00e7aqmal\u00e7\u0131l\u0131q faktlar\u0131 yerind\u0259 \u0259m\u0259liyyat \u00e7\u0259kili\u015fl\u0259ri il\u0259 s\u0259n\u0259dl\u0259\u015fdirilib.<\/p>\n","protected":false},"excerpt":{"rendered":"<p>\u201cBeyn\u0259lxalq Q\u0131rm\u0131z\u0131 Xa\u00e7 Komit\u0259sinin (BQXK) f\u0259aliyy\u0259ti n\u0259 beyn\u0259lxalq h\u00fcquqa, n\u0259 d\u0259 komit\u0259nin \u00f6z\u00fcn\u00fcn nizamnam\u0259sin\u0259 uy\u011fundur\u201d. Bunu Milli M\u0259clisin deputat\u0131 V\u00fcqar \u0130sk\u0259nd\u0259rov parlamentin n\u00f6vb\u0259d\u0259nk\u0259nar sessiyas\u0131n\u0131n iyulun 14-d\u0259 ke\u00e7iril\u0259n iclas\u0131nda deyib. Deputat bildirib ki, 150 ild\u0259n \u00e7ox ya\u015f\u0131 olan h\u0259min t\u0259\u015fkilat m\u00fcnaqi\u015f\u0259 qurbanlar\u0131n\u0131n m\u00fcdafi\u0259si v\u0259 onlara yard\u0131m g\u00f6st\u0259rilm\u0259sini qar\u015f\u0131s\u0131na m\u0259qs\u0259d qoymas\u0131na baxmayaraq Az\u0259rbaycana g\u0259l\u0259nl\u0259r m\u00fcnaqi\u015f\u0259 qurbanlar\u0131n\u0131 k\u0259nara qoyub, m\u00fcnaqi\u015f\u0259 t\u00f6r\u0259d\u0259nl\u0259rl\u0259 \u0259lbir olub qa\u00e7aqmal\u00e7\u0131l\u0131qla m\u0259\u015f\u011ful olur. \u201cT\u0259\u015fkilat unudur ki, Az\u0259rbaycan\u0131n suveren \u0259razisind\u0259 f\u0259aliyy\u0259t g\u00f6st\u0259rir. H\u0259l\u0259 d\u0259 \u0259razimiz\u0259 ir\u0259vanl\u0131lar g\u0259lib-gedirl\u0259r. R\u0259smi Bak\u0131 d\u0259f\u0259l\u0259rl\u0259 t\u0259\u015fkilata f\u0259aliyy\u0259tini \u00f6lk\u0259mizl\u0259 koordinasiya \u015f\u0259kild\u0259 olmas\u0131n\u0131 deyib. Onlara Xank\u0259ndi v\u0259 dig\u0259r&hellip;<\/p>\n","protected":false},"author":2,"featured_media":609319,"comment_status":"closed","ping_status":"closed","sticky":false,"template":"","format":"standard","meta":{"om_disable_all_campaigns":false,"_monsterinsights_skip_tracking":false,"_monsterinsights_sitenote_active":false,"_monsterinsights_sitenote_note":"","_monsterinsights_sitenote_category":0},"categories":[19],"tags":[],"aioseo_notices":[],"gutentor_comment":0,"rttpg_featured_image_url":{"full":["https:\/\/arantv.az\/wp-content\/uploads\/2023\/07\/vugar_iskandarov_deputat_300520.jpg",620,423,false],"landscape":["https:\/\/arantv.az\/wp-content\/uploads\/2023\/07\/vugar_iskandarov_deputat_300520.jpg",620,423,false],"portraits":["https:\/\/arantv.az\/wp-content\/uploads\/2023\/07\/vugar_iskandarov_deputat_300520.jpg",620,423,false],"thumbnail":["https:\/\/arantv.az\/wp-content\/uploads\/2023\/07\/vugar_iskandarov_deputat_300520-500x280.jpg",500,280,true],"medium":["https:\/\/arantv.az\/wp-content\/uploads\/2023\/07\/vugar_iskandarov_deputat_300520-535x365.jpg",535,365,true],"large":["https:\/\/arantv.az\/wp-content\/uploads\/2023\/07\/vugar_iskandarov_deputat_300520.jpg",620,423,false],"1536x1536":["https:\/\/arantv.az\/wp-content\/uploads\/2023\/07\/vugar_iskandarov_deputat_300520.jpg",620,423,false],"2048x2048":["https:\/\/arantv.az\/wp-content\/uploads\/2023\/07\/vugar_iskandarov_deputat_300520.jpg",620,423,false],"post-thumbnail":["https:\/\/arantv.az\/wp-content\/uploads\/2023\/07\/vugar_iskandarov_deputat_300520-240x172.jpg",240,172,true],"advps-thumb-one":["https:\/\/arantv.az\/wp-content\/uploads\/2023\/07\/vugar_iskandarov_deputat_300520.jpg",620,423,false]},"rttpg_author":{"display_name":"V\u00fcsal Rafiqo\u011flu","author_link":"https:\/\/arantv.az\/?author=2"},"rttpg_comment":0,"rttpg_category":"<a href=\"https:\/\/arantv.az\/?cat=19\" rel=\"category\">G\u00fcnd\u0259m<\/a>","rttpg_excerpt":"\u201cBeyn\u0259lxalq Q\u0131rm\u0131z\u0131 Xa\u00e7 Komit\u0259sinin (BQXK) f\u0259aliyy\u0259ti n\u0259 beyn\u0259lxalq h\u00fcquqa, n\u0259 d\u0259 komit\u0259nin \u00f6z\u00fcn\u00fcn nizamnam\u0259sin\u0259 uy\u011fundur\u201d. Bunu Milli M\u0259clisin deputat\u0131 V\u00fcqar \u0130sk\u0259nd\u0259rov parlamentin n\u00f6vb\u0259d\u0259nk\u0259nar sessiyas\u0131n\u0131n iyulun 14-d\u0259 ke\u00e7iril\u0259n iclas\u0131nda deyib. Deputat bildirib ki, 150 ild\u0259n \u00e7ox ya\u015f\u0131 olan h\u0259min t\u0259\u015fkilat m\u00fcnaqi\u015f\u0259 qurbanlar\u0131n\u0131n m\u00fcdafi\u0259si v\u0259 onlara yard\u0131m g\u00f6st\u0259rilm\u0259sini qar\u015f\u0131s\u0131na m\u0259qs\u0259d qoymas\u0131na baxmayaraq Az\u0259rbaycana g\u0259l\u0259nl\u0259r m\u00fcnaqi\u015f\u0259 qurbanlar\u0131n\u0131 k\u0259nara&hellip;","_links":{"self":[{"href":"https:\/\/arantv.az\/index.php?rest_route=\/wp\/v2\/posts\/609318"}],"collection":[{"href":"https:\/\/arantv.az\/index.php?rest_route=\/wp\/v2\/posts"}],"about":[{"href":"https:\/\/arantv.az\/index.php?rest_route=\/wp\/v2\/types\/post"}],"author":[{"embeddable":true,"href":"https:\/\/arantv.az\/index.php?rest_route=\/wp\/v2\/users\/2"}],"replies":[{"embeddable":true,"href":"https:\/\/arantv.az\/index.php?rest_route=%2Fwp%2Fv2%2Fcomments&post=609318"}],"version-history":[{"count":0,"href":"https:\/\/arantv.az\/index.php?rest_route=\/wp\/v2\/posts\/609318\/revisions"}],"wp:featuredmedia":[{"embeddable":true,"href":"https:\/\/arantv.az\/index.php?rest_route=\/wp\/v2\/media\/609319"}],"wp:attachment":[{"href":"https:\/\/arantv.az\/index.php?rest_route=%2Fwp%2Fv2%2Fmedia&parent=609318"}],"wp:term":[{"taxonomy":"category","embeddable":true,"href":"https:\/\/arantv.az\/index.php?rest_route=%2Fwp%2Fv2%2Fcategories&post=609318"},{"taxonomy":"post_tag","embeddable":true,"href":"https:\/\/arantv.az\/index.php?rest_route=%2Fwp%2Fv2%2Ftags&post=609318"}],"curies":[{"name":"wp","href":"https:\/\/api.w.org\/{rel}","templated":true}]}}