{"id":609321,"date":"2023-07-14T12:11:33","date_gmt":"2023-07-14T08:11:33","guid":{"rendered":"https:\/\/arantv.az\/?p=609321"},"modified":"2023-07-14T12:11:33","modified_gmt":"2023-07-14T08:11:33","slug":"milli-m%c9%99clisd%c9%99-t%c9%99klif-14-iyul-xususi-gun-olsun","status":"publish","type":"post","link":"https:\/\/arantv.az\/?p=609321","title":{"rendered":"Milli M\u0259clisd\u0259 t\u0259klif: \u201c14 iyul x\u00fcsusi g\u00fcn olsun\u201d"},"content":{"rendered":"<p>T\u0259klif\u00a0 edir\u0259m ki, 14 iyulun tariximizd\u0259 m\u00fcst\u0259sna rolunu n\u0259z\u0259r\u0259 alaraq x\u00fcsusi r\u0259smi bir g\u00fcn kimi qeyd olunmas\u0131 m\u0259s\u0259l\u0259sin\u0259 baxaq\u201d.<\/p>\n<p>APA x\u0259b\u0259r verir ki, bunu Milli M\u0259clisin bu g\u00fcn ke\u00e7iril\u0259n iclas\u0131nda deputat B\u0259hruz M\u0259h\u0259rr\u0259mov deyib.<\/p>\n<p>O bildirib ki, 14 iyul d\u00f6vl\u0259t\u00e7ilik tariximizd\u0259 \u00e7ox \u00f6n\u0259mli bir g\u00fcn, ulu \u00f6nd\u0259r Heyd\u0259r \u018fliyevin Az\u0259rbaycanda ilk d\u0259f\u0259 siyasi hakimiyy\u0259t\u0259 g\u0259ldiyi t\u0259qvimdir:<\/p>\n<p>\u201cM\u00fcst\u0259qilliyin b\u0259rpas\u0131 \u00fc\u00e7\u00fcn bazis d\u0259 m\u0259hz bu d\u00f6vrd\u0259 formala\u015fma\u011fa ba\u015flad\u0131. Heyd\u0259r \u018fliyevin qurdu\u011fu s\u0259naye, inki\u015faf etdirdiyi iqtisadiyyat, yaratd\u0131\u011f\u0131 h\u0259rbi t\u0259yinatl\u0131 t\u0259hsil m\u00fc\u0259ssis\u0259l\u0259ri, formala\u015fd\u0131rd\u0131\u011f\u0131 v\u0259 qorudu\u011fu milli elita el\u0259 sovet d\u00f6vr\u00fcnd\u0259c\u0259 Az\u0259rbaycana m\u00fcst\u0259qil davranmaq imkan\u0131 verdi. H\u0259tta \u00e7\u0259kinm\u0259d\u0259n dem\u0259k olar ki, Heyd\u0259r \u018fliyevin Sovet Az\u0259rbaycan\u0131 Az\u0259rbaycan Xalq C\u00fcmhuriyy\u0259tind\u0259n he\u00e7 d\u0259 az m\u00fcst\u0259qil deyildi, 1991-93-c\u00fc ilin Az\u0259rbaycan\u0131ndan daha m\u00fcst\u0259qil idi.<\/p>\n<p>&nbsp;<\/p>\n<p>Biz ill\u0259r \u0259rzind\u0259 yanl\u0131\u015f t\u0259bli\u011fat\u0131n, b\u0259zi m\u00fc\u0259llifl\u0259rin yar\u0131tmaz tarix d\u0259rslikl\u0259rinin ucbat\u0131ndan Sovet Az\u0259rbaycan\u0131na b\u00fct\u00f6vl\u00fckd\u0259 ancaq t\u0259qibl\u0259r d\u00f6n\u0259mi kimi baxm\u0131\u015f\u0131q. Amma Heyd\u0259r \u018fliyevin \u0259s\u0259ri olan 1978-ci il Konstitusiyas\u0131n\u0131n 68-ci madd\u0259sind\u0259 Az\u0259rbaycan\u0131n suverenliyi, 69-cu madd\u0259d\u0259 SSR\u0130-d\u0259n azad sur\u0259td\u0259 \u00e7\u0131xmaq h\u00fcququ, 73-c\u00fc madd\u0259d\u0259 d\u00f6vl\u0259t dili kimi Az\u0259rbaycan dili t\u0259sbit edilirdi. Heyd\u0259r \u018fliyev \u201cd\u0259yi\u015fdir\u0259 bilm\u0259y\u0259c\u0259yi bir rejimd\u0259 \u201cxalq \u00fc\u00e7\u00fcn n\u0259 etm\u0259k olar?\u201d sual\u0131na cavab verm\u0259yi bacaran ilk v\u0259 son lideri oldu. Tarixd\u0259n b\u0259llidir ki, Sovet hakimiyy\u0259tinin ilk ill\u0259rind\u0259 bol\u015fevikl\u0259r kommunist ideologiyas\u0131na ba\u011fl\u0131 olmayan h\u0259r \u015feyin \u00fcz\u0259rind\u0259n x\u0259tt \u00e7\u0259kirdil\u0259r. \u0130nanclar, \u0259n\u0259n\u0259l\u0259r, h\u0259tta milli musiqi bel\u0259, ke\u00e7mi\u015fin qal\u0131\u011f\u0131 hesab olunurdu. N\u0259 q\u0259d\u0259r q\u0259rib\u0259 olsa da, SSR\u0130 s\u00fcquta u\u011frayandan sonra bu d\u00fc\u015f\u00fcnc\u0259 vandalizmi Az\u0259rbaycanda yenid\u0259n ba\u015f qald\u0131rd\u0131. Bol\u015fevikl\u0259rin muzdurlar \u015furas\u0131ndan f\u0259rqli olmayan AXC-M\u00fcsavat c\u00fctl\u00fcy\u00fc Sovetl\u0259r\u0259 ba\u011fl\u0131 n\u0259 varsa, h\u0259r \u015fey\u0259 nifr\u0259t a\u015f\u0131lama\u011fa, h\u0259tta B\u00f6y\u00fck V\u0259t\u0259n m\u00fcharib\u0259si i\u015ftirak\u00e7\u0131lar\u0131n\u0131 bel\u0259, xainlikd\u0259 su\u00e7lama\u011fa ba\u015flad\u0131lar. Bunun bir s\u0259b\u0259bi var idi, Heyd\u0259r \u018fliyev\u0259 olan kin v\u0259 d\u00fc\u015fm\u0259n\u00e7ilik. Bilirdil\u0259r ki, Az\u0259rbaycan xalq\u0131 \u018fliyev kimi bir dahini qoyub bunlara \u00fcz tutmayacaq. Ona g\u00f6r\u0259 d\u0259 Heyd\u0259r \u018fliyevi SSR\u0130 v\u0259 KQB il\u0259 assosiasiya ed\u0259r\u0259k g\u00f6zd\u0259n salmaq ist\u0259yirdil\u0259r. Amma xalq bilirdi ki, Heyd\u0259r \u018fliyev \u015f\u0259r\u0259fli general kimi KQB s\u0259dri olanda da, Az\u0259rbaycana r\u0259hb\u0259rlik ed\u0259nd\u0259 d\u0259, SSR\u0130 NS s\u0259drinin birinci m\u00fcavini olanda da h\u0259mi\u015f\u0259 milli olub. \u018fks halda, 1988-89-cu ild\u0259 meydan h\u0259r\u0259kat\u0131nda olanlardan \u00e7ox Heyd\u0259r \u018fliyev m\u0259hrumiyy\u0259tl\u0259r\u0259 m\u0259ruz qalmazd\u0131.<\/p>\n<p>&nbsp;<\/p>\n<p>Heyd\u0259r \u018fliyev SSR\u0130-nin \u0259n g\u00fccl\u00fc vaxt\u0131nda Konstitusiyada SSR\u0130-d\u0259n \u00e7\u0131xmaq h\u00fcququmuzu t\u0259sbit etdiyi halda, 1991-ci ild\u0259 h\u0259tta SSR\u0130 da\u011f\u0131landan sonra bel\u0259, o d\u00f6vr\u00fcn hakimiyy\u0259ti SSR\u0130-d\u0259n \u00e7\u0131xma\u011fa qorxurdu. \u00d6nc\u0259 Bak\u0131da qald\u0131r\u0131lmal\u0131 olan \u00fc\u00e7r\u0259ngli bayra\u011f\u0131 yaln\u0131z Heyd\u0259r \u018fliyev c\u0259sar\u0259t edib Nax\u00e7\u0131vanda qald\u0131rd\u0131. Budur m\u00fcst\u0259qillik yolu, budur dir\u00e7\u0259li\u015f&#8221;.<\/p>\n<p>Deputat Sahib Al\u0131yev is\u0259 qeyd edib ki, bu g\u00fcn\u00fcn \u00e7ox m\u00fch\u00fcm tarixi var:<\/p>\n<p>\u201cHeyd\u0259r \u018fliyevin Kommunist Partiyas\u0131na r\u0259hb\u0259rliyi d\u00f6vr\u00fcnd\u0259 Bak\u0131 millil\u0259\u015fdirildi, Bak\u0131da az\u0259rbaycanl\u0131lar\u0131n say\u0131 \u00e7oxald\u0131 v\u0259 b\u00fct\u00f6vl\u00fckd\u0259 Az\u0259rbaycana az\u0259rbaycan\u00e7\u0131l\u0131q g\u0259tirildi. Y\u00fcks\u0259k qabiliyy\u0259ti olmasayd\u0131, Heyd\u0259r \u018fliyev bunlar\u0131 ed\u0259 bil\u0259rdimi? M\u0259hz onun y\u00fcks\u0259k inand\u0131r\u0131c\u0131l\u0131q qabiliyy\u0259tinin n\u0259tic\u0259si idi ki, t\u00fcrkiy\u0259li r\u0259smil\u0259r Az\u0259rbaycana g\u0259l\u0259 bilirdil\u0259r\u201d.<\/p>\n","protected":false},"excerpt":{"rendered":"<p>T\u0259klif\u00a0 edir\u0259m ki, 14 iyulun tariximizd\u0259 m\u00fcst\u0259sna rolunu n\u0259z\u0259r\u0259 alaraq x\u00fcsusi r\u0259smi bir g\u00fcn kimi qeyd olunmas\u0131 m\u0259s\u0259l\u0259sin\u0259 baxaq\u201d. APA x\u0259b\u0259r verir ki, bunu Milli M\u0259clisin bu g\u00fcn ke\u00e7iril\u0259n iclas\u0131nda deputat B\u0259hruz M\u0259h\u0259rr\u0259mov deyib. O bildirib ki, 14 iyul d\u00f6vl\u0259t\u00e7ilik tariximizd\u0259 \u00e7ox \u00f6n\u0259mli bir g\u00fcn, ulu \u00f6nd\u0259r Heyd\u0259r \u018fliyevin Az\u0259rbaycanda ilk d\u0259f\u0259 siyasi hakimiyy\u0259t\u0259 g\u0259ldiyi t\u0259qvimdir: \u201cM\u00fcst\u0259qilliyin b\u0259rpas\u0131 \u00fc\u00e7\u00fcn bazis d\u0259 m\u0259hz bu d\u00f6vrd\u0259 formala\u015fma\u011fa ba\u015flad\u0131. Heyd\u0259r \u018fliyevin qurdu\u011fu s\u0259naye, inki\u015faf etdirdiyi iqtisadiyyat, yaratd\u0131\u011f\u0131 h\u0259rbi t\u0259yinatl\u0131 t\u0259hsil m\u00fc\u0259ssis\u0259l\u0259ri, formala\u015fd\u0131rd\u0131\u011f\u0131 v\u0259 qorudu\u011fu milli elita el\u0259 sovet d\u00f6vr\u00fcnd\u0259c\u0259 Az\u0259rbaycana m\u00fcst\u0259qil davranmaq imkan\u0131&hellip;<\/p>\n","protected":false},"author":2,"featured_media":609322,"comment_status":"closed","ping_status":"closed","sticky":false,"template":"","format":"standard","meta":{"om_disable_all_campaigns":false,"_monsterinsights_skip_tracking":false,"_monsterinsights_sitenote_active":false,"_monsterinsights_sitenote_note":"","_monsterinsights_sitenote_category":0},"categories":[19],"tags":[],"aioseo_notices":[],"gutentor_comment":0,"rttpg_featured_image_url":{"full":["https:\/\/arantv.az\/wp-content\/uploads\/2023\/07\/6-WhatsApp-Image-2023-07-06-at-15.02.29_1688656614.jpg",620,413,false],"landscape":["https:\/\/arantv.az\/wp-content\/uploads\/2023\/07\/6-WhatsApp-Image-2023-07-06-at-15.02.29_1688656614.jpg",620,413,false],"portraits":["https:\/\/arantv.az\/wp-content\/uploads\/2023\/07\/6-WhatsApp-Image-2023-07-06-at-15.02.29_1688656614.jpg",620,413,false],"thumbnail":["https:\/\/arantv.az\/wp-content\/uploads\/2023\/07\/6-WhatsApp-Image-2023-07-06-at-15.02.29_1688656614-500x280.jpg",500,280,true],"medium":["https:\/\/arantv.az\/wp-content\/uploads\/2023\/07\/6-WhatsApp-Image-2023-07-06-at-15.02.29_1688656614-548x365.jpg",548,365,true],"large":["https:\/\/arantv.az\/wp-content\/uploads\/2023\/07\/6-WhatsApp-Image-2023-07-06-at-15.02.29_1688656614.jpg",620,413,false],"1536x1536":["https:\/\/arantv.az\/wp-content\/uploads\/2023\/07\/6-WhatsApp-Image-2023-07-06-at-15.02.29_1688656614.jpg",620,413,false],"2048x2048":["https:\/\/arantv.az\/wp-content\/uploads\/2023\/07\/6-WhatsApp-Image-2023-07-06-at-15.02.29_1688656614.jpg",620,413,false],"post-thumbnail":["https:\/\/arantv.az\/wp-content\/uploads\/2023\/07\/6-WhatsApp-Image-2023-07-06-at-15.02.29_1688656614-240x172.jpg",240,172,true],"advps-thumb-one":["https:\/\/arantv.az\/wp-content\/uploads\/2023\/07\/6-WhatsApp-Image-2023-07-06-at-15.02.29_1688656614.jpg",620,413,false]},"rttpg_author":{"display_name":"V\u00fcsal Rafiqo\u011flu","author_link":"https:\/\/arantv.az\/?author=2"},"rttpg_comment":0,"rttpg_category":"<a href=\"https:\/\/arantv.az\/?cat=19\" rel=\"category\">G\u00fcnd\u0259m<\/a>","rttpg_excerpt":"T\u0259klif\u00a0 edir\u0259m ki, 14 iyulun tariximizd\u0259 m\u00fcst\u0259sna rolunu n\u0259z\u0259r\u0259 alaraq x\u00fcsusi r\u0259smi bir g\u00fcn kimi qeyd olunmas\u0131 m\u0259s\u0259l\u0259sin\u0259 baxaq\u201d. APA x\u0259b\u0259r verir ki, bunu Milli M\u0259clisin bu g\u00fcn ke\u00e7iril\u0259n iclas\u0131nda deputat B\u0259hruz M\u0259h\u0259rr\u0259mov deyib. O bildirib ki, 14 iyul d\u00f6vl\u0259t\u00e7ilik tariximizd\u0259 \u00e7ox \u00f6n\u0259mli bir g\u00fcn, ulu \u00f6nd\u0259r Heyd\u0259r \u018fliyevin Az\u0259rbaycanda ilk d\u0259f\u0259 siyasi hakimiyy\u0259t\u0259 g\u0259ldiyi&hellip;","_links":{"self":[{"href":"https:\/\/arantv.az\/index.php?rest_route=\/wp\/v2\/posts\/609321"}],"collection":[{"href":"https:\/\/arantv.az\/index.php?rest_route=\/wp\/v2\/posts"}],"about":[{"href":"https:\/\/arantv.az\/index.php?rest_route=\/wp\/v2\/types\/post"}],"author":[{"embeddable":true,"href":"https:\/\/arantv.az\/index.php?rest_route=\/wp\/v2\/users\/2"}],"replies":[{"embeddable":true,"href":"https:\/\/arantv.az\/index.php?rest_route=%2Fwp%2Fv2%2Fcomments&post=609321"}],"version-history":[{"count":0,"href":"https:\/\/arantv.az\/index.php?rest_route=\/wp\/v2\/posts\/609321\/revisions"}],"wp:featuredmedia":[{"embeddable":true,"href":"https:\/\/arantv.az\/index.php?rest_route=\/wp\/v2\/media\/609322"}],"wp:attachment":[{"href":"https:\/\/arantv.az\/index.php?rest_route=%2Fwp%2Fv2%2Fmedia&parent=609321"}],"wp:term":[{"taxonomy":"category","embeddable":true,"href":"https:\/\/arantv.az\/index.php?rest_route=%2Fwp%2Fv2%2Fcategories&post=609321"},{"taxonomy":"post_tag","embeddable":true,"href":"https:\/\/arantv.az\/index.php?rest_route=%2Fwp%2Fv2%2Ftags&post=609321"}],"curies":[{"name":"wp","href":"https:\/\/api.w.org\/{rel}","templated":true}]}}