{"id":609368,"date":"2023-07-17T13:27:37","date_gmt":"2023-07-17T09:27:37","guid":{"rendered":"https:\/\/arantv.az\/?p=609368"},"modified":"2023-07-17T13:27:37","modified_gmt":"2023-07-17T09:27:37","slug":"%c9%99r%c9%99b-mediasi-az%c9%99rbaycan-xin-in-b%c9%99yanatini-d%c9%99rc-edib-foto","status":"publish","type":"post","link":"https:\/\/arantv.az\/?p=609368","title":{"rendered":"\u018fr\u0259b medias\u0131 Az\u0259rbaycan X\u0130N-in b\u0259yanat\u0131n\u0131 d\u0259rc edib &#8211; FOTO"},"content":{"rendered":"<p>\u018fr\u0259b \u00f6lk\u0259l\u0259rinin n\u00fcfuzlu \u201c\u018fr-Riyad\u201d, \u201c\u018fl-B\u0259yan\u201d, \u201c\u018fl-H\u00fcrr\u0259\u201d, \u201cA\u015farq\u201d, \u201c\u018fl-\u011ead\u201d, \u201c\u018fl-Qahira\u201d q\u0259zet v\u0259 portallar\u0131nda \u201cAz\u0259rbaycan Moskvan\u0131n \u00dc\u00e7t\u0259r\u0259fli B\u0259yanat\u0131n tam olaraq yerin\u0259 yetirilm\u0259sini t\u0259min etm\u0259diyini b\u0259yan edib\u201d s\u0259rl\u00f6vh\u0259li x\u0259b\u0259r d\u0259rc edibl\u0259r.<\/p>\n<p>AZ\u018fRTAC x\u0259b\u0259r verir ki, materiallarda Az\u0259rbaycan Xarici \u0130\u015fl\u0259r Nazirliyinin b\u0259yanat\u0131 \u015f\u0259rh olunub. X\u0259b\u0259rd\u0259 b\u0259yanatdan sitat g\u0259tirilib:<\/p>\n<p>\u201cR\u0259smi Bak\u0131 Rusiya Federasiyas\u0131 Xarici \u0130\u015fl\u0259r Nazirliyinin Az\u0259rbaycan Respublikas\u0131n\u0131n \u0259razi b\u00fct\u00f6vl\u00fcy\u00fc v\u0259 suverenliyinin 30 il\u0259 yax\u0131n m\u00fcdd\u0259td\u0259 \u0259razil\u0259rimizi i\u015f\u011fal alt\u0131nda saxlayan Erm\u0259nistan\u0131n ba\u015f nazirinin Qaraba\u011f\u0131 Az\u0259rbaycan\u0131n t\u0259rkib hiss\u0259si olaraq tan\u0131mas\u0131 fakt\u0131 kontekstind\u0259 \u015f\u0259rh etm\u0259sini v\u0259 \u015f\u0259rtl\u0259ndirm\u0259sini q\u0259buledilm\u0259z hesab edib\u201d.<\/p>\n<p>\u018fr\u0259b \u00f6lk\u0259l\u0259ri ictimaiyy\u0259tinin diqq\u0259tin\u0259 \u00e7atd\u0131r\u0131l\u0131b ki, Az\u0259rbaycan\u0131n xarici siyas\u0259t idar\u0259si Bak\u0131n\u0131n 44 g\u00fcnl\u00fck V\u0259t\u0259n m\u00fcharib\u0259sind\u0259n sonra Erm\u0259nistanla m\u00fcnasib\u0259tl\u0259rin qurulmas\u0131 \u00fc\u00e7\u00fcn be\u015f baza prinsipl\u0259rini, s\u00fclh m\u00fcqavil\u0259si t\u0259klifini, el\u0259c\u0259 d\u0259 s\u0259rh\u0259dl\u0259rin delimitasiyas\u0131 t\u0259\u015f\u0259bb\u00fcs\u00fcn\u00fc ir\u0259li s\u00fcr\u0259n t\u0259r\u0259f v\u0259 bu istiqam\u0259tl\u0259rd\u0259 b\u00fct\u00fcn ilkin s\u0259n\u0259dl\u0259rin m\u00fc\u0259llifi oldu\u011funu xat\u0131rlad\u0131b. X\u0130N, h\u0259m\u00e7inin, b\u0259yan edib ki, Az\u0259rbaycan t\u0259r\u0259fi haz\u0131rda da s\u00fclh m\u00fcqavil\u0259sinin ir\u0259lil\u0259m\u0259si istiqam\u0259tind\u0259 \u0259m\u0259li add\u0131mlar at\u0131r, habel\u0259 Az\u0259rbaycan, Erm\u0259nistan v\u0259 Rusiya Federasiyas\u0131 liderl\u0259ri aras\u0131nda imzalanm\u0131\u015f \u00fc\u00e7t\u0259r\u0259fli b\u0259yanatlara daim sadiqlik n\u00fcmayi\u015f etdirir.<\/p>\n<div id=\"22881913269\"><\/div>\n<p>Sonda qeyd olunub ki, Az\u0259rbaycan X\u0130N s\u00f6z\u00fcged\u0259n \u00dc\u00e7t\u0259r\u0259fli B\u0259yanat imzalanan ilk g\u00fcnd\u0259n etibar\u0259n Erm\u0259nistan t\u0259r\u0259finin b\u0259yanat\u0131n bir \u00e7ox m\u00fcdd\u0259alar\u0131n\u0131 yerin\u0259 yetirm\u0259diyini v\u0259 Rusiya t\u0259r\u0259finin \u00f6hd\u0259likl\u0259ri \u00e7\u0259r\u00e7iv\u0259sind\u0259 b\u0259yanat\u0131n tam olaraq yerin\u0259 yetirilm\u0259sini t\u0259min etm\u0259diyini vur\u011fulay\u0131b.<\/p>\n<p>&nbsp;<\/p>\n<div class=\"gallery\">\n<div class=\"gallery-i\"><img src=\"https:\/\/cdn.oxu.az\/uploads\/W1siZiIsIjIwMjMvMDcvMTcvMTEvNDAvNTMvODk0OTNiODctMWFhYi00NTcyLWE3N2MtMDg2ZTM3Yzc5NWMwLzE2ODk1Nzg3OTYxNzM3MzMzNDU4XzEwMDB4NjY5LnBuZyJdLFsicCIsImVuY29kZSIsImpwZyIsIi1xdWFsaXR5IDgwIl0sWyJwIiwidGh1bWIiLCI1OTB4NTkwXHUwMDNlIl1d?sha=e765d0848e9376d3\" alt=\"\" \/><\/p>\n<div class=\"gallery-i-caption\"><\/div>\n<\/div>\n<div class=\"gallery-i\"><img src=\"https:\/\/cdn.oxu.az\/uploads\/W1siZiIsIjIwMjMvMDcvMTcvMTEvNDAvNTMvZjkxY2FkZWMtMTYwYi00ZmU4LTg4YTktMDJhNDQ2Y2U3MzA0LzE2ODk1Nzg3OTY1MTE5OTQyMjI1XzEwMDB4NjY5LnBuZyJdLFsicCIsImVuY29kZSIsImpwZyIsIi1xdWFsaXR5IDgwIl0sWyJwIiwidGh1bWIiLCI1OTB4NTkwXHUwMDNlIl1d?sha=6728bc74414cdb6b\" alt=\"\" \/><\/p>\n<div class=\"gallery-i-caption\"><\/div>\n<\/div>\n<div class=\"gallery-i\"><img src=\"https:\/\/cdn.oxu.az\/uploads\/W1siZiIsIjIwMjMvMDcvMTcvMTEvNDAvNTMvOWI1MzBlNWUtYmQ5Yy00MjQxLTljOTgtZDU3YzczMTNkYTgyLzE2ODk1Nzg3OTYzODg4OTI3NTA4XzEwMDB4NjY5LnBuZyJdLFsicCIsImVuY29kZSIsImpwZyIsIi1xdWFsaXR5IDgwIl0sWyJwIiwidGh1bWIiLCI1OTB4NTkwXHUwMDNlIl1d?sha=9210895de9a4eaee\" alt=\"\" \/><\/div>\n<\/div>\n","protected":false},"excerpt":{"rendered":"<p>\u018fr\u0259b \u00f6lk\u0259l\u0259rinin n\u00fcfuzlu \u201c\u018fr-Riyad\u201d, \u201c\u018fl-B\u0259yan\u201d, \u201c\u018fl-H\u00fcrr\u0259\u201d, \u201cA\u015farq\u201d, \u201c\u018fl-\u011ead\u201d, \u201c\u018fl-Qahira\u201d q\u0259zet v\u0259 portallar\u0131nda \u201cAz\u0259rbaycan Moskvan\u0131n \u00dc\u00e7t\u0259r\u0259fli B\u0259yanat\u0131n tam olaraq yerin\u0259 yetirilm\u0259sini t\u0259min etm\u0259diyini b\u0259yan edib\u201d s\u0259rl\u00f6vh\u0259li x\u0259b\u0259r d\u0259rc edibl\u0259r. AZ\u018fRTAC x\u0259b\u0259r verir ki, materiallarda Az\u0259rbaycan Xarici \u0130\u015fl\u0259r Nazirliyinin b\u0259yanat\u0131 \u015f\u0259rh olunub. X\u0259b\u0259rd\u0259 b\u0259yanatdan sitat g\u0259tirilib: \u201cR\u0259smi Bak\u0131 Rusiya Federasiyas\u0131 Xarici \u0130\u015fl\u0259r Nazirliyinin Az\u0259rbaycan Respublikas\u0131n\u0131n \u0259razi b\u00fct\u00f6vl\u00fcy\u00fc v\u0259 suverenliyinin 30 il\u0259 yax\u0131n m\u00fcdd\u0259td\u0259 \u0259razil\u0259rimizi i\u015f\u011fal alt\u0131nda saxlayan Erm\u0259nistan\u0131n ba\u015f nazirinin Qaraba\u011f\u0131 Az\u0259rbaycan\u0131n t\u0259rkib hiss\u0259si olaraq tan\u0131mas\u0131 fakt\u0131 kontekstind\u0259 \u015f\u0259rh etm\u0259sini v\u0259 \u015f\u0259rtl\u0259ndirm\u0259sini q\u0259buledilm\u0259z hesab edib\u201d. \u018fr\u0259b \u00f6lk\u0259l\u0259ri ictimaiyy\u0259tinin diqq\u0259tin\u0259 \u00e7atd\u0131r\u0131l\u0131b ki, Az\u0259rbaycan\u0131n&hellip;<\/p>\n","protected":false},"author":2,"featured_media":609369,"comment_status":"closed","ping_status":"closed","sticky":false,"template":"","format":"standard","meta":{"om_disable_all_campaigns":false,"_monsterinsights_skip_tracking":false,"_monsterinsights_sitenote_active":false,"_monsterinsights_sitenote_note":"","_monsterinsights_sitenote_category":0},"categories":[7],"tags":[],"aioseo_notices":[],"gutentor_comment":0,"rttpg_featured_image_url":{"full":["https:\/\/arantv.az\/wp-content\/uploads\/2023\/07\/FotoJet-19.jpg",620,413,false],"landscape":["https:\/\/arantv.az\/wp-content\/uploads\/2023\/07\/FotoJet-19.jpg",620,413,false],"portraits":["https:\/\/arantv.az\/wp-content\/uploads\/2023\/07\/FotoJet-19.jpg",620,413,false],"thumbnail":["https:\/\/arantv.az\/wp-content\/uploads\/2023\/07\/FotoJet-19-500x280.jpg",500,280,true],"medium":["https:\/\/arantv.az\/wp-content\/uploads\/2023\/07\/FotoJet-19-548x365.jpg",548,365,true],"large":["https:\/\/arantv.az\/wp-content\/uploads\/2023\/07\/FotoJet-19.jpg",620,413,false],"1536x1536":["https:\/\/arantv.az\/wp-content\/uploads\/2023\/07\/FotoJet-19.jpg",620,413,false],"2048x2048":["https:\/\/arantv.az\/wp-content\/uploads\/2023\/07\/FotoJet-19.jpg",620,413,false],"post-thumbnail":["https:\/\/arantv.az\/wp-content\/uploads\/2023\/07\/FotoJet-19-240x172.jpg",240,172,true],"advps-thumb-one":["https:\/\/arantv.az\/wp-content\/uploads\/2023\/07\/FotoJet-19.jpg",620,413,false]},"rttpg_author":{"display_name":"V\u00fcsal Rafiqo\u011flu","author_link":"https:\/\/arantv.az\/?author=2"},"rttpg_comment":0,"rttpg_category":"<a href=\"https:\/\/arantv.az\/?cat=7\" rel=\"category\">D\u00fcnya<\/a>","rttpg_excerpt":"\u018fr\u0259b \u00f6lk\u0259l\u0259rinin n\u00fcfuzlu \u201c\u018fr-Riyad\u201d, \u201c\u018fl-B\u0259yan\u201d, \u201c\u018fl-H\u00fcrr\u0259\u201d, \u201cA\u015farq\u201d, \u201c\u018fl-\u011ead\u201d, \u201c\u018fl-Qahira\u201d q\u0259zet v\u0259 portallar\u0131nda \u201cAz\u0259rbaycan Moskvan\u0131n \u00dc\u00e7t\u0259r\u0259fli B\u0259yanat\u0131n tam olaraq yerin\u0259 yetirilm\u0259sini t\u0259min etm\u0259diyini b\u0259yan edib\u201d s\u0259rl\u00f6vh\u0259li x\u0259b\u0259r d\u0259rc edibl\u0259r. AZ\u018fRTAC x\u0259b\u0259r verir ki, materiallarda Az\u0259rbaycan Xarici \u0130\u015fl\u0259r Nazirliyinin b\u0259yanat\u0131 \u015f\u0259rh olunub. X\u0259b\u0259rd\u0259 b\u0259yanatdan sitat g\u0259tirilib: \u201cR\u0259smi Bak\u0131 Rusiya Federasiyas\u0131 Xarici \u0130\u015fl\u0259r Nazirliyinin Az\u0259rbaycan Respublikas\u0131n\u0131n \u0259razi b\u00fct\u00f6vl\u00fcy\u00fc&hellip;","_links":{"self":[{"href":"https:\/\/arantv.az\/index.php?rest_route=\/wp\/v2\/posts\/609368"}],"collection":[{"href":"https:\/\/arantv.az\/index.php?rest_route=\/wp\/v2\/posts"}],"about":[{"href":"https:\/\/arantv.az\/index.php?rest_route=\/wp\/v2\/types\/post"}],"author":[{"embeddable":true,"href":"https:\/\/arantv.az\/index.php?rest_route=\/wp\/v2\/users\/2"}],"replies":[{"embeddable":true,"href":"https:\/\/arantv.az\/index.php?rest_route=%2Fwp%2Fv2%2Fcomments&post=609368"}],"version-history":[{"count":0,"href":"https:\/\/arantv.az\/index.php?rest_route=\/wp\/v2\/posts\/609368\/revisions"}],"wp:featuredmedia":[{"embeddable":true,"href":"https:\/\/arantv.az\/index.php?rest_route=\/wp\/v2\/media\/609369"}],"wp:attachment":[{"href":"https:\/\/arantv.az\/index.php?rest_route=%2Fwp%2Fv2%2Fmedia&parent=609368"}],"wp:term":[{"taxonomy":"category","embeddable":true,"href":"https:\/\/arantv.az\/index.php?rest_route=%2Fwp%2Fv2%2Fcategories&post=609368"},{"taxonomy":"post_tag","embeddable":true,"href":"https:\/\/arantv.az\/index.php?rest_route=%2Fwp%2Fv2%2Ftags&post=609368"}],"curies":[{"name":"wp","href":"https:\/\/api.w.org\/{rel}","templated":true}]}}