{"id":610066,"date":"2023-07-20T10:59:12","date_gmt":"2023-07-20T06:59:12","guid":{"rendered":"https:\/\/arantv.az\/?p=610066"},"modified":"2023-07-20T10:59:12","modified_gmt":"2023-07-20T06:59:12","slug":"natiq-m%c9%99mm%c9%99dli-media-etikasi-bizim-ucun-qirmizi-x%c9%99tdir","status":"publish","type":"post","link":"https:\/\/arantv.az\/?p=610066","title":{"rendered":"Natiq M\u0259mm\u0259dli: Media etikas\u0131 bizim \u00fc\u00e7\u00fcn q\u0131rm\u0131z\u0131 x\u0259tdir"},"content":{"rendered":"<p>Media etikas\u0131 bizim \u00fc\u00e7\u00fcn q\u0131rm\u0131z\u0131 x\u0259tdir.<\/p>\n<p><strong>ARANTV.AZ\u00a0 x\u0259b\u0259r verir ki,<\/strong>\u00a0bunu bu g\u00fcn Median\u0131n \u0130nki\u015faf\u0131 Agentliyinin \u015f\u00f6b\u0259 m\u00fcdiri Natiq M\u0259mm\u0259dli \u201cMedia qlobal transformasiyalar d\u00f6vr\u00fcnd\u0259: \u0259n\u0259n\u0259l\u0259rd\u0259 varislik, jurnalistika prinsipl\u0259ri v\u0259 ictimai maraqlar\u201d m\u00f6vzusunda ke\u00e7iril\u0259n konfrans zaman\u0131 deyib.<\/p>\n<p>\u201c Mediada islahatlar\u0131n ba\u015flan\u0131lmas\u0131 median\u0131n inki\u015faf\u0131n\u0131n d\u00f6vl\u0259timizin \u00fc\u00e7\u00fcn n\u0259 q\u0259d\u0259r prioritet oldu\u011funu g\u00f6st\u0259rir. Bu o dem\u0259k deyil ki, c\u0259miyy\u0259t v\u0259 media aras\u0131nda h\u0259r \u015fey r\u0259van gedir. Bu g\u00fcn Az\u0259rbaycan\u0131n vicdanl\u0131 jurnalist Qeyri-pe\u015f\u0259karl\u0131\u011f\u0131n qar\u015f\u0131s\u0131n\u0131n al\u0131nmas\u0131nda bir \u015fans\u0131m\u0131z var. Bu da media \u0259xlaq\u0131d\u0131r. Media etikas\u0131 bizim \u00fc\u00e7\u00fcn q\u0131rm\u0131z\u0131 x\u0259ttdir\u201d,- dey\u0259 N.M\u0259mm\u0259dli bildirib.<\/p>\n","protected":false},"excerpt":{"rendered":"<p>Media etikas\u0131 bizim \u00fc\u00e7\u00fcn q\u0131rm\u0131z\u0131 x\u0259tdir. ARANTV.AZ\u00a0 x\u0259b\u0259r verir ki,\u00a0bunu bu g\u00fcn Median\u0131n \u0130nki\u015faf\u0131 Agentliyinin \u015f\u00f6b\u0259 m\u00fcdiri Natiq M\u0259mm\u0259dli \u201cMedia qlobal transformasiyalar d\u00f6vr\u00fcnd\u0259: \u0259n\u0259n\u0259l\u0259rd\u0259 varislik, jurnalistika prinsipl\u0259ri v\u0259 ictimai maraqlar\u201d m\u00f6vzusunda ke\u00e7iril\u0259n konfrans zaman\u0131 deyib. \u201c Mediada islahatlar\u0131n ba\u015flan\u0131lmas\u0131 median\u0131n inki\u015faf\u0131n\u0131n d\u00f6vl\u0259timizin \u00fc\u00e7\u00fcn n\u0259 q\u0259d\u0259r prioritet oldu\u011funu g\u00f6st\u0259rir. Bu o dem\u0259k deyil ki, c\u0259miyy\u0259t v\u0259 media aras\u0131nda h\u0259r \u015fey r\u0259van gedir. Bu g\u00fcn Az\u0259rbaycan\u0131n vicdanl\u0131 jurnalist Qeyri-pe\u015f\u0259karl\u0131\u011f\u0131n qar\u015f\u0131s\u0131n\u0131n al\u0131nmas\u0131nda bir \u015fans\u0131m\u0131z var. Bu da media \u0259xlaq\u0131d\u0131r. Media etikas\u0131 bizim \u00fc\u00e7\u00fcn q\u0131rm\u0131z\u0131 x\u0259ttdir\u201d,- dey\u0259 N.M\u0259mm\u0259dli bildirib.<\/p>\n","protected":false},"author":2,"featured_media":610068,"comment_status":"closed","ping_status":"closed","sticky":false,"template":"","format":"standard","meta":{"om_disable_all_campaigns":false,"_monsterinsights_skip_tracking":false,"_monsterinsights_sitenote_active":false,"_monsterinsights_sitenote_note":"","_monsterinsights_sitenote_category":0},"categories":[26],"tags":[],"aioseo_notices":[],"gutentor_comment":0,"rttpg_featured_image_url":{"full":["https:\/\/arantv.az\/wp-content\/uploads\/2023\/07\/fd8c07a3168983503491072294510666839-1.jpg",975,540,false],"landscape":["https:\/\/arantv.az\/wp-content\/uploads\/2023\/07\/fd8c07a3168983503491072294510666839-1.jpg",975,540,false],"portraits":["https:\/\/arantv.az\/wp-content\/uploads\/2023\/07\/fd8c07a3168983503491072294510666839-1.jpg",975,540,false],"thumbnail":["https:\/\/arantv.az\/wp-content\/uploads\/2023\/07\/fd8c07a3168983503491072294510666839-1-500x280.jpg",500,280,true],"medium":["https:\/\/arantv.az\/wp-content\/uploads\/2023\/07\/fd8c07a3168983503491072294510666839-1-660x365.jpg",660,365,true],"large":["https:\/\/arantv.az\/wp-content\/uploads\/2023\/07\/fd8c07a3168983503491072294510666839-1-840x465.jpg",640,354,true],"1536x1536":["https:\/\/arantv.az\/wp-content\/uploads\/2023\/07\/fd8c07a3168983503491072294510666839-1.jpg",975,540,false],"2048x2048":["https:\/\/arantv.az\/wp-content\/uploads\/2023\/07\/fd8c07a3168983503491072294510666839-1.jpg",975,540,false],"post-thumbnail":["https:\/\/arantv.az\/wp-content\/uploads\/2023\/07\/fd8c07a3168983503491072294510666839-1-240x172.jpg",240,172,true],"advps-thumb-one":["https:\/\/arantv.az\/wp-content\/uploads\/2023\/07\/fd8c07a3168983503491072294510666839-1.jpg",975,540,false]},"rttpg_author":{"display_name":"V\u00fcsal Rafiqo\u011flu","author_link":"https:\/\/arantv.az\/?author=2"},"rttpg_comment":0,"rttpg_category":"<a href=\"https:\/\/arantv.az\/?cat=26\" rel=\"category\">Sosial<\/a>","rttpg_excerpt":"Media etikas\u0131 bizim \u00fc\u00e7\u00fcn q\u0131rm\u0131z\u0131 x\u0259tdir. ARANTV.AZ\u00a0 x\u0259b\u0259r verir ki,\u00a0bunu bu g\u00fcn Median\u0131n \u0130nki\u015faf\u0131 Agentliyinin \u015f\u00f6b\u0259 m\u00fcdiri Natiq M\u0259mm\u0259dli \u201cMedia qlobal transformasiyalar d\u00f6vr\u00fcnd\u0259: \u0259n\u0259n\u0259l\u0259rd\u0259 varislik, jurnalistika prinsipl\u0259ri v\u0259 ictimai maraqlar\u201d m\u00f6vzusunda ke\u00e7iril\u0259n konfrans zaman\u0131 deyib. \u201c Mediada islahatlar\u0131n ba\u015flan\u0131lmas\u0131 median\u0131n inki\u015faf\u0131n\u0131n d\u00f6vl\u0259timizin \u00fc\u00e7\u00fcn n\u0259 q\u0259d\u0259r prioritet oldu\u011funu g\u00f6st\u0259rir. Bu o dem\u0259k deyil ki, c\u0259miyy\u0259t v\u0259&hellip;","_links":{"self":[{"href":"https:\/\/arantv.az\/index.php?rest_route=\/wp\/v2\/posts\/610066"}],"collection":[{"href":"https:\/\/arantv.az\/index.php?rest_route=\/wp\/v2\/posts"}],"about":[{"href":"https:\/\/arantv.az\/index.php?rest_route=\/wp\/v2\/types\/post"}],"author":[{"embeddable":true,"href":"https:\/\/arantv.az\/index.php?rest_route=\/wp\/v2\/users\/2"}],"replies":[{"embeddable":true,"href":"https:\/\/arantv.az\/index.php?rest_route=%2Fwp%2Fv2%2Fcomments&post=610066"}],"version-history":[{"count":0,"href":"https:\/\/arantv.az\/index.php?rest_route=\/wp\/v2\/posts\/610066\/revisions"}],"wp:featuredmedia":[{"embeddable":true,"href":"https:\/\/arantv.az\/index.php?rest_route=\/wp\/v2\/media\/610068"}],"wp:attachment":[{"href":"https:\/\/arantv.az\/index.php?rest_route=%2Fwp%2Fv2%2Fmedia&parent=610066"}],"wp:term":[{"taxonomy":"category","embeddable":true,"href":"https:\/\/arantv.az\/index.php?rest_route=%2Fwp%2Fv2%2Fcategories&post=610066"},{"taxonomy":"post_tag","embeddable":true,"href":"https:\/\/arantv.az\/index.php?rest_route=%2Fwp%2Fv2%2Ftags&post=610066"}],"curies":[{"name":"wp","href":"https:\/\/api.w.org\/{rel}","templated":true}]}}