{"id":610070,"date":"2023-07-20T11:00:16","date_gmt":"2023-07-20T07:00:16","guid":{"rendered":"https:\/\/arantv.az\/?p=610070"},"modified":"2023-07-20T11:00:16","modified_gmt":"2023-07-20T07:00:16","slug":"prezidentin-xususi-numay%c9%99nd%c9%99sinin-v%c9%99zif%c9%99l%c9%99ri-n%c9%99-olacaq-pa-da-yenilik","status":"publish","type":"post","link":"https:\/\/arantv.az\/?p=610070","title":{"rendered":"Prezidentin x\u00fcsusi n\u00fcmay\u0259nd\u0259sinin v\u0259zif\u0259l\u0259ri n\u0259 olacaq? &#8211; PA-da yenilik"},"content":{"rendered":"<h3><strong>Fazil Mustafa: \u201cT\u0259cr\u00fcb\u0259li, s\u0131naqlardan \u00e7\u0131xm\u0131\u015f bir \u015f\u0259xsin&#8230;\u201d<\/strong><\/h3>\n<p><strong>Prezident Administrasiyas\u0131n\u0131n strukturunda d\u0259yi\u015fiklik olunub. Bel\u0259 ki, Az\u0259rbaycan Respublikas\u0131 Prezidentinin x\u00fcsusi tap\u015f\u0131r\u0131qlar \u00fczr\u0259 n\u00fcmay\u0259nd\u0259si v\u0259zif\u0259si t\u0259sis edilib. Bu d\u0259yi\u015fiklik Prezident Administrasiyas\u0131n\u0131n sayt\u0131nda da \u00f6z \u0259ksini tap\u0131r.<\/strong><\/p>\n<p>Qeyd ed\u0259k ki, Prezident \u0130lham \u018fliyevin S\u0259r\u0259ncam\u0131 il\u0259 iyulun 18-d\u0259 El\u00e7in \u018fmirb\u0259yov h\u0259min v\u0259zif\u0259y\u0259 t\u0259yin edilib.<\/p>\n<p>Buna q\u0259d\u0259r E.\u018fmirb\u0259yov Az\u0259rbaycan Respublikas\u0131 Birinci vitse-prezidentinin k\u00f6m\u0259k\u00e7isi v\u0259zif\u0259sini tuturdu.<\/p>\n<p>El\u00e7in \u018fmirb\u0259yov u\u011furlu v\u0259 reputasiyas\u0131 t\u0259miz m\u0259murdur, beyn\u0259lxalq siyas\u0259ti kifay\u0259t q\u0259d\u0259r m\u00fck\u0259mm\u0259l bilir. V\u0259t\u0259n m\u00fcharib\u0259si d\u00f6vr\u00fcnd\u0259 beyn\u0259lxalq arenada m\u00fch\u00fcm d\u00f6vl\u0259t g\u00f6r\u0259vl\u0259rini yerin\u0259 yetirib.<\/p>\n<p>Onun dosyesini t\u0259qdim edirik:<\/p>\n<p>El\u00e7in Oktyabr o\u011flu \u018fmirb\u0259yov 1972-ci ild\u0259 Bak\u0131 \u015f\u0259h\u0259rind\u0259 ziyal\u0131 ail\u0259sind\u0259 anadan olub. 1988-ci ild\u0259 Bak\u0131 \u015f\u0259h\u0259rinin 164 n\u00f6mr\u0259li orta t\u0259hsil m\u0259kt\u0259bini q\u0131z\u0131l medalla bitirib.<\/p>\n<p>1992-ci ild\u0259 Az\u0259rbaycan Dill\u0259r Universitetinin ingilis-frans\u0131z t\u0259rc\u00fcm\u0259\u00e7ilik fak\u00fclt\u0259sini f\u0259rql\u0259nm\u0259 diplomu il\u0259 bitirib.<\/p>\n<p><strong>\u0130lk \u0259m\u0259k f\u0259aliyy\u0259tin\u0259 1991-ci ild\u0259 Az\u0259rbaycan Xarici \u0130\u015fl\u0259r Nazirliyind\u0259 referent-t\u0259rc\u00fcm\u0259\u00e7i kimi ba\u015flay\u0131b. 1992-1993-c\u00fc ill\u0259rd\u0259 Xarici \u0130\u015fl\u0259r Nazirliyinin Beyn\u0259lxalq T\u0259\u015fkilatlar \u0130dar\u0259sinin atta\u015fesi v\u0259 daha sonra \u00fc\u00e7\u00fcnc\u00fc katibi v\u0259zif\u0259l\u0259rind\u0259 \u00e7al\u0131\u015f\u0131b. 1993-c\u00fc ild\u0259 o, Fransada Paris Beyn\u0259lxalq D\u00f6vl\u0259t \u0130dar\u0259\u00e7iliyi \u0130nstitutunda diplomatik t\u0259hsil al\u0131b.<\/strong><\/p>\n<p>Daha sonra 1994-c\u00fc ild\u0259 Almaniyan\u0131n Oberammerqau \u015f\u0259h\u0259rind\u0259 NATO M\u0259kt\u0259bind\u0259 (NATO School) v\u0259 \u0130taliyan\u0131n Roma \u015f\u0259h\u0259rind\u0259 NATO-nun M\u00fcdafi\u0259 Kollecind\u0259 (NATO Defense College) x\u00fcsusi t\u0259liml\u0259r ke\u00e7ib.<\/p>\n<p>1995-1997-ci ill\u0259rd\u0259 Nyu-Yorkda Az\u0259rbaycan\u0131n BMT yan\u0131nda Daimi N\u00fcmay\u0259nd\u0259liyind\u0259 ikinci katib olaraq f\u0259aliyy\u0259t g\u00f6st\u0259rib.<\/p>\n<p>\u0130lk uzunm\u00fcdd\u0259tli xarici ezamiyy\u0259td\u0259n Xarici \u0130\u015fl\u0259r Nazirliyin\u0259 geri d\u00f6nd\u00fckd\u0259n sonra o, ard\u0131c\u0131l olaraq 1998-ci ild\u0259 Beyn\u0259lxalq t\u0259\u015fkilatlar \u0130dar\u0259sind\u0259 birinci katib v\u0259zif\u0259sind\u0259, 1999-cu ild\u0259 h\u0259min idar\u0259nin regional v\u0259 beyn\u0259lxalq t\u0259hl\u00fck\u0259sizlik \u015f\u00f6b\u0259sinin m\u00fcdiri v\u0259zif\u0259l\u0259rind\u0259 \u00e7al\u0131\u015f\u0131b.<\/p>\n<p>2000-ci ild\u0259 AB\u015e-da Harvard Universitetinin Kennedy ad\u0131na \u0130dar\u0259\u00e7ilik M\u0259kt\u0259bind\u0259 beyn\u0259lxalq v\u0259 milli t\u0259hl\u00fck\u0259sizlik \u00fczr\u0259 x\u00fcsusi kursu bitirib. 2001-2003-c\u00fc ill\u0259rd\u0259 Br\u00fcsseld\u0259 (Bel\u00e7ika Krall\u0131\u011f\u0131) Az\u0259rbaycan Respublikas\u0131n\u0131n NATO-dak\u0131 n\u00fcmay\u0259nd\u0259liyinin siyasi m\u0259s\u0259l\u0259l\u0259r \u00fczr\u0259 m\u00fc\u015faviri v\u0259zif\u0259sind\u0259 \u00e7al\u0131\u015f\u0131b.<\/p>\n<p>2003-2004-c\u00fc ill\u0259rd\u0259 Nyu-Yorkda (AB\u015e) Az\u0259rbaycan\u0131n BMT yan\u0131nda Daimi N\u00fcmay\u0259nd\u0259liyind\u0259 m\u00fc\u015favir olaraq \u00e7al\u0131\u015f\u0131b.<\/p>\n<p><strong>2004-c\u00fc ild\u0259n 2010-cu il\u0259d\u0259k Cenevr\u0259d\u0259 BMT v\u0259 dig\u0259r beyn\u0259lxalq t\u0259\u015fkilatlarda Az\u0259rbaycan\u0131n daimi n\u00fcmay\u0259nd\u0259si kimi f\u0259aliyy\u0259t g\u00f6st\u0259rib, 2005-2010-cu ill\u0259rd\u0259 h\u0259m\u00e7inin Az\u0259rbaycan Respublikas\u0131n\u0131n \u0130sve\u00e7r\u0259 Konfederasiyas\u0131ndak\u0131 f\u00f6vq\u0259lad\u0259 v\u0259 s\u0259lahiyy\u0259tli s\u0259firi v\u0259zif\u0259l\u0259rini icra edib.<\/strong><\/p>\n<p>Cenevr\u0259d\u0259 \u00e7al\u0131\u015fd\u0131\u011f\u0131 zaman o, 2008-2009-cu ill\u0259rd\u0259 BMT-nin \u0130nsan H\u00fcquqlar\u0131 \u015euras\u0131n\u0131n Vitse-prezidenti v\u0259 eyni zamanda m\u0259ruz\u0259\u00e7i qismind\u0259 f\u0259aliyy\u0259t g\u00f6st\u0259rib. H\u0259m\u00e7inin 2007-ci ild\u0259 BMT-nin Cenevr\u0259d\u0259ki Ofisind\u0259 \u0130slam \u018fm\u0259kda\u015fl\u0131q T\u0259\u015fkilat\u0131n\u0131n (IKT) \u00fczv d\u00f6vl\u0259tl\u0259rinin s\u0259firl\u0259r qrupuna bir il \u0259rzind\u0259 s\u0259drlik edib. Bundan \u0259lav\u0259, 2008-ci ild\u0259 s\u0259fir El\u00e7in \u018fmirb\u0259yov BMT-nin Cenevr\u0259d\u0259ki Ofisind\u0259 \u015e\u0259rqi Avropa regional qrupuna daxil olan \u00fczv-d\u00f6vl\u0259tl\u0259rin s\u0259firl\u0259r qrupuna s\u0259drlik edib.<\/p>\n<p>Bununla yana\u015f\u0131, 2005-2017-ci ill\u0259rd\u0259 Az\u0259rbaycan\u0131n M\u00fcq\u0259dd\u0259s Taxt-Tacda ilk s\u0259firi qismind\u0259 \u00e7al\u0131\u015f\u0131b. Vatikanda \u00e7al\u0131\u015fd\u0131\u011f\u0131 zaman 2008-ci ild\u0259 Roma Papas\u0131 Onalt\u0131nc\u0131 Benedikt (Pope Benedict XV\u0130) t\u0259r\u0259find\u0259n M\u00fcq\u0259dd\u0259s Gregori ordeni il\u0259 t\u0259ltif edilib.<\/p>\n<p>H\u0259m\u00e7inin 2006-2010-cu ill\u0259rd\u0259 Az\u0259rbaycan Respublikas\u0131n\u0131n Lixten\u015fteyn Knyazl\u0131\u011f\u0131nda f\u00f6vq\u0259lad\u0259 v\u0259 s\u0259lahiyy\u0259tli s\u0259firi v\u0259zif\u0259sini icra edib.<\/p>\n<p>E.\u018fmirb\u0259yov 6 yanvar 2010-cu ild\u0259n 23 iyun 2017-ci il\u0259d\u0259k Az\u0259rbaycan Respublikas\u0131n\u0131n Fransa Respublikas\u0131nda v\u0259 eyni zamanda Monako Knyazl\u0131\u011f\u0131nda f\u00f6vq\u0259lad\u0259 v\u0259 s\u0259lahiyy\u0259tli s\u0259firi kimi f\u0259aliyy\u0259t g\u00f6st\u0259rib.<\/p>\n<p>El\u00e7in \u018fmirb\u0259yov f\u00f6vq\u0259lad\u0259 v\u0259 s\u0259lahiyy\u0259tli s\u0259fir diplomatik d\u0259r\u0259c\u0259sin\u0259 malikdir. 24 iyun 2017-ci il tarixind\u0259n etibar\u0259n Az\u0259rbaycan Respublikas\u0131n\u0131n Birinci vitse-prezidentinin k\u00f6m\u0259k\u00e7isi v\u0259zif\u0259l\u0259rini icra edirdi.<\/p>\n<p>\u0130ngilis, frans\u0131z v\u0259 rus dill\u0259rini bilir.<\/p>\n<p><strong>D\u00f6vl\u0259t qullu\u011funda birinci d\u0259r\u0259c\u0259li d\u00f6vl\u0259t m\u00fc\u015faviri ixtisas d\u0259r\u0259c\u0259si var (2023).<\/strong><\/p>\n<p>Evlidir, iki \u00f6vlad\u0131 var.<\/p>\n<p>E.\u018fmirb\u0259yovun t\u0259yinat\u0131ndan sonra \u0259sas bir sual yaran\u0131b.\u00a0 Onun Prezidentin x\u00fcsusi tap\u015f\u0131r\u0131qlar \u00fczr\u0259 n\u00fcmay\u0259nd\u0259si kimi v\u0259zif\u0259l\u0259ri n\u0259l\u0259r olacaq?<\/p>\n<p><img src=\"https:\/\/eco.gov.az\/frq-content\/plugins\/pages_v1\/entry\/20191113104908_21641700.jpeg\" alt=\"Elman N\u0259sirov | Az\u0259rbaycan Respublikas\u0131 Ekologiya v\u0259 T\u0259bii S\u0259rv\u0259tl\u0259r  Nazirliyi\" \/><\/p>\n<p><strong>Elman N\u0259sirov<\/strong><\/p>\n<p><strong>YAP-\u00e7\u0131 deputat Elman N\u0259sirov m\u00f6vzu il\u0259 ba\u011fl\u0131 dan\u0131\u015fark\u0259n dedi:<\/strong>\u00a0\u201c\u00d6lk\u0259 Prezidenti, c\u0259nab \u0130lham \u018fliyevin m\u00fcvafiq s\u0259r\u0259ncam\u0131 il\u0259 El\u00e7in \u018fmirb\u0259yovun bu t\u0259yinat\u0131ndan sonra \u0259n \u00e7ox diqq\u0259t c\u0259lb ed\u0259n sual bununla ba\u011fl\u0131d\u0131r ki, o, hans\u0131 s\u0259lahiyy\u0259tl\u0259ri icra ed\u0259c\u0259k, hans\u0131 v\u0259zif\u0259l\u0259ri yerin\u0259 yetir\u0259c\u0259k. Ad\u0131ndan g\u00f6r\u00fcnd\u00fcy\u00fc kimi, s\u00f6hb\u0259t m\u0259hz \u00f6lk\u0259 ba\u015f\u00e7\u0131s\u0131n\u0131n x\u00fcsusi tap\u015f\u0131r\u0131qlar \u00fczr\u0259 n\u00fcmay\u0259nd\u0259si olmaqdan gedir, y\u0259ni El\u00e7in \u018fmirb\u0259yov c\u0259nab Prezidentin x\u00fcsusi tap\u015f\u0131r\u0131qlar\u0131n\u0131 icra ed\u0259c\u0259k. M\u0259n\u0259 el\u0259 g\u0259lir ki, bu m\u0259s\u0259l\u0259ni daha \u00e7ox xarici siyas\u0259t aspektind\u0259n qiym\u0259tl\u0259ndirm\u0259k do\u011fru olard\u0131. \u00c7\u00fcnki El\u00e7in \u018fmirb\u0259yov m\u0259hz beyn\u0259lxalq sah\u0259d\u0259 ixtisasla\u015fm\u0131\u015f m\u00fct\u0259x\u0259ssisdir. D\u00fcnyan\u0131n \u0259n m\u0259\u015fhur Harvard Universitetinin m\u0259zunudur. Xarici dill\u0259ri d\u0259 m\u00fck\u0259mm\u0259l bilir. Fransada s\u0259firimiz olub. \u00d6lk\u0259mizin Birinci vitse-prezidenti Mehriban xan\u0131m \u018fliyevan\u0131n k\u00f6m\u0259k\u00e7isi kimi \u00e7al\u0131\u015f\u0131b. B\u00fct\u00fcn v\u0259zif\u0259l\u0259rd\u0259 \u00f6z\u00fcn\u00fc istedadl\u0131 kadr kimi g\u00f6st\u0259rib. C\u0259miyy\u0259td\u0259ki imici d\u0259 m\u00fcsb\u0259tdir. B\u00fct\u00fcn bunlar hesab edir\u0259m ki, imkan ver\u0259c\u0259k ki, o, Prezidentin x\u00fcsusi n\u00fcmay\u0259nd\u0259si kimi bu v\u0259zif\u0259ni u\u011furla icra etsin. M\u0259n\u0259 el\u0259 g\u0259lir ki, Erm\u0259nistan-Az\u0259rbaycan m\u00fcnasib\u0259tl\u0259rinin normalla\u015fmas\u0131 prosesind\u0259 d\u0259 onun x\u00fcsusi tap\u015f\u0131r\u0131qlar\u0131 icra etm\u0259si daha m\u0259ntiqli g\u00f6r\u00fcn\u00fcr. Burada dig\u0259r sah\u0259l\u0259r d\u0259 istisna deyil. Sad\u0259c\u0259, m\u0259n\u0259 el\u0259 g\u0259lir ki, daha \u00e7ox xarici siyas\u0259t m\u0259s\u0259l\u0259l\u0259ri il\u0259 \u0259laq\u0259dar x\u00fcsusi tap\u015f\u0131r\u0131qlar icra ed\u0259c\u0259yi daha inand\u0131r\u0131c\u0131 g\u00f6r\u00fcn\u00fcr. Onun pe\u015f\u0259karl\u0131\u011f\u0131, keyfiyy\u0259ti, istedad\u0131 imkan verir ki, c\u0259nab Prezidentin m\u00fc\u0259yy\u0259n etdiyi x\u00fcsusi tap\u015f\u0131r\u0131qlar\u0131 l\u0259yaq\u0259tl\u0259 yerin\u0259 yetirsin\u201d.<\/p>\n<p><img loading=\"lazy\" src=\"https:\/\/qafqazinfo.az\/uploads\/1527577585\/fazil.jpg\" alt=\"Fazil Mustafa g\u00fcll\u0259l\u0259ndi \u2014 Yenil\u0259nib\" width=\"710\" height=\"446\" \/><\/p>\n<p><strong>Fazil Mustafa<\/strong><\/p>\n<p><strong>B\u00f6y\u00fck Qurulu\u015f Partiyas\u0131n\u0131n s\u0259dri, deputat Fazil Mustafa \u00f6lk\u0259 r\u0259hb\u0259rinin bir s\u0131ra vacib m\u0259s\u0259l\u0259l\u0259rin m\u00fczakir\u0259si \u00fc\u00e7\u00fcn bel\u0259 bir q\u0259rara ehtiyac duydu\u011funu d\u00fc\u015f\u00fcn\u00fcr:<\/strong>\u00a0\u201cBu m\u0259s\u0259l\u0259 il\u0259 ba\u011fl\u0131 a\u00e7\u0131qlama verm\u0259k \u00fc\u00e7\u00fcn x\u00fcsusi tap\u015f\u0131r\u0131qlar \u00fczr\u0259 t\u0259msil\u00e7inin \u0259sasnam\u0259si il\u0259 tan\u0131\u015f olmaq laz\u0131md\u0131r. A\u00e7\u0131\u011f\u0131, m\u0259n d\u0259 bu \u0259sasnam\u0259 il\u0259 tan\u0131\u015f deyil\u0259m. Ona g\u00f6r\u0259 d\u0259 ona hans\u0131 s\u0259lahiyy\u0259tl\u0259rin verildiyi bar\u0259d\u0259 bilgim yoxdur. Amma hesab edir\u0259m ki, y\u0259qin Prezident bunu daha \u00e7ox Qaraba\u011f v\u0259 dig\u0259r m\u00fch\u00fcm, d\u00f6vl\u0259t \u0259h\u0259miyy\u0259tli m\u0259s\u0259l\u0259l\u0259r \u00fcz\u0259rind\u0259 bel\u0259 bir personan\u0131n onun ad\u0131ndan dan\u0131\u015f\u0131qlar aparmas\u0131n\u0131 vacib hesab etdiyin\u0259 g\u00f6r\u0259 bu q\u0259rar\u0131 q\u0259bul edib. Bu da b\u00fct\u00fcn \u00f6lk\u0259l\u0259rd\u0259 olub v\u0259 bu d\u00f6vl\u0259tl\u0259rd\u0259 b\u00fct\u00f6vl\u00fckd\u0259 prezidenti t\u0259msil ed\u0259n \u0259lahidd\u0259 v\u0259ziyy\u0259tl\u0259rd\u0259 onun tap\u015f\u0131r\u0131qlar\u0131n\u0131 h\u0259yata ke\u00e7ir\u0259n \u015f\u0259xsl\u0259rin f\u0259aliyy\u0259t g\u00f6st\u0259rm\u0259si normal q\u0259bul olunan hald\u0131r. Ona g\u00f6r\u0259 d\u0259 y\u0259qin bu istiqam\u0259td\u0259 \u00e7al\u0131\u015fmalar olacaq. Amma h\u0259r halda, bel\u0259 bir \u0259sasnam\u0259 olarsa, orada ba\u015fqa m\u00fcdd\u0259alar da g\u00f6st\u0259ril\u0259 bil\u0259r. Onu bil\u0259nd\u0259n sonra fikir s\u00f6yl\u0259m\u0259k olar. Amma g\u00f6r\u00fcn\u0259n budur ki, daha \u0259lahidd\u0259 d\u00f6vl\u0259t \u0259h\u0259miyy\u0259tli m\u0259s\u0259l\u0259l\u0259rin m\u00fczakir\u0259si \u00fc\u00e7\u00fcn h\u0259m d\u0259 t\u0259cr\u00fcb\u0259li, s\u0131naqlardan \u00e7\u0131xm\u0131\u015f bir \u015f\u0259xsin, x\u00fcsusil\u0259 Qaraba\u011f m\u0259s\u0259l\u0259sind\u0259 kifay\u0259t q\u0259d\u0259r s\u0259m\u0259r\u0259li i\u015fl\u0259r g\u00f6rm\u00fc\u015f bir \u015f\u0259xsin t\u0259yin olunmas\u0131, h\u0259r halda, ondan x\u0259b\u0259r verir ki, daha ciddi, yax\u0131nlarda d\u00f6vl\u0259t \u0259h\u0259miyy\u0259tli m\u0259s\u0259l\u0259l\u0259r m\u00fczakir\u0259 olunacaq. V\u0259 burada da t\u0259msil\u00e7ilik formas\u0131 bu c\u00fcr m\u0259qs\u0259d\u0259uy\u011fun say\u0131l\u0131b\u201d.<\/p>\n<p><strong>Cavan\u015fir ABBASLI,<\/strong><br \/>\n<strong>\u201cYeni M\u00fcsavat\u201d<\/strong><\/p>\n","protected":false},"excerpt":{"rendered":"<p>Fazil Mustafa: \u201cT\u0259cr\u00fcb\u0259li, s\u0131naqlardan \u00e7\u0131xm\u0131\u015f bir \u015f\u0259xsin&#8230;\u201d Prezident Administrasiyas\u0131n\u0131n strukturunda d\u0259yi\u015fiklik olunub. Bel\u0259 ki, Az\u0259rbaycan Respublikas\u0131 Prezidentinin x\u00fcsusi tap\u015f\u0131r\u0131qlar \u00fczr\u0259 n\u00fcmay\u0259nd\u0259si v\u0259zif\u0259si t\u0259sis edilib. Bu d\u0259yi\u015fiklik Prezident Administrasiyas\u0131n\u0131n sayt\u0131nda da \u00f6z \u0259ksini tap\u0131r. Qeyd ed\u0259k ki, Prezident \u0130lham \u018fliyevin S\u0259r\u0259ncam\u0131 il\u0259 iyulun 18-d\u0259 El\u00e7in \u018fmirb\u0259yov h\u0259min v\u0259zif\u0259y\u0259 t\u0259yin edilib. Buna q\u0259d\u0259r E.\u018fmirb\u0259yov Az\u0259rbaycan Respublikas\u0131 Birinci vitse-prezidentinin k\u00f6m\u0259k\u00e7isi v\u0259zif\u0259sini tuturdu. El\u00e7in \u018fmirb\u0259yov u\u011furlu v\u0259 reputasiyas\u0131 t\u0259miz m\u0259murdur, beyn\u0259lxalq siyas\u0259ti kifay\u0259t q\u0259d\u0259r m\u00fck\u0259mm\u0259l bilir. V\u0259t\u0259n m\u00fcharib\u0259si d\u00f6vr\u00fcnd\u0259 beyn\u0259lxalq arenada m\u00fch\u00fcm d\u00f6vl\u0259t g\u00f6r\u0259vl\u0259rini yerin\u0259 yetirib. Onun dosyesini t\u0259qdim edirik: El\u00e7in Oktyabr o\u011flu \u018fmirb\u0259yov&hellip;<\/p>\n","protected":false},"author":2,"featured_media":610071,"comment_status":"closed","ping_status":"closed","sticky":false,"template":"","format":"standard","meta":{"om_disable_all_campaigns":false,"_monsterinsights_skip_tracking":false,"_monsterinsights_sitenote_active":false,"_monsterinsights_sitenote_note":"","_monsterinsights_sitenote_category":0},"categories":[4],"tags":[],"aioseo_notices":[],"gutentor_comment":0,"rttpg_featured_image_url":{"full":["https:\/\/arantv.az\/wp-content\/uploads\/2023\/07\/d1dc1c0936f88164539a96bf58a5c07e.jpg",870,500,false],"landscape":["https:\/\/arantv.az\/wp-content\/uploads\/2023\/07\/d1dc1c0936f88164539a96bf58a5c07e.jpg",870,500,false],"portraits":["https:\/\/arantv.az\/wp-content\/uploads\/2023\/07\/d1dc1c0936f88164539a96bf58a5c07e.jpg",870,500,false],"thumbnail":["https:\/\/arantv.az\/wp-content\/uploads\/2023\/07\/d1dc1c0936f88164539a96bf58a5c07e-500x280.jpg",500,280,true],"medium":["https:\/\/arantv.az\/wp-content\/uploads\/2023\/07\/d1dc1c0936f88164539a96bf58a5c07e-635x365.jpg",635,365,true],"large":["https:\/\/arantv.az\/wp-content\/uploads\/2023\/07\/d1dc1c0936f88164539a96bf58a5c07e-840x483.jpg",640,368,true],"1536x1536":["https:\/\/arantv.az\/wp-content\/uploads\/2023\/07\/d1dc1c0936f88164539a96bf58a5c07e.jpg",870,500,false],"2048x2048":["https:\/\/arantv.az\/wp-content\/uploads\/2023\/07\/d1dc1c0936f88164539a96bf58a5c07e.jpg",870,500,false],"post-thumbnail":["https:\/\/arantv.az\/wp-content\/uploads\/2023\/07\/d1dc1c0936f88164539a96bf58a5c07e-240x172.jpg",240,172,true],"advps-thumb-one":["https:\/\/arantv.az\/wp-content\/uploads\/2023\/07\/d1dc1c0936f88164539a96bf58a5c07e.jpg",870,500,false]},"rttpg_author":{"display_name":"V\u00fcsal Rafiqo\u011flu","author_link":"https:\/\/arantv.az\/?author=2"},"rttpg_comment":0,"rttpg_category":"<a href=\"https:\/\/arantv.az\/?cat=4\" rel=\"category\">Siyas\u0259t<\/a>","rttpg_excerpt":"Fazil Mustafa: \u201cT\u0259cr\u00fcb\u0259li, s\u0131naqlardan \u00e7\u0131xm\u0131\u015f bir \u015f\u0259xsin&#8230;\u201d Prezident Administrasiyas\u0131n\u0131n strukturunda d\u0259yi\u015fiklik olunub. Bel\u0259 ki, Az\u0259rbaycan Respublikas\u0131 Prezidentinin x\u00fcsusi tap\u015f\u0131r\u0131qlar \u00fczr\u0259 n\u00fcmay\u0259nd\u0259si v\u0259zif\u0259si t\u0259sis edilib. Bu d\u0259yi\u015fiklik Prezident Administrasiyas\u0131n\u0131n sayt\u0131nda da \u00f6z \u0259ksini tap\u0131r. Qeyd ed\u0259k ki, Prezident \u0130lham \u018fliyevin S\u0259r\u0259ncam\u0131 il\u0259 iyulun 18-d\u0259 El\u00e7in \u018fmirb\u0259yov h\u0259min v\u0259zif\u0259y\u0259 t\u0259yin edilib. Buna q\u0259d\u0259r E.\u018fmirb\u0259yov Az\u0259rbaycan Respublikas\u0131 Birinci&hellip;","_links":{"self":[{"href":"https:\/\/arantv.az\/index.php?rest_route=\/wp\/v2\/posts\/610070"}],"collection":[{"href":"https:\/\/arantv.az\/index.php?rest_route=\/wp\/v2\/posts"}],"about":[{"href":"https:\/\/arantv.az\/index.php?rest_route=\/wp\/v2\/types\/post"}],"author":[{"embeddable":true,"href":"https:\/\/arantv.az\/index.php?rest_route=\/wp\/v2\/users\/2"}],"replies":[{"embeddable":true,"href":"https:\/\/arantv.az\/index.php?rest_route=%2Fwp%2Fv2%2Fcomments&post=610070"}],"version-history":[{"count":0,"href":"https:\/\/arantv.az\/index.php?rest_route=\/wp\/v2\/posts\/610070\/revisions"}],"wp:featuredmedia":[{"embeddable":true,"href":"https:\/\/arantv.az\/index.php?rest_route=\/wp\/v2\/media\/610071"}],"wp:attachment":[{"href":"https:\/\/arantv.az\/index.php?rest_route=%2Fwp%2Fv2%2Fmedia&parent=610070"}],"wp:term":[{"taxonomy":"category","embeddable":true,"href":"https:\/\/arantv.az\/index.php?rest_route=%2Fwp%2Fv2%2Fcategories&post=610070"},{"taxonomy":"post_tag","embeddable":true,"href":"https:\/\/arantv.az\/index.php?rest_route=%2Fwp%2Fv2%2Ftags&post=610070"}],"curies":[{"name":"wp","href":"https:\/\/api.w.org\/{rel}","templated":true}]}}