{"id":610198,"date":"2023-07-20T14:48:10","date_gmt":"2023-07-20T10:48:10","guid":{"rendered":"https:\/\/arantv.az\/?p=610198"},"modified":"2023-07-20T14:48:10","modified_gmt":"2023-07-20T10:48:10","slug":"gurcustan-19-az%c9%99rbaycan-v%c9%99t%c9%99ndasini-deportasiya-edib","status":"publish","type":"post","link":"https:\/\/arantv.az\/?p=610198","title":{"rendered":"G\u00fcrc\u00fcstan 19 Az\u0259rbaycan v\u0259t\u0259nda\u015f\u0131n\u0131 deportasiya edib"},"content":{"rendered":"<p>G\u00fcrc\u00fcstan bu ilin ikinci r\u00fcb\u00fcnd\u0259 19 Az\u0259rbaycan v\u0259t\u0259nda\u015f\u0131n\u0131 deportasiya edib.<\/p>\n<p>APA-n\u0131n Tbilisi m\u00fcxbiri x\u0259b\u0259r verir ki, bu bar\u0259d\u0259 G\u00fcrc\u00fcstan Daxili \u0130\u015fl\u0259r Nazirliyinin (D\u0130N) r\u00fcbl\u00fck hesabat\u0131nda bildirilib.<\/p>\n<p>Qeyd olunub ki, \u00f6lk\u0259d\u0259n \u00e7\u0131xar\u0131lan Az\u0259rbaycan v\u0259t\u0259nda\u015flar\u0131ndan 10-u yetkinlik ya\u015f\u0131na \u00e7atmayan, 2-si 18-25 ya\u015f aral\u0131\u011f\u0131ndan, 3-\u00fc 26-40 ya\u015f aral\u0131\u011f\u0131ndan, 4-\u00fc is\u0259 41-65 ya\u015f aral\u0131\u011f\u0131ndand\u0131r.<\/p>\n<p>\u00dcmumilikd\u0259, aprel-iyun aylar\u0131 \u0259rzind\u0259 G\u00fcrc\u00fcstandan deportasiya edil\u0259n Az\u0259rbaycan v\u0259t\u0259nda\u015flar\u0131ndan 12-si qad\u0131n, 7-si is\u0259 ki\u015fi olub.<\/p>\n<p>Statistikaya \u0259sas\u0259n, bu il G\u00fcrc\u00fcstandan \u00fcmumilikd\u0259 32 Az\u0259rbaycan v\u0259t\u0259nda\u015f\u0131 deportasiya edilib.<\/p>\n<p>Cari ilin birinci yar\u0131s\u0131nda G\u00fcrc\u00fcstandan \u0259n \u00e7ox deportasiya edil\u0259nl\u0259r Az\u0259rbaycan v\u0259t\u0259nda\u015flar\u0131 olublar.<\/p>\n","protected":false},"excerpt":{"rendered":"<p>G\u00fcrc\u00fcstan bu ilin ikinci r\u00fcb\u00fcnd\u0259 19 Az\u0259rbaycan v\u0259t\u0259nda\u015f\u0131n\u0131 deportasiya edib. APA-n\u0131n Tbilisi m\u00fcxbiri x\u0259b\u0259r verir ki, bu bar\u0259d\u0259 G\u00fcrc\u00fcstan Daxili \u0130\u015fl\u0259r Nazirliyinin (D\u0130N) r\u00fcbl\u00fck hesabat\u0131nda bildirilib. Qeyd olunub ki, \u00f6lk\u0259d\u0259n \u00e7\u0131xar\u0131lan Az\u0259rbaycan v\u0259t\u0259nda\u015flar\u0131ndan 10-u yetkinlik ya\u015f\u0131na \u00e7atmayan, 2-si 18-25 ya\u015f aral\u0131\u011f\u0131ndan, 3-\u00fc 26-40 ya\u015f aral\u0131\u011f\u0131ndan, 4-\u00fc is\u0259 41-65 ya\u015f aral\u0131\u011f\u0131ndand\u0131r. \u00dcmumilikd\u0259, aprel-iyun aylar\u0131 \u0259rzind\u0259 G\u00fcrc\u00fcstandan deportasiya edil\u0259n Az\u0259rbaycan v\u0259t\u0259nda\u015flar\u0131ndan 12-si qad\u0131n, 7-si is\u0259 ki\u015fi olub. Statistikaya \u0259sas\u0259n, bu il G\u00fcrc\u00fcstandan \u00fcmumilikd\u0259 32 Az\u0259rbaycan v\u0259t\u0259nda\u015f\u0131 deportasiya edilib. Cari ilin birinci yar\u0131s\u0131nda G\u00fcrc\u00fcstandan \u0259n \u00e7ox deportasiya edil\u0259nl\u0259r Az\u0259rbaycan v\u0259t\u0259nda\u015flar\u0131 olublar.<\/p>\n","protected":false},"author":2,"featured_media":610199,"comment_status":"closed","ping_status":"closed","sticky":false,"template":"","format":"standard","meta":{"om_disable_all_campaigns":false,"_monsterinsights_skip_tracking":false,"_monsterinsights_sitenote_active":false,"_monsterinsights_sitenote_note":"","_monsterinsights_sitenote_category":0},"categories":[1],"tags":[],"aioseo_notices":[],"gutentor_comment":0,"rttpg_featured_image_url":{"full":["https:\/\/arantv.az\/wp-content\/uploads\/2023\/07\/FotoJet-2021-09-14T100908.665.jpg",620,413,false],"landscape":["https:\/\/arantv.az\/wp-content\/uploads\/2023\/07\/FotoJet-2021-09-14T100908.665.jpg",620,413,false],"portraits":["https:\/\/arantv.az\/wp-content\/uploads\/2023\/07\/FotoJet-2021-09-14T100908.665.jpg",620,413,false],"thumbnail":["https:\/\/arantv.az\/wp-content\/uploads\/2023\/07\/FotoJet-2021-09-14T100908.665-500x280.jpg",500,280,true],"medium":["https:\/\/arantv.az\/wp-content\/uploads\/2023\/07\/FotoJet-2021-09-14T100908.665-548x365.jpg",548,365,true],"large":["https:\/\/arantv.az\/wp-content\/uploads\/2023\/07\/FotoJet-2021-09-14T100908.665.jpg",620,413,false],"1536x1536":["https:\/\/arantv.az\/wp-content\/uploads\/2023\/07\/FotoJet-2021-09-14T100908.665.jpg",620,413,false],"2048x2048":["https:\/\/arantv.az\/wp-content\/uploads\/2023\/07\/FotoJet-2021-09-14T100908.665.jpg",620,413,false],"post-thumbnail":["https:\/\/arantv.az\/wp-content\/uploads\/2023\/07\/FotoJet-2021-09-14T100908.665-240x172.jpg",240,172,true],"advps-thumb-one":["https:\/\/arantv.az\/wp-content\/uploads\/2023\/07\/FotoJet-2021-09-14T100908.665.jpg",620,413,false]},"rttpg_author":{"display_name":"V\u00fcsal Rafiqo\u011flu","author_link":"https:\/\/arantv.az\/?author=2"},"rttpg_comment":0,"rttpg_category":"<a href=\"https:\/\/arantv.az\/?cat=1\" rel=\"category\">C\u0259miyy\u0259t<\/a>","rttpg_excerpt":"G\u00fcrc\u00fcstan bu ilin ikinci r\u00fcb\u00fcnd\u0259 19 Az\u0259rbaycan v\u0259t\u0259nda\u015f\u0131n\u0131 deportasiya edib. APA-n\u0131n Tbilisi m\u00fcxbiri x\u0259b\u0259r verir ki, bu bar\u0259d\u0259 G\u00fcrc\u00fcstan Daxili \u0130\u015fl\u0259r Nazirliyinin (D\u0130N) r\u00fcbl\u00fck hesabat\u0131nda bildirilib. Qeyd olunub ki, \u00f6lk\u0259d\u0259n \u00e7\u0131xar\u0131lan Az\u0259rbaycan v\u0259t\u0259nda\u015flar\u0131ndan 10-u yetkinlik ya\u015f\u0131na \u00e7atmayan, 2-si 18-25 ya\u015f aral\u0131\u011f\u0131ndan, 3-\u00fc 26-40 ya\u015f aral\u0131\u011f\u0131ndan, 4-\u00fc is\u0259 41-65 ya\u015f aral\u0131\u011f\u0131ndand\u0131r. \u00dcmumilikd\u0259, aprel-iyun aylar\u0131 \u0259rzind\u0259 G\u00fcrc\u00fcstandan&hellip;","_links":{"self":[{"href":"https:\/\/arantv.az\/index.php?rest_route=\/wp\/v2\/posts\/610198"}],"collection":[{"href":"https:\/\/arantv.az\/index.php?rest_route=\/wp\/v2\/posts"}],"about":[{"href":"https:\/\/arantv.az\/index.php?rest_route=\/wp\/v2\/types\/post"}],"author":[{"embeddable":true,"href":"https:\/\/arantv.az\/index.php?rest_route=\/wp\/v2\/users\/2"}],"replies":[{"embeddable":true,"href":"https:\/\/arantv.az\/index.php?rest_route=%2Fwp%2Fv2%2Fcomments&post=610198"}],"version-history":[{"count":0,"href":"https:\/\/arantv.az\/index.php?rest_route=\/wp\/v2\/posts\/610198\/revisions"}],"wp:featuredmedia":[{"embeddable":true,"href":"https:\/\/arantv.az\/index.php?rest_route=\/wp\/v2\/media\/610199"}],"wp:attachment":[{"href":"https:\/\/arantv.az\/index.php?rest_route=%2Fwp%2Fv2%2Fmedia&parent=610198"}],"wp:term":[{"taxonomy":"category","embeddable":true,"href":"https:\/\/arantv.az\/index.php?rest_route=%2Fwp%2Fv2%2Fcategories&post=610198"},{"taxonomy":"post_tag","embeddable":true,"href":"https:\/\/arantv.az\/index.php?rest_route=%2Fwp%2Fv2%2Ftags&post=610198"}],"curies":[{"name":"wp","href":"https:\/\/api.w.org\/{rel}","templated":true}]}}