{"id":610204,"date":"2023-07-20T15:21:51","date_gmt":"2023-07-20T11:21:51","guid":{"rendered":"https:\/\/arantv.az\/?p=610204"},"modified":"2023-07-20T15:21:51","modified_gmt":"2023-07-20T11:21:51","slug":"ilham-%c9%99liyev-%c9%99hm%c9%99db%c9%99yli-fuzuli-susa-avtomobil-yolunun-27-kilometrlik-hiss%c9%99sinin-tikintisi-il%c9%99-tanis-olub","status":"publish","type":"post","link":"https:\/\/arantv.az\/?p=610204","title":{"rendered":"\u0130lham \u018fliyev \u018fhm\u0259db\u0259yli-F\u00fczuli-\u015eu\u015fa avtomobil yolunun 27 kilometrlik hiss\u0259sinin tikintisi il\u0259 tan\u0131\u015f olub"},"content":{"rendered":"<p>Az\u0259rbaycan Respublikas\u0131n\u0131n Prezidenti\u00a0<strong>\u0130lham \u018fliyev<\/strong>\u00a0iyulun 20-d\u0259 F\u00fczuli rayonunda olub.<\/p>\n<p><a href=\"https:\/\/azertag.az\/xeber\/Prezident_Ilham_Aliyev_Ahmedbeyli_Fuzuli_Susa_avtomobil_yolunun_27_kilometrlik_hissesinin_tikintisi_ile_tanis_olub_YENILANACAK-2701516\" target=\"_blank\" rel=\"noopener\">AZ\u018fRTAC<\/a>\u00a0x\u0259b\u0259r verir ki, d\u00f6vl\u0259timizin ba\u015f\u00e7\u0131s\u0131 1-ci texniki d\u0259r\u0259c\u0259li \u018fhm\u0259db\u0259yli-F\u00fczuli-\u015eu\u015fa avtomobil yolunun F\u00fczuli Beyn\u0259lxalq Hava Liman\u0131na q\u0259d\u0259r olan 27 kilometrlik hiss\u0259sinin tikintisi il\u0259 tan\u0131\u015f olub.<\/p>\n","protected":false},"excerpt":{"rendered":"<p>Az\u0259rbaycan Respublikas\u0131n\u0131n Prezidenti\u00a0\u0130lham \u018fliyev\u00a0iyulun 20-d\u0259 F\u00fczuli rayonunda olub. AZ\u018fRTAC\u00a0x\u0259b\u0259r verir ki, d\u00f6vl\u0259timizin ba\u015f\u00e7\u0131s\u0131 1-ci texniki d\u0259r\u0259c\u0259li \u018fhm\u0259db\u0259yli-F\u00fczuli-\u015eu\u015fa avtomobil yolunun F\u00fczuli Beyn\u0259lxalq Hava Liman\u0131na q\u0259d\u0259r olan 27 kilometrlik hiss\u0259sinin tikintisi il\u0259 tan\u0131\u015f olub.<\/p>\n","protected":false},"author":2,"featured_media":610205,"comment_status":"closed","ping_status":"closed","sticky":false,"template":"","format":"standard","meta":{"om_disable_all_campaigns":false,"_monsterinsights_skip_tracking":false,"_monsterinsights_sitenote_active":false,"_monsterinsights_sitenote_note":"","_monsterinsights_sitenote_category":0},"categories":[4],"tags":[],"aioseo_notices":[],"gutentor_comment":0,"rttpg_featured_image_url":{"full":["https:\/\/arantv.az\/wp-content\/uploads\/2023\/07\/6458fc839a1266458fc839a12716835534116458fc839a1236458fc839a124.jpg",620,413,false],"landscape":["https:\/\/arantv.az\/wp-content\/uploads\/2023\/07\/6458fc839a1266458fc839a12716835534116458fc839a1236458fc839a124.jpg",620,413,false],"portraits":["https:\/\/arantv.az\/wp-content\/uploads\/2023\/07\/6458fc839a1266458fc839a12716835534116458fc839a1236458fc839a124.jpg",620,413,false],"thumbnail":["https:\/\/arantv.az\/wp-content\/uploads\/2023\/07\/6458fc839a1266458fc839a12716835534116458fc839a1236458fc839a124-500x280.jpg",500,280,true],"medium":["https:\/\/arantv.az\/wp-content\/uploads\/2023\/07\/6458fc839a1266458fc839a12716835534116458fc839a1236458fc839a124-548x365.jpg",548,365,true],"large":["https:\/\/arantv.az\/wp-content\/uploads\/2023\/07\/6458fc839a1266458fc839a12716835534116458fc839a1236458fc839a124.jpg",620,413,false],"1536x1536":["https:\/\/arantv.az\/wp-content\/uploads\/2023\/07\/6458fc839a1266458fc839a12716835534116458fc839a1236458fc839a124.jpg",620,413,false],"2048x2048":["https:\/\/arantv.az\/wp-content\/uploads\/2023\/07\/6458fc839a1266458fc839a12716835534116458fc839a1236458fc839a124.jpg",620,413,false],"post-thumbnail":["https:\/\/arantv.az\/wp-content\/uploads\/2023\/07\/6458fc839a1266458fc839a12716835534116458fc839a1236458fc839a124-240x172.jpg",240,172,true],"advps-thumb-one":["https:\/\/arantv.az\/wp-content\/uploads\/2023\/07\/6458fc839a1266458fc839a12716835534116458fc839a1236458fc839a124.jpg",620,413,false]},"rttpg_author":{"display_name":"V\u00fcsal Rafiqo\u011flu","author_link":"https:\/\/arantv.az\/?author=2"},"rttpg_comment":0,"rttpg_category":"<a href=\"https:\/\/arantv.az\/?cat=4\" rel=\"category\">Siyas\u0259t<\/a>","rttpg_excerpt":"Az\u0259rbaycan Respublikas\u0131n\u0131n Prezidenti\u00a0\u0130lham \u018fliyev\u00a0iyulun 20-d\u0259 F\u00fczuli rayonunda olub. AZ\u018fRTAC\u00a0x\u0259b\u0259r verir ki, d\u00f6vl\u0259timizin ba\u015f\u00e7\u0131s\u0131 1-ci texniki d\u0259r\u0259c\u0259li \u018fhm\u0259db\u0259yli-F\u00fczuli-\u015eu\u015fa avtomobil yolunun F\u00fczuli Beyn\u0259lxalq Hava Liman\u0131na q\u0259d\u0259r olan 27 kilometrlik hiss\u0259sinin tikintisi il\u0259 tan\u0131\u015f olub.","_links":{"self":[{"href":"https:\/\/arantv.az\/index.php?rest_route=\/wp\/v2\/posts\/610204"}],"collection":[{"href":"https:\/\/arantv.az\/index.php?rest_route=\/wp\/v2\/posts"}],"about":[{"href":"https:\/\/arantv.az\/index.php?rest_route=\/wp\/v2\/types\/post"}],"author":[{"embeddable":true,"href":"https:\/\/arantv.az\/index.php?rest_route=\/wp\/v2\/users\/2"}],"replies":[{"embeddable":true,"href":"https:\/\/arantv.az\/index.php?rest_route=%2Fwp%2Fv2%2Fcomments&post=610204"}],"version-history":[{"count":0,"href":"https:\/\/arantv.az\/index.php?rest_route=\/wp\/v2\/posts\/610204\/revisions"}],"wp:featuredmedia":[{"embeddable":true,"href":"https:\/\/arantv.az\/index.php?rest_route=\/wp\/v2\/media\/610205"}],"wp:attachment":[{"href":"https:\/\/arantv.az\/index.php?rest_route=%2Fwp%2Fv2%2Fmedia&parent=610204"}],"wp:term":[{"taxonomy":"category","embeddable":true,"href":"https:\/\/arantv.az\/index.php?rest_route=%2Fwp%2Fv2%2Fcategories&post=610204"},{"taxonomy":"post_tag","embeddable":true,"href":"https:\/\/arantv.az\/index.php?rest_route=%2Fwp%2Fv2%2Ftags&post=610204"}],"curies":[{"name":"wp","href":"https:\/\/api.w.org\/{rel}","templated":true}]}}