{"id":610207,"date":"2023-07-20T15:24:58","date_gmt":"2023-07-20T11:24:58","guid":{"rendered":"https:\/\/arantv.az\/?p=610207"},"modified":"2023-07-20T15:24:58","modified_gmt":"2023-07-20T11:24:58","slug":"internet-x%c9%99tl%c9%99rinin-c%c9%99kildiyi-cuxurda-kisi-meyiti-tapildi","status":"publish","type":"post","link":"https:\/\/arantv.az\/?p=610207","title":{"rendered":"\u0130nternet x\u0259tl\u0259rinin \u00e7\u0259kildiyi \u00e7uxurda ki\u015fi meyiti tap\u0131ld\u0131"},"content":{"rendered":"<p>\u0130smay\u0131ll\u0131 rayonunun Diyall\u0131 k\u0259ndi \u0259razisind\u0259 internet x\u0259tl\u0259rinin \u00e7\u0259kildiyi \u00e7uxurda ki\u015fi meyiti a\u015fkar edilib.<\/p>\n<p><strong>ARANTV.AZ<\/strong>-\u0131n m\u0259lumat\u0131na g\u00f6r\u0259, hadis\u0259 bu g\u00fcn ba\u015f verib.<\/p>\n<p>Daxili \u0130\u015fl\u0259r Nazirliyinin M\u0259tbuat Xidm\u0259tinin \u015e\u0259ki regional qrupunun ba\u015f inspektoru, polis kapitan\u0131\u00a0<strong>Mahir M\u0259simov <\/strong>Oxu.Az-a a\u00e7\u0131qlamas\u0131nda bildirib ki, bu g\u00fcn s\u0259h\u0259r saatlar\u0131nda \u0130smay\u0131ll\u0131 rayonunun Diyall\u0131 k\u0259ndi \u0259razisind\u0259 t\u0259xmin\u0259n 30-40 ya\u015flar\u0131nda oldu\u011fu ehtimal edil\u0259n ki\u015fi meyiti a\u015fkarlan\u0131b:<\/p>\n<p>\u201cMeyit m\u00fcayin\u0259 olunmas\u0131 \u00fc\u00e7\u00fcn M\u0259hk\u0259m\u0259-Tibbi Ekspertiza v\u0259 Patoloji Anatomiya Birliyin\u0259 t\u0259hvil verilib. Haz\u0131rda onun \u015f\u0259xsiyy\u0259tinin m\u00fc\u0259yy\u0259n edilm\u0259si istiqam\u0259tind\u0259 t\u0259dbirl\u0259r ke\u00e7irilir\u201d.<\/p>\n","protected":false},"excerpt":{"rendered":"<p>\u0130smay\u0131ll\u0131 rayonunun Diyall\u0131 k\u0259ndi \u0259razisind\u0259 internet x\u0259tl\u0259rinin \u00e7\u0259kildiyi \u00e7uxurda ki\u015fi meyiti a\u015fkar edilib. ARANTV.AZ-\u0131n m\u0259lumat\u0131na g\u00f6r\u0259, hadis\u0259 bu g\u00fcn ba\u015f verib. Daxili \u0130\u015fl\u0259r Nazirliyinin M\u0259tbuat Xidm\u0259tinin \u015e\u0259ki regional qrupunun ba\u015f inspektoru, polis kapitan\u0131\u00a0Mahir M\u0259simov Oxu.Az-a a\u00e7\u0131qlamas\u0131nda bildirib ki, bu g\u00fcn s\u0259h\u0259r saatlar\u0131nda \u0130smay\u0131ll\u0131 rayonunun Diyall\u0131 k\u0259ndi \u0259razisind\u0259 t\u0259xmin\u0259n 30-40 ya\u015flar\u0131nda oldu\u011fu ehtimal edil\u0259n ki\u015fi meyiti a\u015fkarlan\u0131b: \u201cMeyit m\u00fcayin\u0259 olunmas\u0131 \u00fc\u00e7\u00fcn M\u0259hk\u0259m\u0259-Tibbi Ekspertiza v\u0259 Patoloji Anatomiya Birliyin\u0259 t\u0259hvil verilib. Haz\u0131rda onun \u015f\u0259xsiyy\u0259tinin m\u00fc\u0259yy\u0259n edilm\u0259si istiqam\u0259tind\u0259 t\u0259dbirl\u0259r ke\u00e7irilir\u201d.<\/p>\n","protected":false},"author":2,"featured_media":610208,"comment_status":"closed","ping_status":"closed","sticky":false,"template":"","format":"standard","meta":{"om_disable_all_campaigns":false,"_monsterinsights_skip_tracking":false,"_monsterinsights_sitenote_active":false,"_monsterinsights_sitenote_note":"","_monsterinsights_sitenote_category":0},"categories":[5],"tags":[],"aioseo_notices":[],"gutentor_comment":0,"rttpg_featured_image_url":{"full":["https:\/\/arantv.az\/wp-content\/uploads\/2023\/07\/FotoJet-2023-07-20T150659.189.jpg",620,413,false],"landscape":["https:\/\/arantv.az\/wp-content\/uploads\/2023\/07\/FotoJet-2023-07-20T150659.189.jpg",620,413,false],"portraits":["https:\/\/arantv.az\/wp-content\/uploads\/2023\/07\/FotoJet-2023-07-20T150659.189.jpg",620,413,false],"thumbnail":["https:\/\/arantv.az\/wp-content\/uploads\/2023\/07\/FotoJet-2023-07-20T150659.189-500x280.jpg",500,280,true],"medium":["https:\/\/arantv.az\/wp-content\/uploads\/2023\/07\/FotoJet-2023-07-20T150659.189-548x365.jpg",548,365,true],"large":["https:\/\/arantv.az\/wp-content\/uploads\/2023\/07\/FotoJet-2023-07-20T150659.189.jpg",620,413,false],"1536x1536":["https:\/\/arantv.az\/wp-content\/uploads\/2023\/07\/FotoJet-2023-07-20T150659.189.jpg",620,413,false],"2048x2048":["https:\/\/arantv.az\/wp-content\/uploads\/2023\/07\/FotoJet-2023-07-20T150659.189.jpg",620,413,false],"post-thumbnail":["https:\/\/arantv.az\/wp-content\/uploads\/2023\/07\/FotoJet-2023-07-20T150659.189-240x172.jpg",240,172,true],"advps-thumb-one":["https:\/\/arantv.az\/wp-content\/uploads\/2023\/07\/FotoJet-2023-07-20T150659.189.jpg",620,413,false]},"rttpg_author":{"display_name":"V\u00fcsal Rafiqo\u011flu","author_link":"https:\/\/arantv.az\/?author=2"},"rttpg_comment":0,"rttpg_category":"<a href=\"https:\/\/arantv.az\/?cat=5\" rel=\"category\">Hadis\u0259<\/a>","rttpg_excerpt":"\u0130smay\u0131ll\u0131 rayonunun Diyall\u0131 k\u0259ndi \u0259razisind\u0259 internet x\u0259tl\u0259rinin \u00e7\u0259kildiyi \u00e7uxurda ki\u015fi meyiti a\u015fkar edilib. ARANTV.AZ-\u0131n m\u0259lumat\u0131na g\u00f6r\u0259, hadis\u0259 bu g\u00fcn ba\u015f verib. Daxili \u0130\u015fl\u0259r Nazirliyinin M\u0259tbuat Xidm\u0259tinin \u015e\u0259ki regional qrupunun ba\u015f inspektoru, polis kapitan\u0131\u00a0Mahir M\u0259simov Oxu.Az-a a\u00e7\u0131qlamas\u0131nda bildirib ki, bu g\u00fcn s\u0259h\u0259r saatlar\u0131nda \u0130smay\u0131ll\u0131 rayonunun Diyall\u0131 k\u0259ndi \u0259razisind\u0259 t\u0259xmin\u0259n 30-40 ya\u015flar\u0131nda oldu\u011fu ehtimal edil\u0259n ki\u015fi meyiti&hellip;","_links":{"self":[{"href":"https:\/\/arantv.az\/index.php?rest_route=\/wp\/v2\/posts\/610207"}],"collection":[{"href":"https:\/\/arantv.az\/index.php?rest_route=\/wp\/v2\/posts"}],"about":[{"href":"https:\/\/arantv.az\/index.php?rest_route=\/wp\/v2\/types\/post"}],"author":[{"embeddable":true,"href":"https:\/\/arantv.az\/index.php?rest_route=\/wp\/v2\/users\/2"}],"replies":[{"embeddable":true,"href":"https:\/\/arantv.az\/index.php?rest_route=%2Fwp%2Fv2%2Fcomments&post=610207"}],"version-history":[{"count":0,"href":"https:\/\/arantv.az\/index.php?rest_route=\/wp\/v2\/posts\/610207\/revisions"}],"wp:featuredmedia":[{"embeddable":true,"href":"https:\/\/arantv.az\/index.php?rest_route=\/wp\/v2\/media\/610208"}],"wp:attachment":[{"href":"https:\/\/arantv.az\/index.php?rest_route=%2Fwp%2Fv2%2Fmedia&parent=610207"}],"wp:term":[{"taxonomy":"category","embeddable":true,"href":"https:\/\/arantv.az\/index.php?rest_route=%2Fwp%2Fv2%2Fcategories&post=610207"},{"taxonomy":"post_tag","embeddable":true,"href":"https:\/\/arantv.az\/index.php?rest_route=%2Fwp%2Fv2%2Ftags&post=610207"}],"curies":[{"name":"wp","href":"https:\/\/api.w.org\/{rel}","templated":true}]}}